{"id":1751,"date":"2026-03-03T13:51:47","date_gmt":"2026-03-03T12:51:47","guid":{"rendered":"https:\/\/us.edu.pl\/instytut\/ipo\/?p=1751"},"modified":"2026-03-03T13:51:47","modified_gmt":"2026-03-03T12:51:47","slug":"otwarte-seminarium-polonistyczne-z-piotrem-gorlinskim-kucikiem","status":"publish","type":"post","link":"https:\/\/us.edu.pl\/instytut\/ipo\/2026\/03\/03\/otwarte-seminarium-polonistyczne-z-piotrem-gorlinskim-kucikiem\/","title":{"rendered":"Otwarte Seminarium Polonistyczne z Piotrem Gorli\u0144skim-Kucikiem"},"content":{"rendered":"<p>[vc_row][vc_column width=&#8221;2\/3&#8243;]\r\n                <div class=\"text-modules\">\r\n                    <div class=\"container\">\r\n                        \r\n                        <div class=\"text-modules__content\"><p><span style=\"font-size: 12pt;\"><strong>Data wydarzenia<\/strong>: 6 marca 2026 r.<\/span><\/p>\n<p><span style=\"font-size: 12pt;\"><strong>Godzina<\/strong>: 11:30<\/span><\/p>\n<p><span style=\"font-size: 12pt;\"><strong>Kategoria tematyczna<\/strong>: seminarium<\/span><\/p>\n<p><span style=\"font-size: 12pt;\">W pi\u0105tek, 6 marca 2026 roku, o godzinie 11.30 w Sali Zbigniewa Jerzego Nowaka (B1.18) odb\u0119dzie si\u0119 kolejne Otwarte Seminarium Polonistyczne z <a href=\"https:\/\/us.edu.pl\/instytut\/ipo\/pracownicy\/piotr-gorlinski-kucik\/\" target=\"_blank\" rel=\"noopener noreferrer\">dr. Piotrem Gorli\u0144skim-Kucikiem<\/a>, pracownikiem Instytutu Polonistyki.\u00a0Seminarium po\u015bwi\u0119cone zostanie ksi\u0105\u017cce <em>\u201eJutro&#8221;. SF jako spos\u00f3b my\u015blenia<\/em> opublikowanej przez Wydawnictwo Uniwersytetu \u015al\u0105skiego.\u00a0<\/span><\/p>\n<p><span style=\"font-size: 12pt;\">Rozmow\u0119 z Autorem poprowadz\u0105 profesorowie <a href=\"https:\/\/us.edu.pl\/instytut\/ipo\/pracownicy\/mariusz-jochemczyk\/\" target=\"_blank\" rel=\"noopener noreferrer\">Mariusz Jochemczyk<\/a> i <a href=\"https:\/\/us.edu.pl\/instytut\/il\/osoby\/wojciech-smieja\/\" target=\"_blank\" rel=\"noopener noreferrer\">Wojciech \u015amieja.<\/a><\/span><\/p>\n<p><span style=\"font-size: 12pt;\">Serdecznie zapraszamy do udzia\u0142u wszystkich zainteresowanych!<\/span><\/p>\n<p><span style=\"font-size: 12pt;\">Ksi\u0105\u017cka <em>\u201eJutro\u201d. SF jako spos\u00f3b my\u015blenia<\/em> jest po\u015bwi\u0119cona fantastyce naukowej traktowanej przede wszystkim w kategoriach sposobu my\u015blenia, kt\u00f3ry charakteryzuje wieloj\u0119zyczno\u015b\u0107 (swobodne korzystanie zar\u00f3wno z j\u0119zyka nauk humanistycznych, jak i z j\u0119zyka nauk \u015bcis\u0142ych). Tak rozumiana science fiction okazuje si\u0119 przydatna do uodparniania nas, \u017cyj\u0105cych w XXI wieku, na naprzemienne progresy i kryzysy oraz na szoki przysz\u0142o\u015bci. Poza tym SF stanowi krytyk\u0119 technologii i cz\u0119sto diagnozuje tera\u017aniejsze oznaki nadchodz\u0105cych zjawisk i proces\u00f3w (np. postpi\u015bmienno\u015b\u0107, wirtualn\u0105 rzeczywisto\u015b\u0107, AI), a nawet projektuje pewne rozwi\u0105zania (jak robi\u0105 to anarchotranshumani\u015bci czy techgnostycy).<\/span><\/p>\n<\/div>\r\n                    <\/div>\r\n                <\/div>[\/vc_column][vc_column width=&#8221;1\/3&#8243;]\r\n                <div class=\"text-modules\">\r\n                    <div class=\"container\">\r\n                        \r\n                        <div class=\"text-modules__content\"><p><img class=\"alignnone wp-image-1752\" src=\"http:\/\/us.edu.pl\/instytut\/ipo\/wp-content\/uploads\/sites\/74\/Bez-kategorii\/jutro-okladka-1-210x300.jpg\" alt=\"ok\u0142adka ksia\u017cki w kolorze bia\u0142ym z czarnymi rysunkami miasta\" width=\"326\" height=\"466\" srcset=\"https:\/\/us.edu.pl\/instytut\/ipo\/wp-content\/uploads\/sites\/74\/Bez-kategorii\/jutro-okladka-1-210x300.jpg 210w, https:\/\/us.edu.pl\/instytut\/ipo\/wp-content\/uploads\/sites\/74\/Bez-kategorii\/jutro-okladka-1-717x1024.jpg 717w, https:\/\/us.edu.pl\/instytut\/ipo\/wp-content\/uploads\/sites\/74\/Bez-kategorii\/jutro-okladka-1-768x1097.jpg 768w, https:\/\/us.edu.pl\/instytut\/ipo\/wp-content\/uploads\/sites\/74\/Bez-kategorii\/jutro-okladka-1-1075x1536.jpg 1075w, https:\/\/us.edu.pl\/instytut\/ipo\/wp-content\/uploads\/sites\/74\/Bez-kategorii\/jutro-okladka-1-1433x2048.jpg 1433w, https:\/\/us.edu.pl\/instytut\/ipo\/wp-content\/uploads\/sites\/74\/Bez-kategorii\/jutro-okladka-1-402x575.jpg 402w, https:\/\/us.edu.pl\/instytut\/ipo\/wp-content\/uploads\/sites\/74\/Bez-kategorii\/jutro-okladka-1-scaled.jpg 1792w\" sizes=\"(max-width: 326px) 100vw, 326px\" \/><\/p>\n<\/div>\r\n                    <\/div>\r\n                <\/div>[\/vc_column][\/vc_row]<\/p>","protected":false},"excerpt":{"rendered":"<p>[vc_row][vc_column width=&#8221;2\/3&#8243;][\/vc_column][vc_column width=&#8221;1\/3&#8243;][\/vc_column][\/vc_row] [&#8230;]<\/p>\n<p><a class=\"btn btn-secondary understrap-read-more-link\" href=\"https:\/\/us.edu.pl\/instytut\/ipo\/2026\/03\/03\/otwarte-seminarium-polonistyczne-z-piotrem-gorlinskim-kucikiem\/\">Read More&#8230;<\/a><\/p>\n","protected":false},"author":2113,"featured_media":1753,"comment_status":"closed","ping_status":"open","sticky":false,"template":"","format":"standard","meta":{"_expiration-date-status":"","_expiration-date":0,"_expiration-date-type":"","_expiration-date-categories":[],"_expiration-date-options":[]},"categories":[5,6],"tags":[20],"acf":[],"_links":{"self":[{"href":"https:\/\/us.edu.pl\/instytut\/ipo\/wp-json\/wp\/v2\/posts\/1751"}],"collection":[{"href":"https:\/\/us.edu.pl\/instytut\/ipo\/wp-json\/wp\/v2\/posts"}],"about":[{"href":"https:\/\/us.edu.pl\/instytut\/ipo\/wp-json\/wp\/v2\/types\/post"}],"author":[{"embeddable":true,"href":"https:\/\/us.edu.pl\/instytut\/ipo\/wp-json\/wp\/v2\/users\/2113"}],"replies":[{"embeddable":true,"href":"https:\/\/us.edu.pl\/instytut\/ipo\/wp-json\/wp\/v2\/comments?post=1751"}],"version-history":[{"count":1,"href":"https:\/\/us.edu.pl\/instytut\/ipo\/wp-json\/wp\/v2\/posts\/1751\/revisions"}],"predecessor-version":[{"id":1754,"href":"https:\/\/us.edu.pl\/instytut\/ipo\/wp-json\/wp\/v2\/posts\/1751\/revisions\/1754"}],"wp:featuredmedia":[{"embeddable":true,"href":"https:\/\/us.edu.pl\/instytut\/ipo\/wp-json\/wp\/v2\/media\/1753"}],"wp:attachment":[{"href":"https:\/\/us.edu.pl\/instytut\/ipo\/wp-json\/wp\/v2\/media?parent=1751"}],"wp:term":[{"taxonomy":"category","embeddable":true,"href":"https:\/\/us.edu.pl\/instytut\/ipo\/wp-json\/wp\/v2\/categories?post=1751"},{"taxonomy":"post_tag","embeddable":true,"href":"https:\/\/us.edu.pl\/instytut\/ipo\/wp-json\/wp\/v2\/tags?post=1751"}],"curies":[{"name":"wp","href":"https:\/\/api.w.org\/{rel}","templated":true}]}}