{"id":435,"date":"2023-11-28T09:34:05","date_gmt":"2023-11-28T08:34:05","guid":{"rendered":"https:\/\/us.edu.pl\/instytut\/ipo\/?p=435"},"modified":"2023-11-28T09:34:05","modified_gmt":"2023-11-28T08:34:05","slug":"pracownicy-instytutu-polonistyki-w-komitecie-nauk-o-literaturze-pan","status":"publish","type":"post","link":"https:\/\/us.edu.pl\/instytut\/ipo\/2023\/11\/28\/pracownicy-instytutu-polonistyki-w-komitecie-nauk-o-literaturze-pan\/","title":{"rendered":"Pracownicy Instytutu Polonistyki w Komitecie Nauk o Literaturze PAN"},"content":{"rendered":"<p>[vc_row][vc_column width=&#8221;2\/3&#8243; css=&#8221;.vc_custom_1701160328222{border-right-width: 3px !important;background-color: #eaeaea !important;border-right-color: #218cd3 !important;border-right-style: solid !important;border-radius: 3px !important;}&#8221;]\r\n                <div class=\"text-modules\">\r\n                    <div class=\"container\">\r\n                        \r\n                        <div class=\"text-modules__content\"><\/p>\n<p style=\"text-align: justify;\">24 listopada 2023 roku zako\u0144czy\u0142y si\u0119 wybory do Komitet\u00f3w Naukowych Polskiej Akademii Nauk rozpoczynaj\u0105cych swoj\u0105 kadencj\u0119 w 2024 roku. W sk\u0142ad Komitetu Nauk o Literaturze wybrani zostali pracownicy Instytutu Polonistyki U\u015a\u00a0 <a href=\"https:\/\/us.edu.pl\/instytut\/ipo\/pracownicy\/marian-kisiel\/\">prof. dr hab. Marian Kisiel<\/a> oraz <a href=\"https:\/\/us.edu.pl\/instytut\/ipo\/pracownicy\/dariusz-pawelec\/\">prof. dr hab. Dariusz Pawelec<\/a>.<\/p>\n<hr \/>\n<p style=\"text-align: justify;\">Komitety naukowe s\u0105 krajow\u0105 reprezentacj\u0105 \u015brodowisk i dyscyplin naukowych. Zajmuj\u0105 si\u0119 konkretn\u0105 dyscyplin\u0105 naukow\u0105 a ich cz\u0142onkowie s\u0105 wy\u0142aniani w wyborach tajnych. Kandydowa\u0107 i g\u0142osowa\u0107 mog\u0105 naukowcy z ca\u0142ego kraju. Komitet Nauk o Literaturze PAN powo\u0142any zosta\u0142 w 1960 r. Jest sta\u0142ym organem Akademii przy I Wydziale Nauk Humanistycznych i Spo\u0142ecznych PAN. Pe\u0142ni funkcj\u0119 cia\u0142a doradczego i opiniodawczego. W sk\u0142ad Komitetu wchodz\u0105 krajowi cz\u0142onkowie Polskiej Akademii Nauk, pracownicy naukowi reprezentuj\u0105cy szko\u0142y wy\u017csze, plac\u00f3wki Polskiej Akademii Nauk oraz instytuty naukowo-badawcze.<\/p>\n<p>\n<\/div>\r\n                    <\/div>\r\n                <\/div>[\/vc_column][vc_column width=&#8221;1\/3&#8243;]\r\n                <div class=\"text-modules\">\r\n                    <div class=\"container\">\r\n                        \r\n                        <div class=\"text-modules__content\"><p><img class=\"alignnone wp-image-436 size-full\" src=\"http:\/\/us.edu.pl\/instytut\/ipo\/wp-content\/uploads\/sites\/74\/Bez-kategorii\/PanLogo.jpg\" alt=\"logo Polskiej Akademii Nauk\" width=\"472\" height=\"401\" srcset=\"https:\/\/us.edu.pl\/instytut\/ipo\/wp-content\/uploads\/sites\/74\/Bez-kategorii\/PanLogo.jpg 472w, https:\/\/us.edu.pl\/instytut\/ipo\/wp-content\/uploads\/sites\/74\/Bez-kategorii\/PanLogo-300x255.jpg 300w\" sizes=\"(max-width: 472px) 100vw, 472px\" \/><\/p>\n<\/div>\r\n                    <\/div>\r\n                <\/div>[\/vc_column][\/vc_row]<\/p>","protected":false},"excerpt":{"rendered":"<p>[vc_row][vc_column width=&#8221;2\/3&#8243; css=&#8221;.vc_custom_1701160328222{border-right-width: 3px !important;background-color: #eaeaea !important;border-right-color: #218cd3 !important;border-right-style: solid !important;border-radius: 3px !important;}&#8221;][\/vc_column][vc_column width=&#8221;1\/3&#8243;][\/vc_column][\/vc_row] [&#8230;]<\/p>\n<p><a class=\"btn btn-secondary understrap-read-more-link\" href=\"https:\/\/us.edu.pl\/instytut\/ipo\/2023\/11\/28\/pracownicy-instytutu-polonistyki-w-komitecie-nauk-o-literaturze-pan\/\">Read More&#8230;<\/a><\/p>\n","protected":false},"author":2430,"featured_media":437,"comment_status":"closed","ping_status":"open","sticky":false,"template":"","format":"standard","meta":{"_expiration-date-status":"","_expiration-date":0,"_expiration-date-type":"","_expiration-date-categories":[],"_expiration-date-options":[]},"categories":[5],"tags":[],"acf":[],"_links":{"self":[{"href":"https:\/\/us.edu.pl\/instytut\/ipo\/wp-json\/wp\/v2\/posts\/435"}],"collection":[{"href":"https:\/\/us.edu.pl\/instytut\/ipo\/wp-json\/wp\/v2\/posts"}],"about":[{"href":"https:\/\/us.edu.pl\/instytut\/ipo\/wp-json\/wp\/v2\/types\/post"}],"author":[{"embeddable":true,"href":"https:\/\/us.edu.pl\/instytut\/ipo\/wp-json\/wp\/v2\/users\/2430"}],"replies":[{"embeddable":true,"href":"https:\/\/us.edu.pl\/instytut\/ipo\/wp-json\/wp\/v2\/comments?post=435"}],"version-history":[{"count":1,"href":"https:\/\/us.edu.pl\/instytut\/ipo\/wp-json\/wp\/v2\/posts\/435\/revisions"}],"predecessor-version":[{"id":438,"href":"https:\/\/us.edu.pl\/instytut\/ipo\/wp-json\/wp\/v2\/posts\/435\/revisions\/438"}],"wp:featuredmedia":[{"embeddable":true,"href":"https:\/\/us.edu.pl\/instytut\/ipo\/wp-json\/wp\/v2\/media\/437"}],"wp:attachment":[{"href":"https:\/\/us.edu.pl\/instytut\/ipo\/wp-json\/wp\/v2\/media?parent=435"}],"wp:term":[{"taxonomy":"category","embeddable":true,"href":"https:\/\/us.edu.pl\/instytut\/ipo\/wp-json\/wp\/v2\/categories?post=435"},{"taxonomy":"post_tag","embeddable":true,"href":"https:\/\/us.edu.pl\/instytut\/ipo\/wp-json\/wp\/v2\/tags?post=435"}],"curies":[{"name":"wp","href":"https:\/\/api.w.org\/{rel}","templated":true}]}}