{"id":796,"date":"2024-11-27T11:51:36","date_gmt":"2024-11-27T10:51:36","guid":{"rendered":"https:\/\/us.edu.pl\/instytut\/ipo\/?p=796"},"modified":"2024-11-27T11:51:36","modified_gmt":"2024-11-27T10:51:36","slug":"dr-hab-piotr-bogalecki-prof-us-powolany-do-zespolu-ds-programu-pod-nazwa-rozwoj-czasopism-naukowych","status":"publish","type":"post","link":"https:\/\/us.edu.pl\/instytut\/ipo\/2024\/11\/27\/dr-hab-piotr-bogalecki-prof-us-powolany-do-zespolu-ds-programu-pod-nazwa-rozwoj-czasopism-naukowych\/","title":{"rendered":"Dr hab. Piotr Bogalecki, prof. U\u015a powo\u0142any do zespo\u0142u ds. programu pod nazw\u0105 \u201eRozw\u00f3j czasopism naukowych\u201d"},"content":{"rendered":"<p>[vc_row][vc_column width=&#8221;2\/3&#8243; css=&#8221;.vc_custom_1732703239634{border-left-width: 2px !important;border-left-color: #000000 !important;border-left-style: solid !important;border-radius: 5px !important;}&#8221;]\r\n                <div class=\"text-modules\">\r\n                    <div class=\"container\">\r\n                        \r\n                        <div class=\"text-modules__content\"><p><a href=\"https:\/\/us.edu.pl\/instytut\/ipo\/pracownicy\/piotr-bogalecki\/\"><strong>Dr hab. Piotr Bogalecki, prof. U\u015a<\/strong><\/a> z Instytutu Polonistyki Wydzia\u0142u Humanistycznego Uniwersytetu \u015al\u0105skiego w Katowicach zosta\u0142 powo\u0142any do zespo\u0142u doradczego ds. programu pod nazw\u0105 \u201eRozw\u00f3j czasopism naukowych\u201d, kt\u00f3ry dzia\u0142a przy Ministerstwie Nauki i Szkolnictwa Wy\u017cszego.<\/p>\n<p>Do zada\u0144 zespo\u0142u nale\u017cy m.in. ocena merytoryczna wniosk\u00f3w z\u0142o\u017conych w ramach programu i przedstawienie ministrowi wynik\u00f3w tej opinii, a tak\u017ce ocena raport\u00f3w rocznych i raport\u00f3w ko\u0144cowych z wykorzystania \u015brodk\u00f3w finansowych przyznanych w ramach programu.<\/p>\n<\/div>\r\n                    <\/div>\r\n                <\/div>[\/vc_column][vc_column width=&#8221;1\/3&#8243;]\r\n                <div class=\"text-modules\">\r\n                    <div class=\"container\">\r\n                        \r\n                        <div class=\"text-modules__content\"><p><img class=\"alignnone wp-image-123 size-full\" src=\"http:\/\/us.edu.pl\/instytut\/ipo\/wp-content\/uploads\/sites\/74\/Pracownicy\/Bogalecki_foto_na_strone-383x575-1.jpg\" alt=\"Piotr Bogalecki\" width=\"383\" height=\"575\" srcset=\"https:\/\/us.edu.pl\/instytut\/ipo\/wp-content\/uploads\/sites\/74\/Pracownicy\/Bogalecki_foto_na_strone-383x575-1.jpg 383w, https:\/\/us.edu.pl\/instytut\/ipo\/wp-content\/uploads\/sites\/74\/Pracownicy\/Bogalecki_foto_na_strone-383x575-1-200x300.jpg 200w\" sizes=\"(max-width: 383px) 100vw, 383px\" \/><\/p>\n<\/div>\r\n                    <\/div>\r\n                <\/div>[\/vc_column][\/vc_row]<\/p>","protected":false},"excerpt":{"rendered":"<p>[vc_row][vc_column width=&#8221;2\/3&#8243; css=&#8221;.vc_custom_1732703239634{border-left-width: 2px !important;border-left-color: #000000 !important;border-left-style: solid !important;border-radius: 5px !important;}&#8221;][\/vc_column][vc_column width=&#8221;1\/3&#8243;][\/vc_column][\/vc_row] [&#8230;]<\/p>\n<p><a class=\"btn btn-secondary understrap-read-more-link\" href=\"https:\/\/us.edu.pl\/instytut\/ipo\/2024\/11\/27\/dr-hab-piotr-bogalecki-prof-us-powolany-do-zespolu-ds-programu-pod-nazwa-rozwoj-czasopism-naukowych\/\">Read More&#8230;<\/a><\/p>\n","protected":false},"author":7254,"featured_media":123,"comment_status":"closed","ping_status":"open","sticky":false,"template":"","format":"standard","meta":{"_expiration-date-status":"","_expiration-date":0,"_expiration-date-type":"","_expiration-date-categories":[],"_expiration-date-options":[]},"categories":[5],"tags":[],"acf":[],"_links":{"self":[{"href":"https:\/\/us.edu.pl\/instytut\/ipo\/wp-json\/wp\/v2\/posts\/796"}],"collection":[{"href":"https:\/\/us.edu.pl\/instytut\/ipo\/wp-json\/wp\/v2\/posts"}],"about":[{"href":"https:\/\/us.edu.pl\/instytut\/ipo\/wp-json\/wp\/v2\/types\/post"}],"author":[{"embeddable":true,"href":"https:\/\/us.edu.pl\/instytut\/ipo\/wp-json\/wp\/v2\/users\/7254"}],"replies":[{"embeddable":true,"href":"https:\/\/us.edu.pl\/instytut\/ipo\/wp-json\/wp\/v2\/comments?post=796"}],"version-history":[{"count":5,"href":"https:\/\/us.edu.pl\/instytut\/ipo\/wp-json\/wp\/v2\/posts\/796\/revisions"}],"predecessor-version":[{"id":809,"href":"https:\/\/us.edu.pl\/instytut\/ipo\/wp-json\/wp\/v2\/posts\/796\/revisions\/809"}],"wp:featuredmedia":[{"embeddable":true,"href":"https:\/\/us.edu.pl\/instytut\/ipo\/wp-json\/wp\/v2\/media\/123"}],"wp:attachment":[{"href":"https:\/\/us.edu.pl\/instytut\/ipo\/wp-json\/wp\/v2\/media?parent=796"}],"wp:term":[{"taxonomy":"category","embeddable":true,"href":"https:\/\/us.edu.pl\/instytut\/ipo\/wp-json\/wp\/v2\/categories?post=796"},{"taxonomy":"post_tag","embeddable":true,"href":"https:\/\/us.edu.pl\/instytut\/ipo\/wp-json\/wp\/v2\/tags?post=796"}],"curies":[{"name":"wp","href":"https:\/\/api.w.org\/{rel}","templated":true}]}}