{"id":2267,"date":"2023-09-22T10:57:55","date_gmt":"2023-09-22T08:57:55","guid":{"rendered":"https:\/\/us.edu.pl\/instytut\/is\/?p=2267"},"modified":"2023-09-25T08:02:51","modified_gmt":"2023-09-25T06:02:51","slug":"ogolnopolska-konferencja-instytutow-i-wydzialow-socjologii-w-instytucie-socjologii-us","status":"publish","type":"post","link":"https:\/\/us.edu.pl\/instytut\/is\/2023\/09\/22\/ogolnopolska-konferencja-instytutow-i-wydzialow-socjologii-w-instytucie-socjologii-us\/","title":{"rendered":"Og\u00f3lnopolska Konferencja Instytut\u00f3w i Wydzia\u0142\u00f3w Socjologii w Instytucie Socjologii U\u015a"},"content":{"rendered":"<p><span style=\"font-size: 14pt;\">W poniedzia\u0142ek 25 wrze\u015bnia 2023 w Instytucie Socjologii U\u015a odb\u0119dzie si\u0119 spotkanie os\u00f3b kieruj\u0105cych wydzia\u0142ami i instytutami socjologii w o\u015brodkach naukowych na terenie ca\u0142ej Polski. To wa\u017cne wydarzenie ma na celu wymian\u0119 do\u015bwiadcze\u0144 i dyskusj\u0119 nad wyzwaniami, z jakimi mierzy\u0107 si\u0119 musi wsp\u00f3\u0142czesna akademicka socjologia w Polsce. Nale\u017c\u0105 do nich nie tylko zagadnienia zwi\u0105zane z warunkami prowadzenia bada\u0144 naukowych, lecz tak\u017ce kwestie dotycz\u0105ce kszta\u0142cenia przysz\u0142ych socjolog\u00f3w i socjolo\u017cek.<\/span><\/p>\n<p><span style=\"font-size: 14pt;\">Podczas spotkania szczeg\u00f3lne miejsce zajmie analiza wniosk\u00f3w wynikaj\u0105cych z procesu oceny poszczeg\u00f3lnych kierunk\u00f3w studi\u00f3w przez Polsk\u0105 Komisj\u0119 Akredytacyjn\u0105. Istotnym aspektem b\u0119dzie tak\u017ce dzielenie si\u0119 do\u015bwiadczeniami zwi\u0105zanymi z poszukiwaniem optymalnych form powi\u0105zania kszta\u0142cenia student\u00f3w z prowadzonymi w jednostkach badaniami naukowymi. Organizowana przez Instytut Socjologii U\u015a Konferencja Instytut\u00f3w i Wydzia\u0142\u00f3w Socjologii z ca\u0142\u0105 pewno\u015bci\u0105 b\u0119dzie szans\u0105 na wymian\u0119 dobrych praktyk i warto\u015bciow\u0105 aktualizacj\u0119 sposob\u00f3w funkcjonowania akademickiej socjologii w Polsce.<\/span><\/p>","protected":false},"excerpt":{"rendered":"<p>W poniedzia\u0142ek 25 wrze\u015bnia 2023 w Instytucie Socjologii U\u015a odb\u0119dzie si\u0119 spotkanie os\u00f3b kieruj\u0105cych wydzia\u0142ami i instytutami socjologii w o\u015brodkach naukowych na terenie ca\u0142ej Polski. To wa\u017cne wydarzenie ma na celu wymian\u0119 do\u015bwiadcze\u0144 i dyskusj\u0119 nad wyzwaniami, z jakimi mierzy\u0107 si\u0119 musi wsp\u00f3\u0142czesna akademicka socjologia w Polsce. Nale\u017c\u0105 do nich nie tylko zagadnienia zwi\u0105zane z [&#8230;]<\/p>\n<p><a class=\"btn btn-secondary understrap-read-more-link\" href=\"https:\/\/us.edu.pl\/instytut\/is\/2023\/09\/22\/ogolnopolska-konferencja-instytutow-i-wydzialow-socjologii-w-instytucie-socjologii-us\/\">Read More&#8230;<\/a><\/p>\n","protected":false},"author":5105,"featured_media":2268,"comment_status":"open","ping_status":"open","sticky":false,"template":"","format":"standard","meta":{"_expiration-date-status":"","_expiration-date":0,"_expiration-date-type":"","_expiration-date-categories":[],"_expiration-date-options":[]},"categories":[10,8],"tags":[],"acf":[],"_links":{"self":[{"href":"https:\/\/us.edu.pl\/instytut\/is\/wp-json\/wp\/v2\/posts\/2267"}],"collection":[{"href":"https:\/\/us.edu.pl\/instytut\/is\/wp-json\/wp\/v2\/posts"}],"about":[{"href":"https:\/\/us.edu.pl\/instytut\/is\/wp-json\/wp\/v2\/types\/post"}],"author":[{"embeddable":true,"href":"https:\/\/us.edu.pl\/instytut\/is\/wp-json\/wp\/v2\/users\/5105"}],"replies":[{"embeddable":true,"href":"https:\/\/us.edu.pl\/instytut\/is\/wp-json\/wp\/v2\/comments?post=2267"}],"version-history":[{"count":5,"href":"https:\/\/us.edu.pl\/instytut\/is\/wp-json\/wp\/v2\/posts\/2267\/revisions"}],"predecessor-version":[{"id":2273,"href":"https:\/\/us.edu.pl\/instytut\/is\/wp-json\/wp\/v2\/posts\/2267\/revisions\/2273"}],"wp:featuredmedia":[{"embeddable":true,"href":"https:\/\/us.edu.pl\/instytut\/is\/wp-json\/wp\/v2\/media\/2268"}],"wp:attachment":[{"href":"https:\/\/us.edu.pl\/instytut\/is\/wp-json\/wp\/v2\/media?parent=2267"}],"wp:term":[{"taxonomy":"category","embeddable":true,"href":"https:\/\/us.edu.pl\/instytut\/is\/wp-json\/wp\/v2\/categories?post=2267"},{"taxonomy":"post_tag","embeddable":true,"href":"https:\/\/us.edu.pl\/instytut\/is\/wp-json\/wp\/v2\/tags?post=2267"}],"curies":[{"name":"wp","href":"https:\/\/api.w.org\/{rel}","templated":true}]}}