{"id":2310,"date":"2023-10-12T07:57:25","date_gmt":"2023-10-12T05:57:25","guid":{"rendered":"https:\/\/us.edu.pl\/instytut\/is\/?p=2310"},"modified":"2023-10-12T08:04:24","modified_gmt":"2023-10-12T06:04:24","slug":"zmarl-prof-dr-hab-marek-s-szczepanski","status":"publish","type":"post","link":"https:\/\/us.edu.pl\/instytut\/is\/2023\/10\/12\/zmarl-prof-dr-hab-marek-s-szczepanski\/","title":{"rendered":"Zmar\u0142 prof. dr hab. Marek S. Szczepa\u0144ski"},"content":{"rendered":"<p><span style=\"font-size: 14pt;\">Pogr\u0105\u017ceni w ogromnym smutku i z niedowierzaniem przekazujemy informacj\u0119 o \u015bmierci prof. zw. dr hab. Marka S. Szczepa\u0144skiego \u2013 wybitnego socjologa, cz\u0142onka Rady Naukowej Instytutu Socjologii Uniwersytetu \u015al\u0105skiego, by\u0142ego dyrektora naszego Instytutu (1993\u20132008), prodziekana Wydzia\u0142u Nauk Spo\u0142ecznych U\u015a (1990\u20131993).<\/span><\/p>\n<p><span style=\"font-size: 14pt;\">Prof. Marek S. Szczepa\u0144ski bez w\u0105tpienia by\u0142 jedn\u0105 z ikon polskiej socjologii \u2013 znamienitym i powszechnie cenionym Uczonym, niezr\u00f3wnanym Erudyt\u0105, dla wielu pokole\u0144 adept\u00f3w socjologicznego rzemios\u0142a Mentorem i Mistrzem. Dla nas, kt\u00f3rzy mieli\u015bmy zaszczyt wsp\u00f3\u0142dzieli\u0107 z Profesorem akademickie przestrzenie \u2013 r\u00f3wnie\u017c inspiruj\u0105cym Koleg\u0105 i Przyjacielem, zawsze \u017cywo zainteresowanym prowadzonymi w Instytucie badaniami.<\/span><\/p>\n<p><span style=\"font-size: 14pt;\">Prof. Marek S. Szczepa\u0144ski by\u0142 autorem wielu wa\u017cnych publikacji naukowych, dotycz\u0105cych zar\u00f3wno spraw regionalnych, jak i globalnych. Zawsze by\u0142y to teksty istotne, kt\u00f3re mocno rezonowa\u0142y w publicznych debatach. By\u0142 cz\u0142onkiem korespondentem Polskiej Akademii Nauk, laureatem licznych wyr\u00f3\u017cnie\u0144 i laur\u00f3w\u00a0 \u2013 w tym nagrody \u201ePro Scientia et Arte\u201d za wybitne osi\u0105gni\u0119cia naukowe i dydaktyczne. Pozostawi\u0142 po sobie nie tylko imponuj\u0105cy dorobek naukowy \u2013 lecz tak\u017ce licznych wychowank\u00f3w, kt\u00f3rych przez lata wprowadza\u0142 w arkana spo\u0142ecznej refleksji, rozbudzaj\u0105c w nich naukowe pasje. Wszystkim nam b\u0119dzie bardzo brakowa\u0142o przenikliwej refleksji i stymuluj\u0105cego towarzystwa Profesora.<\/span><\/p>\n<p><span style=\"font-size: 14pt;\">Z Bliskimi \u015bp. prof. Marka S. Szczepa\u0144skiego \u0142\u0105czymy si\u0119 we wsp\u00f3lnocie \u017ca\u0142oby i smutku. Sk\u0142adaj\u0105c wyrazy najg\u0142\u0119bszego wsp\u00f3\u0142czucia, zapewniamy o podtrzymywaniu pe\u0142nej wdzi\u0119czno\u015bci pami\u0119ci o \u015bp. Profesorze i trosce o Jego naukow\u0105 spu\u015bcizn\u0119.<\/span><\/p>\n<p><span style=\"font-size: 14pt;\">Szanowny Profesorze \u2013 dzi\u0119kujemy za wsp\u00f3ln\u0105 drog\u0119. Spoczywaj w pokoju.<\/span><\/p>\n<p><span style=\"font-size: 14pt;\"><em>Kole\u017canki i Koledzy z Instytutu Socjologii Uniwersytetu \u015al\u0105skiego<\/em><\/span><\/p>\n<p><span style=\"font-size: 14pt;\">(fot: M. Dorosi\u0144ski\/nettg.pl)<\/span><\/p>","protected":false},"excerpt":{"rendered":"<p>Pogr\u0105\u017ceni w ogromnym smutku i z niedowierzaniem przekazujemy informacj\u0119 o \u015bmierci prof. zw. dr hab. Marka S. Szczepa\u0144skiego \u2013 wybitnego socjologa, cz\u0142onka Rady Naukowej Instytutu Socjologii Uniwersytetu \u015al\u0105skiego, by\u0142ego dyrektora naszego Instytutu (1993\u20132008), prodziekana Wydzia\u0142u Nauk Spo\u0142ecznych U\u015a (1990\u20131993). Prof. Marek S. Szczepa\u0144ski bez w\u0105tpienia by\u0142 jedn\u0105 z ikon polskiej socjologii \u2013 znamienitym i powszechnie [&#8230;]<\/p>\n<p><a class=\"btn btn-secondary understrap-read-more-link\" href=\"https:\/\/us.edu.pl\/instytut\/is\/2023\/10\/12\/zmarl-prof-dr-hab-marek-s-szczepanski\/\">Read More&#8230;<\/a><\/p>\n","protected":false},"author":5105,"featured_media":2309,"comment_status":"open","ping_status":"open","sticky":false,"template":"","format":"standard","meta":{"_expiration-date-status":"","_expiration-date":0,"_expiration-date-type":"","_expiration-date-categories":[],"_expiration-date-options":[]},"categories":[10,8],"tags":[],"acf":[],"_links":{"self":[{"href":"https:\/\/us.edu.pl\/instytut\/is\/wp-json\/wp\/v2\/posts\/2310"}],"collection":[{"href":"https:\/\/us.edu.pl\/instytut\/is\/wp-json\/wp\/v2\/posts"}],"about":[{"href":"https:\/\/us.edu.pl\/instytut\/is\/wp-json\/wp\/v2\/types\/post"}],"author":[{"embeddable":true,"href":"https:\/\/us.edu.pl\/instytut\/is\/wp-json\/wp\/v2\/users\/5105"}],"replies":[{"embeddable":true,"href":"https:\/\/us.edu.pl\/instytut\/is\/wp-json\/wp\/v2\/comments?post=2310"}],"version-history":[{"count":4,"href":"https:\/\/us.edu.pl\/instytut\/is\/wp-json\/wp\/v2\/posts\/2310\/revisions"}],"predecessor-version":[{"id":2314,"href":"https:\/\/us.edu.pl\/instytut\/is\/wp-json\/wp\/v2\/posts\/2310\/revisions\/2314"}],"wp:featuredmedia":[{"embeddable":true,"href":"https:\/\/us.edu.pl\/instytut\/is\/wp-json\/wp\/v2\/media\/2309"}],"wp:attachment":[{"href":"https:\/\/us.edu.pl\/instytut\/is\/wp-json\/wp\/v2\/media?parent=2310"}],"wp:term":[{"taxonomy":"category","embeddable":true,"href":"https:\/\/us.edu.pl\/instytut\/is\/wp-json\/wp\/v2\/categories?post=2310"},{"taxonomy":"post_tag","embeddable":true,"href":"https:\/\/us.edu.pl\/instytut\/is\/wp-json\/wp\/v2\/tags?post=2310"}],"curies":[{"name":"wp","href":"https:\/\/api.w.org\/{rel}","templated":true}]}}