{"id":2844,"date":"2025-01-28T10:25:48","date_gmt":"2025-01-28T09:25:48","guid":{"rendered":"https:\/\/us.edu.pl\/instytut\/is\/?p=2844"},"modified":"2025-01-28T10:25:48","modified_gmt":"2025-01-28T09:25:48","slug":"tytulu-profesora-nauk-spolecznych-dla-dr-hab-andrzeja-niesporka","status":"publish","type":"post","link":"https:\/\/us.edu.pl\/instytut\/is\/2025\/01\/28\/tytulu-profesora-nauk-spolecznych-dla-dr-hab-andrzeja-niesporka\/","title":{"rendered":"Tytu\u0142u profesora nauk spo\u0142ecznych dla dr. hab. Andrzeja Niesporka"},"content":{"rendered":"<p><span style=\"font-size: 14pt;\">Z ogromn\u0105 przyjemno\u015bci\u0105, rado\u015bci\u0105 i dum\u0105 informujemy, \u017ce decyzj\u0105 Prezydenta Rzeczypospolitej Polskiej dr hab. Andrzej Niesporek otrzyma\u0142 tytu\u0142 profesora nauk spo\u0142ecznych w dyscyplinie nauki socjologiczne.<\/span><\/p>\n<p><span style=\"font-size: 14pt;\">W imieniu ca\u0142ej spo\u0142eczno\u015bci Instytutu najserdeczniej Panu Profesorowi gratulujemy!<\/span><\/p>\n<p>&nbsp;<\/p>\n<p><a href=\"https:\/\/us.edu.pl\/instytut\/is\/wp-content\/uploads\/sites\/34\/Bez-kategorii\/Postanowienie.pdf\" class=\"mtli_attachment mtli_pdf\" data-mtli=\"mtli_filesize9,32kB\">Postanowienie<\/a><\/p>\n<style type=\"text\/css\">a[data-mtli~=\"mtli_filesize9,32kB\"]:after {content:\" (9,32 kB)\"}<\/style>","protected":false},"excerpt":{"rendered":"<p>Z ogromn\u0105 przyjemno\u015bci\u0105, rado\u015bci\u0105 i dum\u0105 informujemy, \u017ce decyzj\u0105 Prezydenta Rzeczypospolitej Polskiej dr hab. Andrzej Niesporek otrzyma\u0142 tytu\u0142 profesora nauk spo\u0142ecznych w dyscyplinie nauki socjologiczne. W imieniu ca\u0142ej spo\u0142eczno\u015bci Instytutu najserdeczniej Panu Profesorowi gratulujemy! &nbsp; Postanowienie [&#8230;]<\/p>\n<p><a class=\"btn btn-secondary understrap-read-more-link\" href=\"https:\/\/us.edu.pl\/instytut\/is\/2025\/01\/28\/tytulu-profesora-nauk-spolecznych-dla-dr-hab-andrzeja-niesporka\/\">Read More&#8230;<\/a><\/p>\n","protected":false},"author":6407,"featured_media":2848,"comment_status":"open","ping_status":"open","sticky":false,"template":"","format":"standard","meta":{"_expiration-date-status":"","_expiration-date":0,"_expiration-date-type":"","_expiration-date-categories":[],"_expiration-date-options":[]},"categories":[10,8],"tags":[],"acf":[],"_links":{"self":[{"href":"https:\/\/us.edu.pl\/instytut\/is\/wp-json\/wp\/v2\/posts\/2844"}],"collection":[{"href":"https:\/\/us.edu.pl\/instytut\/is\/wp-json\/wp\/v2\/posts"}],"about":[{"href":"https:\/\/us.edu.pl\/instytut\/is\/wp-json\/wp\/v2\/types\/post"}],"author":[{"embeddable":true,"href":"https:\/\/us.edu.pl\/instytut\/is\/wp-json\/wp\/v2\/users\/6407"}],"replies":[{"embeddable":true,"href":"https:\/\/us.edu.pl\/instytut\/is\/wp-json\/wp\/v2\/comments?post=2844"}],"version-history":[{"count":2,"href":"https:\/\/us.edu.pl\/instytut\/is\/wp-json\/wp\/v2\/posts\/2844\/revisions"}],"predecessor-version":[{"id":2860,"href":"https:\/\/us.edu.pl\/instytut\/is\/wp-json\/wp\/v2\/posts\/2844\/revisions\/2860"}],"wp:featuredmedia":[{"embeddable":true,"href":"https:\/\/us.edu.pl\/instytut\/is\/wp-json\/wp\/v2\/media\/2848"}],"wp:attachment":[{"href":"https:\/\/us.edu.pl\/instytut\/is\/wp-json\/wp\/v2\/media?parent=2844"}],"wp:term":[{"taxonomy":"category","embeddable":true,"href":"https:\/\/us.edu.pl\/instytut\/is\/wp-json\/wp\/v2\/categories?post=2844"},{"taxonomy":"post_tag","embeddable":true,"href":"https:\/\/us.edu.pl\/instytut\/is\/wp-json\/wp\/v2\/tags?post=2844"}],"curies":[{"name":"wp","href":"https:\/\/api.w.org\/{rel}","templated":true}]}}