{"id":169,"date":"2020-03-02T12:19:32","date_gmt":"2020-03-02T11:19:32","guid":{"rendered":"https:\/\/us.edu.pl\/instytut\/ismuz\/?p=169"},"modified":"2020-03-07T16:06:24","modified_gmt":"2020-03-07T15:06:24","slug":"zaproszenie-na-ix-akademickie-koledowe-ostatki-2020","status":"publish","type":"post","link":"https:\/\/us.edu.pl\/instytut\/ismuz\/2020\/03\/02\/zaproszenie-na-ix-akademickie-koledowe-ostatki-2020\/","title":{"rendered":"Zaproszenie na IX Akademickie Kol\u0119dowe Ostatki 2020"},"content":{"rendered":"<p><span style=\"font-size: 12pt\">W niedziel\u0119 26 stycznia w Ustroniu, <\/span><\/p>\n<p><span style=\"font-size: 12pt\">\u015brod\u0119 29 stycznia i niedziel\u0119 2 lutego w Cieszynie.<\/span><\/p>\n<p>&nbsp;<\/p>\n<p>&nbsp;<\/p>\n<p>&nbsp;<\/p>\n<p>&nbsp;<\/p>\n<p>&nbsp;<\/p>\n<p>&nbsp;<\/p>\n<p>&nbsp;<\/p>\n<p>&nbsp;<\/p>\n<p>&nbsp;<\/p>\n<p>&nbsp;<\/p>\n<p>&nbsp;<\/p>\n<p>&nbsp;<\/p>\n<p>&nbsp;<\/p>\n<p>&nbsp;<\/p>\n<p>&nbsp;<\/p>\n<p>&nbsp;<\/p>\n<p><a href=\"https:\/\/us.edu.pl\/instytut\/ismuz\/wp-content\/uploads\/sites\/54\/Nieprzypisane\/Koledowe-Ostatki-2020-scaled1.jpg\"><img class=\"alignnone wp-image-172 size-full\" src=\"https:\/\/us.edu.pl\/instytut\/ismuz\/wp-content\/uploads\/sites\/54\/Nieprzypisane\/Koledowe-Ostatki-2020-scaled1.jpg\" alt=\"\" width=\"1810\" height=\"2560\" srcset=\"https:\/\/us.edu.pl\/instytut\/ismuz\/wp-content\/uploads\/sites\/54\/Nieprzypisane\/Koledowe-Ostatki-2020-scaled1.jpg 1810w, https:\/\/us.edu.pl\/instytut\/ismuz\/wp-content\/uploads\/sites\/54\/Nieprzypisane\/Koledowe-Ostatki-2020-scaled1-212x300.jpg 212w, https:\/\/us.edu.pl\/instytut\/ismuz\/wp-content\/uploads\/sites\/54\/Nieprzypisane\/Koledowe-Ostatki-2020-scaled1-768x1086.jpg 768w, https:\/\/us.edu.pl\/instytut\/ismuz\/wp-content\/uploads\/sites\/54\/Nieprzypisane\/Koledowe-Ostatki-2020-scaled1-724x1024.jpg 724w, https:\/\/us.edu.pl\/instytut\/ismuz\/wp-content\/uploads\/sites\/54\/Nieprzypisane\/Koledowe-Ostatki-2020-scaled1-407x575.jpg 407w\" sizes=\"(max-width: 1810px) 100vw, 1810px\" \/><\/a><\/p>","protected":false},"excerpt":{"rendered":"<p>W niedziel\u0119 26 stycznia w Ustroniu, \u015brod\u0119 29 stycznia i niedziel\u0119 2 lutego w Cieszynie. &nbsp; &nbsp; &nbsp; &nbsp; &nbsp; &nbsp; &nbsp; &nbsp; &nbsp; &nbsp; &nbsp; &nbsp; &nbsp; &nbsp; &nbsp; &nbsp; [&#8230;]<\/p>\n<p><a class=\"btn btn-secondary understrap-read-more-link\" href=\"https:\/\/us.edu.pl\/instytut\/ismuz\/2020\/03\/02\/zaproszenie-na-ix-akademickie-koledowe-ostatki-2020\/\">Read More&#8230;<\/a><\/p>\n","protected":false},"author":111,"featured_media":170,"comment_status":"open","ping_status":"open","sticky":false,"template":"","format":"standard","meta":{"_expiration-date-status":"saved","_expiration-date":0,"_expiration-date-type":"","_expiration-date-categories":[],"_expiration-date-options":[]},"categories":[11,8],"tags":[],"acf":[],"_links":{"self":[{"href":"https:\/\/us.edu.pl\/instytut\/ismuz\/wp-json\/wp\/v2\/posts\/169"}],"collection":[{"href":"https:\/\/us.edu.pl\/instytut\/ismuz\/wp-json\/wp\/v2\/posts"}],"about":[{"href":"https:\/\/us.edu.pl\/instytut\/ismuz\/wp-json\/wp\/v2\/types\/post"}],"author":[{"embeddable":true,"href":"https:\/\/us.edu.pl\/instytut\/ismuz\/wp-json\/wp\/v2\/users\/111"}],"replies":[{"embeddable":true,"href":"https:\/\/us.edu.pl\/instytut\/ismuz\/wp-json\/wp\/v2\/comments?post=169"}],"version-history":[{"count":5,"href":"https:\/\/us.edu.pl\/instytut\/ismuz\/wp-json\/wp\/v2\/posts\/169\/revisions"}],"predecessor-version":[{"id":616,"href":"https:\/\/us.edu.pl\/instytut\/ismuz\/wp-json\/wp\/v2\/posts\/169\/revisions\/616"}],"wp:featuredmedia":[{"embeddable":true,"href":"https:\/\/us.edu.pl\/instytut\/ismuz\/wp-json\/wp\/v2\/media\/170"}],"wp:attachment":[{"href":"https:\/\/us.edu.pl\/instytut\/ismuz\/wp-json\/wp\/v2\/media?parent=169"}],"wp:term":[{"taxonomy":"category","embeddable":true,"href":"https:\/\/us.edu.pl\/instytut\/ismuz\/wp-json\/wp\/v2\/categories?post=169"},{"taxonomy":"post_tag","embeddable":true,"href":"https:\/\/us.edu.pl\/instytut\/ismuz\/wp-json\/wp\/v2\/tags?post=169"}],"curies":[{"name":"wp","href":"https:\/\/api.w.org\/{rel}","templated":true}]}}