{"id":2055,"date":"2020-09-29T09:11:55","date_gmt":"2020-09-29T07:11:55","guid":{"rendered":"https:\/\/us.edu.pl\/instytut\/ismuz\/?p=2055"},"modified":"2020-10-13T13:55:58","modified_gmt":"2020-10-13T11:55:58","slug":"inauguracja-roku-akademickiego-2020-21","status":"publish","type":"post","link":"https:\/\/us.edu.pl\/instytut\/ismuz\/2020\/09\/29\/inauguracja-roku-akademickiego-2020-21\/","title":{"rendered":"Inauguracja roku akademickiego 2020\/21"},"content":{"rendered":"<p>[vc_row][vc_column][vc_column_text]<img class=\"alignnone wp-image-2066 size-full\" src=\"https:\/\/us.edu.pl\/instytut\/ismuz\/wp-content\/uploads\/sites\/54\/2020\/10\/inauguracja-2020.png\" alt=\"\" width=\"2000\" height=\"964\" srcset=\"https:\/\/us.edu.pl\/instytut\/ismuz\/wp-content\/uploads\/sites\/54\/2020\/10\/inauguracja-2020.png 2000w, https:\/\/us.edu.pl\/instytut\/ismuz\/wp-content\/uploads\/sites\/54\/2020\/10\/inauguracja-2020-300x145.png 300w, https:\/\/us.edu.pl\/instytut\/ismuz\/wp-content\/uploads\/sites\/54\/2020\/10\/inauguracja-2020-768x370.png 768w, https:\/\/us.edu.pl\/instytut\/ismuz\/wp-content\/uploads\/sites\/54\/2020\/10\/inauguracja-2020-1024x494.png 1024w, https:\/\/us.edu.pl\/instytut\/ismuz\/wp-content\/uploads\/sites\/54\/2020\/10\/inauguracja-2020-575x277.png 575w\" sizes=\"(max-width: 2000px) 100vw, 2000px\" \/><\/p>\n<p>&nbsp;<\/p>\n<p><span style=\"font-size: 14pt\">8 pa\u017adziernika 2020 roku odby\u0142a si\u0119 inauguracja roku akademickiego 2020\/2021 na Wydziale Sztuki i Nauk o Edukacji, podczas kt\u00f3rej nowo przyj\u0119ci studenci z\u0142o\u017cyli \u015blubowanie i otrzymali indeksy. Wyk\u0142ad inauguracyjny pt. \u201ePo\u017cary w historii Ziemi\u201d wyg\u0142osi\u0142 dziekan Wydzia\u0142u Nauk Przyrodniczych prof. dr hab. Leszek Marynowski.<\/span><\/p>\n<p><span style=\"font-size: 14pt\"><a href=\"https:\/\/us.edu.pl\/multimedia\/inauguracja-roku-akademickiego-na-wydziale-sztuki-i-nauk-o-edukacji\/\">Zobacz fotorelacj\u0119 z wydarzenia<\/a><\/span><\/p>\n<p><a href=\"https:\/\/us.edu.pl\/multimedia\/inauguracja-roku-akademickiego-na-wydziale-sztuki-i-nauk-o-edukacji\/\"><img class=\"alignnone wp-image-2075 size-full\" src=\"https:\/\/us.edu.pl\/instytut\/ismuz\/wp-content\/uploads\/sites\/54\/Nieprzypisane\/Inauguracja_Cieszyn_fot.-Monika-Jod\u0142owska-021.jpg\" alt=\"\" width=\"1200\" height=\"800\" srcset=\"https:\/\/us.edu.pl\/instytut\/ismuz\/wp-content\/uploads\/sites\/54\/Nieprzypisane\/Inauguracja_Cieszyn_fot.-Monika-Jod\u0142owska-021.jpg 1200w, https:\/\/us.edu.pl\/instytut\/ismuz\/wp-content\/uploads\/sites\/54\/Nieprzypisane\/Inauguracja_Cieszyn_fot.-Monika-Jod\u0142owska-021-300x200.jpg 300w, https:\/\/us.edu.pl\/instytut\/ismuz\/wp-content\/uploads\/sites\/54\/Nieprzypisane\/Inauguracja_Cieszyn_fot.-Monika-Jod\u0142owska-021-768x512.jpg 768w, https:\/\/us.edu.pl\/instytut\/ismuz\/wp-content\/uploads\/sites\/54\/Nieprzypisane\/Inauguracja_Cieszyn_fot.-Monika-Jod\u0142owska-021-1024x683.jpg 1024w, https:\/\/us.edu.pl\/instytut\/ismuz\/wp-content\/uploads\/sites\/54\/Nieprzypisane\/Inauguracja_Cieszyn_fot.-Monika-Jod\u0142owska-021-575x383.jpg 575w\" sizes=\"(max-width: 1200px) 100vw, 1200px\" \/><\/a>[\/vc_column_text][\/vc_column][\/vc_row]<\/p>","protected":false},"excerpt":{"rendered":"<p>[vc_row][vc_column][vc_column_text] &nbsp; 8 pa\u017adziernika 2020 roku odby\u0142a si\u0119 inauguracja roku akademickiego 2020\/2021 na Wydziale Sztuki i Nauk o Edukacji, podczas kt\u00f3rej nowo przyj\u0119ci studenci z\u0142o\u017cyli \u015blubowanie i otrzymali indeksy. Wyk\u0142ad inauguracyjny pt. \u201ePo\u017cary w historii Ziemi\u201d wyg\u0142osi\u0142 dziekan Wydzia\u0142u Nauk Przyrodniczych prof. dr hab. Leszek Marynowski. Zobacz fotorelacj\u0119 z wydarzenia [\/vc_column_text][\/vc_column][\/vc_row] [&#8230;]<\/p>\n<p><a class=\"btn btn-secondary understrap-read-more-link\" href=\"https:\/\/us.edu.pl\/instytut\/ismuz\/2020\/09\/29\/inauguracja-roku-akademickiego-2020-21\/\">Read More&#8230;<\/a><\/p>\n","protected":false},"author":362,"featured_media":2053,"comment_status":"open","ping_status":"open","sticky":false,"template":"","format":"standard","meta":{"_expiration-date-status":"saved","_expiration-date":0,"_expiration-date-type":"","_expiration-date-categories":[],"_expiration-date-options":[]},"categories":[8],"tags":[],"acf":[],"_links":{"self":[{"href":"https:\/\/us.edu.pl\/instytut\/ismuz\/wp-json\/wp\/v2\/posts\/2055"}],"collection":[{"href":"https:\/\/us.edu.pl\/instytut\/ismuz\/wp-json\/wp\/v2\/posts"}],"about":[{"href":"https:\/\/us.edu.pl\/instytut\/ismuz\/wp-json\/wp\/v2\/types\/post"}],"author":[{"embeddable":true,"href":"https:\/\/us.edu.pl\/instytut\/ismuz\/wp-json\/wp\/v2\/users\/362"}],"replies":[{"embeddable":true,"href":"https:\/\/us.edu.pl\/instytut\/ismuz\/wp-json\/wp\/v2\/comments?post=2055"}],"version-history":[{"count":4,"href":"https:\/\/us.edu.pl\/instytut\/ismuz\/wp-json\/wp\/v2\/posts\/2055\/revisions"}],"predecessor-version":[{"id":2077,"href":"https:\/\/us.edu.pl\/instytut\/ismuz\/wp-json\/wp\/v2\/posts\/2055\/revisions\/2077"}],"wp:featuredmedia":[{"embeddable":true,"href":"https:\/\/us.edu.pl\/instytut\/ismuz\/wp-json\/wp\/v2\/media\/2053"}],"wp:attachment":[{"href":"https:\/\/us.edu.pl\/instytut\/ismuz\/wp-json\/wp\/v2\/media?parent=2055"}],"wp:term":[{"taxonomy":"category","embeddable":true,"href":"https:\/\/us.edu.pl\/instytut\/ismuz\/wp-json\/wp\/v2\/categories?post=2055"},{"taxonomy":"post_tag","embeddable":true,"href":"https:\/\/us.edu.pl\/instytut\/ismuz\/wp-json\/wp\/v2\/tags?post=2055"}],"curies":[{"name":"wp","href":"https:\/\/api.w.org\/{rel}","templated":true}]}}