{"id":2080,"date":"2020-10-19T08:58:55","date_gmt":"2020-10-19T06:58:55","guid":{"rendered":"https:\/\/us.edu.pl\/instytut\/ismuz\/?p=2080"},"modified":"2020-10-19T08:58:55","modified_gmt":"2020-10-19T06:58:55","slug":"wdrozenie-drugiego-poziomu-zabezpieczen-covid-19-na-uczelni-od-19-pazdziernika-2020","status":"publish","type":"post","link":"https:\/\/us.edu.pl\/instytut\/ismuz\/2020\/10\/19\/wdrozenie-drugiego-poziomu-zabezpieczen-covid-19-na-uczelni-od-19-pazdziernika-2020\/","title":{"rendered":"Wdro\u017cenie drugiego poziomu zabezpiecze\u0144 COVID-19 na uczelni od 19 pa\u017adziernika"},"content":{"rendered":"<p>[vc_row][vc_column]\r\n                <div class=\"text-modules reverse\">\r\n                    <div class=\"container\">\r\n                         \r\n                        <div class=\"row m-0\">\r\n                            <div class=\"text-modules__content\">\r\n                                W zwi\u0105zku ze wzrostem liczby potwierdzonych zara\u017ce\u0144 wirusem SARS-CoV-2 w kraju, JM Rektor Uniwersytetu \u015al\u0105skiego po konsultacji z zespo\u0142em zadaniowym do spraw monitorowania funkcjonowania uczelni w czasie epidemii COVID-19 podj\u0105\u0142 decyzj\u0119 o wdro\u017ceniu na terenie Uniwersytetu \u015al\u0105skiego drugiego poziomu zabezpiecze\u0144, o kt\u00f3rych mowa w zarz\u0105dzeniu Rektora U\u015a nr 179 z dnia 16 pa\u017adziernika 2020 roku. Funkcjonowanie uczelni zgodnie z zasadami drugiego poziomu zabezpiecze\u0144 b\u0119dzie obowi\u0105zywa\u0142o od 19 pa\u017adziernika do odwo\u0142ania.<\/p>\n<p><a href=\"https:\/\/us.edu.pl\/wdrozenie-drugiego-poziomu-zabezpieczen-covid-19-na-uczelni-od-19-pazdziernika\/\">Drugi poziom zabezpiecze\u0144 (oznaczony kolorem pomara\u0144czowym) wprowadza szereg zmian w dotychczasowym funkcjonowaniu uczelni.<\/a><\/p>\n<div class=\"mt-3\"><\/div>\r\n                            <\/div>\r\n                            \r\n                            <div class=\"text-modules__img\"><a href=\"https:\/\/us.edu.pl\/wdrozenie-drugiego-poziomu-zabezpieczen-covid-19-na-uczelni-od-19-pazdziernika\/\" target=\"_blank\"><img src=\"https:\/\/us.edu.pl\/instytut\/ismuz\/wp-content\/uploads\/sites\/54\/Nieprzypisane\/poziom-2.png\" alt=\"img\"><\/a><\/div>\r\n                        <\/div>\r\n                    <\/div>\r\n                <\/div>[\/vc_column][\/vc_row]<\/p>","protected":false},"excerpt":{"rendered":"<p>[vc_row][vc_column][\/vc_column][\/vc_row] [&#8230;]<\/p>\n<p><a class=\"btn btn-secondary understrap-read-more-link\" href=\"https:\/\/us.edu.pl\/instytut\/ismuz\/2020\/10\/19\/wdrozenie-drugiego-poziomu-zabezpieczen-covid-19-na-uczelni-od-19-pazdziernika-2020\/\">Read More&#8230;<\/a><\/p>\n","protected":false},"author":362,"featured_media":2079,"comment_status":"open","ping_status":"open","sticky":false,"template":"","format":"standard","meta":{"_expiration-date-status":"saved","_expiration-date":0,"_expiration-date-type":"","_expiration-date-categories":[],"_expiration-date-options":[]},"categories":[8],"tags":[],"acf":[],"_links":{"self":[{"href":"https:\/\/us.edu.pl\/instytut\/ismuz\/wp-json\/wp\/v2\/posts\/2080"}],"collection":[{"href":"https:\/\/us.edu.pl\/instytut\/ismuz\/wp-json\/wp\/v2\/posts"}],"about":[{"href":"https:\/\/us.edu.pl\/instytut\/ismuz\/wp-json\/wp\/v2\/types\/post"}],"author":[{"embeddable":true,"href":"https:\/\/us.edu.pl\/instytut\/ismuz\/wp-json\/wp\/v2\/users\/362"}],"replies":[{"embeddable":true,"href":"https:\/\/us.edu.pl\/instytut\/ismuz\/wp-json\/wp\/v2\/comments?post=2080"}],"version-history":[{"count":4,"href":"https:\/\/us.edu.pl\/instytut\/ismuz\/wp-json\/wp\/v2\/posts\/2080\/revisions"}],"predecessor-version":[{"id":2089,"href":"https:\/\/us.edu.pl\/instytut\/ismuz\/wp-json\/wp\/v2\/posts\/2080\/revisions\/2089"}],"wp:featuredmedia":[{"embeddable":true,"href":"https:\/\/us.edu.pl\/instytut\/ismuz\/wp-json\/wp\/v2\/media\/2079"}],"wp:attachment":[{"href":"https:\/\/us.edu.pl\/instytut\/ismuz\/wp-json\/wp\/v2\/media?parent=2080"}],"wp:term":[{"taxonomy":"category","embeddable":true,"href":"https:\/\/us.edu.pl\/instytut\/ismuz\/wp-json\/wp\/v2\/categories?post=2080"},{"taxonomy":"post_tag","embeddable":true,"href":"https:\/\/us.edu.pl\/instytut\/ismuz\/wp-json\/wp\/v2\/tags?post=2080"}],"curies":[{"name":"wp","href":"https:\/\/api.w.org\/{rel}","templated":true}]}}