{"id":2084,"date":"2020-10-19T13:25:38","date_gmt":"2020-10-19T11:25:38","guid":{"rendered":"https:\/\/us.edu.pl\/instytut\/ismuz\/?p=2084"},"modified":"2020-10-19T13:33:59","modified_gmt":"2020-10-19T11:33:59","slug":"2084","status":"publish","type":"post","link":"https:\/\/us.edu.pl\/instytut\/ismuz\/2020\/10\/19\/2084\/","title":{"rendered":"dr Karol Pyka\u00a0laureatem &#8222;Warsaw Wind Ensemble Composition Contest\u00a02020&#8243;"},"content":{"rendered":"<p><\/p>\n<div><span style=\"font-size: 14pt\">Kompozytor i zarazem pracownik Instytutu Sztuk Muzycznych <strong>dr Karol Pyka<\/strong>\u00a0zosta\u0142 laureatem III miejsca w I edycji konkursu kompozytorskiego <em>Warsaw Wind Ensemble Composition Contest<\/em> <em>2020,<\/em> organizowanego przez presti\u017cowe organizacje \u2013 UMFC i PWM, kt\u00f3rego przedmiotem by\u0142o skomponowanie utworu na koncertow\u0105 orkiestr\u0119 d\u0119t\u0105. Kompozycje by\u0142y oceniane przez mi\u0119dzynarodowe jury, a nagrod\u0105 jest m.in. wydanie i prawykonanie przedstawionego utworu.<\/span><\/div>\n<p><span style=\"font-size: 14pt\">Dr Karol Pyka przedstawi\u0142 utw\u00f3r pt. \u201eZawrat&#8221;, do kt\u00f3rego inspiracj\u0119 zaczerpn\u0105\u0142 z krajobrazu Polskich Tatr Wysokich. Kompozycja to ma\u0142a uwertura na orkiestr\u0119 d\u0119t\u0105,\u00a0 o zmiennym nastroju, w charakterze muzyki ilustracyjnej.<\/span><\/p>\n<p><span style=\"font-size: 14pt\">Gratulujemy nagrody i \u017cyczymy dalszych sukces\u00f3w!<\/span><\/p>\n<p><span style=\"font-size: 14pt\">Link do wydarzenia: <a href=\"http:\/\/www.composers.warsawwinds.pl\" target=\"_blank\" rel=\"noopener noreferrer\">http:\/\/www.composers.warsawwinds.pl<\/a><\/span><\/p>","protected":false},"excerpt":{"rendered":"<p>Kompozytor i zarazem pracownik Instytutu Sztuk Muzycznych dr Karol Pyka\u00a0zosta\u0142 laureatem III miejsca w I edycji konkursu kompozytorskiego Warsaw Wind Ensemble Composition Contest 2020, organizowanego przez presti\u017cowe organizacje \u2013 UMFC i PWM, kt\u00f3rego przedmiotem by\u0142o skomponowanie utworu na koncertow\u0105 orkiestr\u0119 d\u0119t\u0105. Kompozycje by\u0142y oceniane przez mi\u0119dzynarodowe jury, a nagrod\u0105 jest m.in. wydanie i prawykonanie przedstawionego [&#8230;]<\/p>\n<p><a class=\"btn btn-secondary understrap-read-more-link\" href=\"https:\/\/us.edu.pl\/instytut\/ismuz\/2020\/10\/19\/2084\/\">Read More&#8230;<\/a><\/p>\n","protected":false},"author":110,"featured_media":2085,"comment_status":"open","ping_status":"open","sticky":false,"template":"","format":"standard","meta":{"_expiration-date-status":"saved","_expiration-date":0,"_expiration-date-type":"","_expiration-date-categories":[],"_expiration-date-options":[]},"categories":[8],"tags":[],"acf":[],"_links":{"self":[{"href":"https:\/\/us.edu.pl\/instytut\/ismuz\/wp-json\/wp\/v2\/posts\/2084"}],"collection":[{"href":"https:\/\/us.edu.pl\/instytut\/ismuz\/wp-json\/wp\/v2\/posts"}],"about":[{"href":"https:\/\/us.edu.pl\/instytut\/ismuz\/wp-json\/wp\/v2\/types\/post"}],"author":[{"embeddable":true,"href":"https:\/\/us.edu.pl\/instytut\/ismuz\/wp-json\/wp\/v2\/users\/110"}],"replies":[{"embeddable":true,"href":"https:\/\/us.edu.pl\/instytut\/ismuz\/wp-json\/wp\/v2\/comments?post=2084"}],"version-history":[{"count":5,"href":"https:\/\/us.edu.pl\/instytut\/ismuz\/wp-json\/wp\/v2\/posts\/2084\/revisions"}],"predecessor-version":[{"id":2101,"href":"https:\/\/us.edu.pl\/instytut\/ismuz\/wp-json\/wp\/v2\/posts\/2084\/revisions\/2101"}],"wp:featuredmedia":[{"embeddable":true,"href":"https:\/\/us.edu.pl\/instytut\/ismuz\/wp-json\/wp\/v2\/media\/2085"}],"wp:attachment":[{"href":"https:\/\/us.edu.pl\/instytut\/ismuz\/wp-json\/wp\/v2\/media?parent=2084"}],"wp:term":[{"taxonomy":"category","embeddable":true,"href":"https:\/\/us.edu.pl\/instytut\/ismuz\/wp-json\/wp\/v2\/categories?post=2084"},{"taxonomy":"post_tag","embeddable":true,"href":"https:\/\/us.edu.pl\/instytut\/ismuz\/wp-json\/wp\/v2\/tags?post=2084"}],"curies":[{"name":"wp","href":"https:\/\/api.w.org\/{rel}","templated":true}]}}