{"id":2161,"date":"2020-12-17T13:48:47","date_gmt":"2020-12-17T12:48:47","guid":{"rendered":"https:\/\/us.edu.pl\/instytut\/ismuz\/?p=2161"},"modified":"2020-12-18T10:44:23","modified_gmt":"2020-12-18T09:44:23","slug":"cd-poziom-prywatny-vo-2-prof-tomasza-spalinskiego","status":"publish","type":"post","link":"https:\/\/us.edu.pl\/instytut\/ismuz\/2020\/12\/17\/cd-poziom-prywatny-vo-2-prof-tomasza-spalinskiego\/","title":{"rendered":"CD Poziom prywatny vol. 2 Prof. Tomasza Spali\u0144skiego"},"content":{"rendered":"<p>[vc_row][vc_column]\r\n                <div class=\"text-modules\">\r\n                    <div class=\"container\">\r\n                        \r\n                        <div class=\"text-modules__content\"><p>Z pocz\u0105tkiem grudnia w warszawskim wydawnictwie Requiem Records ukaza\u0142a si\u0119 druga p\u0142yta zespo\u0142u <strong>Poziom prywatny<\/strong> zatytu\u0142owana <em>Poziom prywatny vol. 2<\/em> (<a href=\"https:\/\/opus-series.com\/index.php?lang=pl&amp;p=sklep&amp;f=&amp;c=&amp;t=&amp;st=&amp;o=&amp;pid=75&amp;page=0\">https:\/\/opus-series.com\/index.php?lang=pl&amp;p=sklep&amp;f=&amp;c=&amp;t=&amp;st=&amp;o=&amp;pid=75&amp;page=0<\/a>).<\/p>\n<p>Liderem formacji jest Tomasz Spali\u0144ski (gitara klasyczna i elektryczna), a w sk\u0142ad zespo\u0142u wchodz\u0105 tak znakomici arty\u015bci, jak: Justyna Masny (\u015bpiew), Przemys\u0142aw Smaczny (perkusja), Dariusz Zi\u00f3\u0142ek (gitara basowa) i Marcin \u017bupa\u0144ski (saksofony: tenorowy<br \/>\ni sopranowy, flet, klarnet basowy). Zarejestrowane na p\u0142ycie utwory to: <em>Blues o szybkich numerkach<\/em>,<em> Piosenka o dobrym \u015bnie<\/em>, <em>Luzik zapi\u0119ty na guzik<\/em>, <em>Jesienna milonga<\/em>, <em>\u017byciowy song p\u0142ywaka Ping-Pong<\/em>, <em>Ciche Credo<\/em>, <em>Ecie-Pecie<\/em>, <em>Tarantella dla emerytowanego Wilhelma Tella<\/em>, <em>Wiosenne przebudzenie<\/em>, <em>Lovely Hamster<\/em>, <em>Powiedz \u201etak\u201d!<\/em>, <em>Mundi<\/em>.<\/p>\n<p>Charakterystycznymi cechami muzyki s\u0105: selektywno\u015b\u0107 akustycznego brzmienia, oddech, logika narracji, wyrafinowana aran\u017cacja, \u201ed\u017awi\u0119kowy szept\u201d i wzajemna inspiracja wykonawc\u00f3w, du\u017ce znaczenie ma r\u00f3wnie\u017c pierwiastek improwizacji. Warto\u015bciowy tekst,<br \/>\nz ukrytym lub satyrycznie przerysowanym przekazem, to drugi, nie mniej wa\u017cny czynnik koncepcyjny tw\u00f3rczo\u015bci. Autorem wszystkich tekst\u00f3w piosenek, jak i ca\u0142ej muzyki jest Tomasz Spali\u0144ski. Spektrum tematyczne jest bardzo szerokie, od tekst\u00f3w humorystycznych, jak: <em>Blues o szybkich numerkach<\/em>, <em>\u017byciowy song p\u0142ywaka Ping-Pong<\/em>, czy <em>Tarantella dla Emerytowanego Wilhelma Tella<\/em>, po te poruszaj\u0105ce, romantyczne i filozoficzne, jak: <em>Jesienna milonga<\/em>, <em>Wiosenne przebudzenie<\/em> czy <em>Ciche Credo<\/em> (ostatnia piosenka intencjonalnie nagrana ascetycznie brzmieniowo w wersji na g\u0142os i gitar\u0119 klasyczn\u0105).<\/p>\n<p>Wszystkim osobom zainteresowanym bardziej szczeg\u00f3\u0142owym opisem projektu polecamy stron\u0119 www:<\/p>\n<p><a href=\"https:\/\/www.cantaramusic.pl\/news?page=&amp;action=details&amp;id=15462\">https:\/\/www.cantaramusic.pl\/news?page=&amp;action=details&amp;id=15462<\/a><\/p>\n<p>Utwory <em>Jesienna milonga<\/em> i <em>Luzik zapi\u0119ty na guzik<\/em> w formie klip\u00f3w upubliczniono<br \/>\nw serwisie YouTube:<br \/>\n<a href=\"https:\/\/www.youtube.com\/watch?v=YT3FQeAcB-Y&amp;feature=youtu.be\">https:\/\/www.youtube.com\/watch?v=YT3FQeAcB-Y&amp;feature=youtu.be<\/a>\u00a0\u00a0\u00a0\u00a0 <a href=\"https:\/\/www.youtube.com\/watch?v=mC5Znpm9VN4&amp;feature=youtu.be\">https:\/\/www.youtube.com\/watch?v=mC5Znpm9VN4&amp;feature=youtu.be<\/a><\/p>\n<\/div>\r\n                    <\/div>\r\n                <\/div>[\/vc_column][\/vc_row][vc_row][vc_column]            \r\n                    <div class=\"container\">\r\n                        <div class=\"gallery gallery_2\" data-images-in-row=\"2\">\r\n                            \r\n                            <div class=\"row m-0\">\r\n                                <a data-fancybox-group=\"button\" title=\"\" data-fancybox=\"2166\" href=\"https:\/\/us.edu.pl\/instytut\/ismuz\/wp-content\/uploads\/sites\/54\/Nieprzypisane\/Poziom-prywatny.png\" class=\"gallery__item thumbnail\"\r\n                                    style=\"background-image: url(https:\/\/us.edu.pl\/instytut\/ismuz\/wp-content\/uploads\/sites\/54\/Nieprzypisane\/Poziom-prywatny.png)\"> <span class=\"d-none\">https:\/\/us.edu.pl\/instytut\/ismuz\/wp-content\/uploads\/sites\/54\/Nieprzypisane\/Poziom-prywatny.png<\/span> <\/a><a data-fancybox-group=\"button\" title=\"CD Poziom prywatny vol. 2 (front)\" data-fancybox=\"2166\" href=\"https:\/\/us.edu.pl\/instytut\/ismuz\/wp-content\/uploads\/sites\/54\/Nieprzypisane\/CD-Poziom-prywatny-vol.-2-front-1.jpg\" class=\"gallery__item thumbnail\"\r\n                                    style=\"background-image: url(https:\/\/us.edu.pl\/instytut\/ismuz\/wp-content\/uploads\/sites\/54\/Nieprzypisane\/CD-Poziom-prywatny-vol.-2-front-1-1024x1024.jpg)\"> <span class=\"d-none\">https:\/\/us.edu.pl\/instytut\/ismuz\/wp-content\/uploads\/sites\/54\/Nieprzypisane\/CD-Poziom-prywatny-vol.-2-front-1.jpg<\/span> <\/a>\r\n                            <\/div>\r\n                    <\/div>\r\n                <\/div>[\/vc_column][\/vc_row]<\/p>","protected":false},"excerpt":{"rendered":"<p>[vc_row][vc_column][\/vc_column][\/vc_row][vc_row][vc_column][\/vc_column][\/vc_row] [&#8230;]<\/p>\n<p><a class=\"btn btn-secondary understrap-read-more-link\" href=\"https:\/\/us.edu.pl\/instytut\/ismuz\/2020\/12\/17\/cd-poziom-prywatny-vo-2-prof-tomasza-spalinskiego\/\">Read More&#8230;<\/a><\/p>\n","protected":false},"author":110,"featured_media":2163,"comment_status":"open","ping_status":"open","sticky":false,"template":"","format":"standard","meta":{"_expiration-date-status":"saved","_expiration-date":0,"_expiration-date-type":"","_expiration-date-categories":[],"_expiration-date-options":[]},"categories":[12,8],"tags":[],"acf":[],"_links":{"self":[{"href":"https:\/\/us.edu.pl\/instytut\/ismuz\/wp-json\/wp\/v2\/posts\/2161"}],"collection":[{"href":"https:\/\/us.edu.pl\/instytut\/ismuz\/wp-json\/wp\/v2\/posts"}],"about":[{"href":"https:\/\/us.edu.pl\/instytut\/ismuz\/wp-json\/wp\/v2\/types\/post"}],"author":[{"embeddable":true,"href":"https:\/\/us.edu.pl\/instytut\/ismuz\/wp-json\/wp\/v2\/users\/110"}],"replies":[{"embeddable":true,"href":"https:\/\/us.edu.pl\/instytut\/ismuz\/wp-json\/wp\/v2\/comments?post=2161"}],"version-history":[{"count":4,"href":"https:\/\/us.edu.pl\/instytut\/ismuz\/wp-json\/wp\/v2\/posts\/2161\/revisions"}],"predecessor-version":[{"id":2181,"href":"https:\/\/us.edu.pl\/instytut\/ismuz\/wp-json\/wp\/v2\/posts\/2161\/revisions\/2181"}],"wp:featuredmedia":[{"embeddable":true,"href":"https:\/\/us.edu.pl\/instytut\/ismuz\/wp-json\/wp\/v2\/media\/2163"}],"wp:attachment":[{"href":"https:\/\/us.edu.pl\/instytut\/ismuz\/wp-json\/wp\/v2\/media?parent=2161"}],"wp:term":[{"taxonomy":"category","embeddable":true,"href":"https:\/\/us.edu.pl\/instytut\/ismuz\/wp-json\/wp\/v2\/categories?post=2161"},{"taxonomy":"post_tag","embeddable":true,"href":"https:\/\/us.edu.pl\/instytut\/ismuz\/wp-json\/wp\/v2\/tags?post=2161"}],"curies":[{"name":"wp","href":"https:\/\/api.w.org\/{rel}","templated":true}]}}