{"id":2276,"date":"2021-02-22T14:04:25","date_gmt":"2021-02-22T13:04:25","guid":{"rendered":"https:\/\/us.edu.pl\/instytut\/ismuz\/?p=2276"},"modified":"2021-02-22T14:04:25","modified_gmt":"2021-02-22T13:04:25","slug":"dr-grzegorz-niemczuk-stypendysta-ministerstwa-kultury-i-dziedzictwa-narodowego","status":"publish","type":"post","link":"https:\/\/us.edu.pl\/instytut\/ismuz\/2021\/02\/22\/dr-grzegorz-niemczuk-stypendysta-ministerstwa-kultury-i-dziedzictwa-narodowego\/","title":{"rendered":"Dr Grzegorz Niemczuk \u2013 Stypendyst\u0105 Ministerstwa Kultury i Dziedzictwa Narodowego"},"content":{"rendered":"<p>[vc_row][vc_column]\r\n                <div class=\"text-modules\">\r\n                    <div class=\"container\">\r\n                        \r\n                        <div class=\"text-modules__content\"><p>Z rado\u015bci\u0105 informujemy, \u017ce dr Grzegorz Niemczuk otrzyma\u0142 roczne Stypendium Ministra Kultury i Dziedzictwa Narodowego na projekt <em>&#8222;Jak s\u0142ucha\u0107 i rozumie\u0107 utwory Fryderyka Chopina&#8221;<\/em> \u2013 w projekcie s\u0105 cotygodniowe filmy adresowane do meloman\u00f3w z analizami wszystkich utwor\u00f3w wydanych za \u017cycia Fryderyka Chopina (z wyj\u0105tkiem Mazurk\u00f3w, o kt\u00f3rych filmy powsta\u0142y w ubieg\u0142ym 2020 roku) ukazuj\u0105ce si\u0119 w ka\u017cd\u0105 sobot\u0119 i niedziel\u0119 o godzinie 20.00 na fanpage&#8217;u Grzegorz Niemczuk &#8211; concert pianist <a href=\"https:\/\/www.facebook.com\/g.niemczuk\">https:\/\/www.facebook.com\/g.niemczuk<\/a> oraz na kanale YouTube: gregniemczuk_official<br \/>\n<a href=\"https:\/\/www.youtube.com\/c\/gregniemczukofficial\">https:\/\/www.youtube.com\/c\/gregniemczukofficial<\/a><\/p>\n<p>Serdecznie gratulujemy!<br \/>\nponi\u017cej przedstawiamy harmonogram prezentowanych utwor\u00f3w:<\/p>\n<p>&nbsp;<\/p>\n<p>STYCZE\u0143:<\/p>\n<ul>\n<li>4 Ballady, Walc op. 18, Walc op. 34 nr 1<\/li>\n<\/ul>\n<p>LUTY:<\/p>\n<ul>\n<li>Walce op. 34 nr 1 i 2, Walc op. 42, Walce op. 64<\/li>\n<li>Andante Spianato i Wielki Polonez Es-dur op. 22<\/li>\n<\/ul>\n<p>MARZEC:<\/p>\n<ul>\n<li>Wszystkie Polonezy (op. 26, op.40, op. 44, op. 53)<\/li>\n<\/ul>\n<p>KWIECIE\u0143:<\/p>\n<ul>\n<li>Polonez-Fantazja op. 61<\/li>\n<li>Berceuse op. 57<\/li>\n<li>Barkarola op. 60<\/li>\n<li>Scherzo nr 1<\/li>\n<\/ul>\n<p>MAJ:<\/p>\n<ul>\n<li>Scherzo nr 2<\/li>\n<li>Scherzo nr 3<\/li>\n<li>Scherzo nr 4<\/li>\n<li>Sonata b-moll op. 35 cz. 1 i 2<\/li>\n<\/ul>\n<p>CZERWIEC:<\/p>\n<ul>\n<li>Sonata b-moll op. 35 cz. 3 i 4<\/li>\n<li>Sonata h-moll op.58<\/li>\n<\/ul>\n<p>LIPIEC:<\/p>\n<ul>\n<li>Nokturny: op. 9, 15, 27, 32, 37<\/li>\n<\/ul>\n<p>SIERPIE\u0143:<\/p>\n<ul>\n<li>Nokturny: op. 48, 55, 62<\/li>\n<li>Tarantella<\/li>\n<li>Bolero<\/li>\n<\/ul>\n<p>WRZESIE\u0143:<\/p>\n<ul>\n<li>Fantazja f-moll op. 49<\/li>\n<li>Preludia 1-18<\/li>\n<\/ul>\n<p>PA\u0179DZIERNIK:<\/p>\n<ul>\n<li>Preludia 19-24<\/li>\n<li>3 Impromptu<\/li>\n<li>Wariacje op. 12<\/li>\n<li>Rondo op. 1<\/li>\n<li>Rondo op. 16<\/li>\n<li>Allegro de concert op. 46<\/li>\n<li>Preludium cis-moll op. 45<\/li>\n<\/ul>\n<p>LISTOPAD:<\/p>\n<ul>\n<li>Etiudy op. 10<\/li>\n<\/ul>\n<p>GRUDZIE\u0143:<\/p>\n<ul>\n<li>Etiudy op. 25<\/li>\n<\/ul>\n<p>\n<\/div>\r\n                    <\/div>\r\n                <\/div>[\/vc_column][\/vc_row]<\/p>","protected":false},"excerpt":{"rendered":"<p>[vc_row][vc_column][\/vc_column][\/vc_row] [&#8230;]<\/p>\n<p><a class=\"btn btn-secondary understrap-read-more-link\" href=\"https:\/\/us.edu.pl\/instytut\/ismuz\/2021\/02\/22\/dr-grzegorz-niemczuk-stypendysta-ministerstwa-kultury-i-dziedzictwa-narodowego\/\">Read More&#8230;<\/a><\/p>\n","protected":false},"author":110,"featured_media":2277,"comment_status":"open","ping_status":"open","sticky":false,"template":"","format":"standard","meta":{"_expiration-date-status":"saved","_expiration-date":0,"_expiration-date-type":"","_expiration-date-categories":[],"_expiration-date-options":[]},"categories":[8],"tags":[],"acf":[],"_links":{"self":[{"href":"https:\/\/us.edu.pl\/instytut\/ismuz\/wp-json\/wp\/v2\/posts\/2276"}],"collection":[{"href":"https:\/\/us.edu.pl\/instytut\/ismuz\/wp-json\/wp\/v2\/posts"}],"about":[{"href":"https:\/\/us.edu.pl\/instytut\/ismuz\/wp-json\/wp\/v2\/types\/post"}],"author":[{"embeddable":true,"href":"https:\/\/us.edu.pl\/instytut\/ismuz\/wp-json\/wp\/v2\/users\/110"}],"replies":[{"embeddable":true,"href":"https:\/\/us.edu.pl\/instytut\/ismuz\/wp-json\/wp\/v2\/comments?post=2276"}],"version-history":[{"count":1,"href":"https:\/\/us.edu.pl\/instytut\/ismuz\/wp-json\/wp\/v2\/posts\/2276\/revisions"}],"predecessor-version":[{"id":2278,"href":"https:\/\/us.edu.pl\/instytut\/ismuz\/wp-json\/wp\/v2\/posts\/2276\/revisions\/2278"}],"wp:featuredmedia":[{"embeddable":true,"href":"https:\/\/us.edu.pl\/instytut\/ismuz\/wp-json\/wp\/v2\/media\/2277"}],"wp:attachment":[{"href":"https:\/\/us.edu.pl\/instytut\/ismuz\/wp-json\/wp\/v2\/media?parent=2276"}],"wp:term":[{"taxonomy":"category","embeddable":true,"href":"https:\/\/us.edu.pl\/instytut\/ismuz\/wp-json\/wp\/v2\/categories?post=2276"},{"taxonomy":"post_tag","embeddable":true,"href":"https:\/\/us.edu.pl\/instytut\/ismuz\/wp-json\/wp\/v2\/tags?post=2276"}],"curies":[{"name":"wp","href":"https:\/\/api.w.org\/{rel}","templated":true}]}}