{"id":2279,"date":"2021-02-22T14:12:34","date_gmt":"2021-02-22T13:12:34","guid":{"rendered":"https:\/\/us.edu.pl\/instytut\/ismuz\/?p=2279"},"modified":"2021-02-22T14:28:38","modified_gmt":"2021-02-22T13:28:38","slug":"nabor-do-choru-uniwersytetu-slaskiego-harmonia","status":"publish","type":"post","link":"https:\/\/us.edu.pl\/instytut\/ismuz\/2021\/02\/22\/nabor-do-choru-uniwersytetu-slaskiego-harmonia\/","title":{"rendered":"Nab\u00f3r do Ch\u00f3ru Uniwersytetu \u015al\u0105skiego Harmonia"},"content":{"rendered":"<p>[vc_row][vc_column]\r\n                <div class=\"text-modules\">\r\n                    <div class=\"container\">\r\n                        \r\n                        <div class=\"text-modules__content\"><p><strong>PODZIEL\u00a0SI\u0118\u00a0Z\u00a0NAMI\u00a0TWOIM\u00a0G\u0141OSEM!!!<\/strong><\/p>\n<p><strong>Nab\u00f3r\u00a0do\u00a0Ch\u00f3ru\u00a0Uniwersytetu\u00a0\u015al\u0105skiego\u00a0Harmonia<\/strong>\u00a0\u00a0<strong>[ONLINE]<\/strong><img class=\"alignnone wp-image-2281 \" src=\"https:\/\/us.edu.pl\/instytut\/ismuz\/wp-content\/uploads\/sites\/54\/Nieprzypisane\/logo_harmonia-aktualne-150x150.jpg\" alt=\"logo harmonia\" width=\"104\" height=\"104\" \/><\/p>\n<p>Nab\u00f3r trwa od 19 lutego do 25 lutego 2021r. do godz. 21:00<\/p>\n<p>lokalizacja:\u00a0CIESZYN<\/p>\n<p>Muzyka to Twoja\u00a0pasja.\u00a0Kochasz\u00a0\u015bpiewa\u0107.\u00a0Szukasz\u00a0swojego\u00a0miejsca?<\/p>\n<p>Niewa\u017cne co studiujesz i gdzie mieszkasz, nie musisz nawet studiowa\u0107 &#8211; liczy si\u0119 wsp\u00f3lna pasja do \u015bpiewu!<\/p>\n<p>Pragniesz wsp\u00f3\u0142pracowa\u0107 z muzykami \u015bwiatowej s\u0142awy &#8211; takimi jak m.in \u00a0Andrea Bocelli, Roberto Alagna, Aleksandra Kurzak, Garou oraz licznymi \u00a0gwiazdami estrady &#8211; m.in. Beat\u0105 Kozidrak, Stanis\u0142awem Soyk\u0105, \u00a0Kayah,Tomsonem i Baronem, Justyn\u0105 \u00a0Steczkowsk\u0105, Andrzejem Piasecznym, \u00a0Kasi\u0105 Mo\u015b?<\/p>\n<p>Mo\u017cemy spe\u0142ni\u0107 wsp\u00f3lnie Twoje muzyczne marzenie i wyst\u0105pi\u0107 z artyst\u0105, kt\u00f3rego\u00a0uwielbiasz.<\/p>\n<p>Chcesz wyst\u0119powa\u0107 na najpi\u0119kniejszych scenach \u015bwiata jak np. Royal \u00a0Festival Hall, NOSPR, NFN \u2026<br \/>\n&#8230;a mo\u017ce my\u015blisz o \u015bwiatowych podr\u00f3\u017cach, festiwalach i koncertach? Za\u015bpiewali\u015bmy ju\u017c w Tajlandii, Gruzji, na Filipinach, w Korei P\u0142d., a \u00a0tak\u017ce w wielu krajach Europy.<\/p>\n<p>Koniecznie\u00a0do\u00a0nas\u00a0do\u0142\u0105cz!\u00a0Z\u00a0ca\u0142\u0105\u00a0pewno\u015bci\u0105\u00a0czekamy\u00a0w\u0142a\u015bnie\u00a0na\u00a0Ciebie!<\/p>\n<p>PODZIEL\u00a0SI\u0118\u00a0Z\u00a0NAMI\u00a0TWOIM\u00a0G\u0141OSEM!!!<\/p>\n<ul>\n<li>poznaj\u00a0z\u00a0nami\u00a0\u015bwiat<\/li>\n<li>sprawdzaj\u00a0si\u0119\u00a0w\u00a0konkursach\u00a0na\u00a0ca\u0142ym\u00a0\u015bwiecie<\/li>\n<li>za\u015bpiewaj\u00a0z\u00a0gwiazdami<\/li>\n<li>poznaj\u00a0najlepsze\u00a0sceny\u00a0koncertowe\u00a0polski\u00a0i\u00a0\u015bwiata<\/li>\n<li>za\u015bpiewaj\u00a0muzyk\u0119\u00a0\u201eoskarowych\u201d\u00a0kompozytor\u00f3w<\/li>\n<li>\u015bpiewaj\u00a0dla\u00a0wielotysi\u0119cznej\u00a0publiczno\u015bci<\/li>\n<li>tw\u00f3rz\u00a0z\u00a0nami\u00a0muzyczne\u00a0show<\/li>\n<\/ul>\n<p>Wy\u015blij\u00a0nam\u00a0swoje\u00a0zg\u0142oszenie\u00a0drog\u0105\u00a0mailow\u0105!<br \/>\nNagraj kr\u00f3tki filmik (lub plik d\u017awi\u0119kowy), w kt\u00f3rym opowiesz nam kilka \u00a0s\u0142\u00f3w o sobie (ok. 20-30 sekund wystarczy), a nast\u0119pnie za\u015bpiewaj a \u00a0cappella fragment wybranego przez siebie utworu.<\/p>\n<p>Ca\u0142e\u00a0nagranie\u00a0powinno\u00a0trwa\u0107\u00a0ok.\u00a03\u00a0minut.<br \/>\nPlik wy\u015blij do nas na adres:\u00a0<a href=\"mailto:cieszynharmonia@gmail.com\">cieszynharmonia@gmail.com<\/a>, korzystaj\u0105c \u00a0np. z wetransfer.com lub wrzucaj\u0105c na sw\u00f3j dysk Google, nie zapomnij o przyznaniu nam dost\u0119pu.<\/p>\n<p><u>termin\u00a0przes\u0142ania\u00a0zg\u0142osze\u0144:<\/u>\u00a0<strong>do<\/strong> <strong>czwartku\u00a025\u00a0lutego\u00a02021<\/strong><br \/>\n<u>wyniki nabor<\/u><u>u\u00a0ostatecznie:<\/u>\u00a0<strong>w\u00a0niedziel\u0119\u00a028\u00a0lutego\u00a02021<\/strong><\/p>\n<p>W\u00a0razie\u00a0jakichkolwiek\u00a0pyta\u0144\u00a0&#8211; zwr\u00f3\u0107 si\u0119 do nas poprzez stron\u0119 na facebooku Ch\u00f3ru Uniwersytetu \u00a0\u015al\u0105skiego Harmonia <a href=\"https:\/\/www.facebook.com\/ChorUniwersytetuSlaskiegoHarmonia\">https:\/\/www.facebook.com\/ChorUniwersytetuSlaskiegoHarmonia<\/a><\/p>\n<p>lub mailowo na adres\u00a0<a href=\"mailto:cieszynharmonia@gmail.com\">cieszynharmonia@gmail.com<\/a><\/p>\n<p><a href=\"https:\/\/drive.google.com\/file\/d\/1KeTkIOXIfRaHMhOU6A2YhVypMrNwq11s\/view?usp=sharing\">https:\/\/drive.google.com\/file\/d\/1KeTkIOXIfRaHMhOU6A2YhVypMrNwq11s\/view?usp=sharing\u00a0<\/a><\/p>\n<\/div>\r\n                    <\/div>\r\n                <\/div>[\/vc_column][\/vc_row]<\/p>","protected":false},"excerpt":{"rendered":"<p>[vc_row][vc_column][\/vc_column][\/vc_row] [&#8230;]<\/p>\n<p><a class=\"btn btn-secondary understrap-read-more-link\" href=\"https:\/\/us.edu.pl\/instytut\/ismuz\/2021\/02\/22\/nabor-do-choru-uniwersytetu-slaskiego-harmonia\/\">Read More&#8230;<\/a><\/p>\n","protected":false},"author":110,"featured_media":2280,"comment_status":"open","ping_status":"open","sticky":false,"template":"","format":"standard","meta":{"_expiration-date-status":"saved","_expiration-date":0,"_expiration-date-type":"","_expiration-date-categories":[],"_expiration-date-options":[]},"categories":[22,8],"tags":[],"acf":[],"_links":{"self":[{"href":"https:\/\/us.edu.pl\/instytut\/ismuz\/wp-json\/wp\/v2\/posts\/2279"}],"collection":[{"href":"https:\/\/us.edu.pl\/instytut\/ismuz\/wp-json\/wp\/v2\/posts"}],"about":[{"href":"https:\/\/us.edu.pl\/instytut\/ismuz\/wp-json\/wp\/v2\/types\/post"}],"author":[{"embeddable":true,"href":"https:\/\/us.edu.pl\/instytut\/ismuz\/wp-json\/wp\/v2\/users\/110"}],"replies":[{"embeddable":true,"href":"https:\/\/us.edu.pl\/instytut\/ismuz\/wp-json\/wp\/v2\/comments?post=2279"}],"version-history":[{"count":5,"href":"https:\/\/us.edu.pl\/instytut\/ismuz\/wp-json\/wp\/v2\/posts\/2279\/revisions"}],"predecessor-version":[{"id":2289,"href":"https:\/\/us.edu.pl\/instytut\/ismuz\/wp-json\/wp\/v2\/posts\/2279\/revisions\/2289"}],"wp:featuredmedia":[{"embeddable":true,"href":"https:\/\/us.edu.pl\/instytut\/ismuz\/wp-json\/wp\/v2\/media\/2280"}],"wp:attachment":[{"href":"https:\/\/us.edu.pl\/instytut\/ismuz\/wp-json\/wp\/v2\/media?parent=2279"}],"wp:term":[{"taxonomy":"category","embeddable":true,"href":"https:\/\/us.edu.pl\/instytut\/ismuz\/wp-json\/wp\/v2\/categories?post=2279"},{"taxonomy":"post_tag","embeddable":true,"href":"https:\/\/us.edu.pl\/instytut\/ismuz\/wp-json\/wp\/v2\/tags?post=2279"}],"curies":[{"name":"wp","href":"https:\/\/api.w.org\/{rel}","templated":true}]}}