{"id":2291,"date":"2021-02-25T13:37:26","date_gmt":"2021-02-25T12:37:26","guid":{"rendered":"https:\/\/us.edu.pl\/instytut\/ismuz\/?p=2291"},"modified":"2021-02-25T13:37:26","modified_gmt":"2021-02-25T12:37:26","slug":"kadry-slaskiej-filmowki","status":"publish","type":"post","link":"https:\/\/us.edu.pl\/instytut\/ismuz\/2021\/02\/25\/kadry-slaskiej-filmowki\/","title":{"rendered":"Kadry \u015al\u0105skiej Film\u00f3wki"},"content":{"rendered":"<p>[vc_row][vc_column]\r\n                <div class=\"text-modules\">\r\n                    <div class=\"container\">\r\n                        \r\n                        <div class=\"text-modules__content\"><\/p>\n<div class=\"kvgmc6g5 cxmmr5t8 oygrvhab hcukyx3x c1et5uql ii04i59q\">\n<div dir=\"auto\">W najbli\u017csz\u0105 sobot\u0119 27 lutego o godz. 11:00 w TVP Katowice, TVP3 Katowice zostanie wyemitowany reporta\u017c z cyklu \u201eKadry \u015al\u0105skiej Film\u00f3wki&#8221;, w kt\u00f3rym zaprezentuje si\u0119 dr Adrian Robak &#8211; pracownik naszego Instytutu Sztuk Muzycznych.<br \/>\n<a href=\"https:\/\/zamowieniakompozytorskie.pl\/kompozytor\/adrian-robak\/\" target=\"qfyUIXoo1o0mSMIwb5I5gQ1\" rel=\"noopener noreferrer\">https:\/\/zamowieniakompozytorskie.pl\/kompozytor\/adrian-robak\/<\/a><br \/>\n<a href=\"https:\/\/soundcloud.com\/adek-robak\" target=\"qfyUIXoo1o0mSMIwb5I5gQ1\" rel=\"noopener noreferrer\">https:\/\/soundcloud.com\/adek-robak<\/a><\/div>\n<\/div>\n<div class=\"o9v6fnle cxmmr5t8 oygrvhab hcukyx3x c1et5uql ii04i59q\">\n<div dir=\"auto\">\n<div dir=\"auto\">\n<p>Reporta\u017c b\u0119dzie mo\u017cna tak\u017ce obejrze\u0107 po jego emisji na stronie: <a class=\"oajrlxb2 g5ia77u1 qu0x051f esr5mh6w e9989ue4 r7d6kgcz rq0escxv nhd2j8a9 nc684nl6 p7hjln8o kvgmc6g5 cxmmr5t8 oygrvhab hcukyx3x jb3vyjys rz4wbd8a qt6c0cv9 a8nywdso i1ao9s8h esuyzwwr f1sip0of lzcic4wl py34i1dx gpro0wi8\" href=\"https:\/\/katowice.tvp.pl\/45214375\/kadry-slaskiej-filmowki?fbclid=IwAR12kG8hzMrTYVjLAY2dufj6uacQ3l_3tUdiml1FwD0-Y2Lm8Skj9qMJGEc\" target=\"_blank\" rel=\"nofollow noopener noreferrer\">https:\/\/katowice.tvp.pl\/45214375\/kadry-slaskiej-filmowki<\/a><\/p>\n<div><\/div>\n<\/div>\n<div dir=\"auto\">Zapraszamy!<span class=\"pq6dq46d tbxw36s4 knj5qynh kvgmc6g5 ditlmg2l oygrvhab nvdbi5me sf5mxxl7 gl3lb2sf hhz5lgdu\"><img src=\"https:\/\/static.xx.fbcdn.net\/images\/emoji.php\/v9\/tff\/1\/16\/1f3a5.png\" alt=\"\ud83c\udfa5\" width=\"16\" height=\"16\" \/><\/span><\/div>\n<\/div>\n<\/div>\n<p>\n<\/div>\r\n                    <\/div>\r\n                <\/div>[\/vc_column][\/vc_row]<\/p>","protected":false},"excerpt":{"rendered":"<p>[vc_row][vc_column][\/vc_column][\/vc_row] [&#8230;]<\/p>\n<p><a class=\"btn btn-secondary understrap-read-more-link\" href=\"https:\/\/us.edu.pl\/instytut\/ismuz\/2021\/02\/25\/kadry-slaskiej-filmowki\/\">Read More&#8230;<\/a><\/p>\n","protected":false},"author":110,"featured_media":0,"comment_status":"open","ping_status":"open","sticky":false,"template":"","format":"standard","meta":{"_expiration-date-status":"saved","_expiration-date":0,"_expiration-date-type":"","_expiration-date-categories":[],"_expiration-date-options":[]},"categories":[8],"tags":[],"acf":[],"_links":{"self":[{"href":"https:\/\/us.edu.pl\/instytut\/ismuz\/wp-json\/wp\/v2\/posts\/2291"}],"collection":[{"href":"https:\/\/us.edu.pl\/instytut\/ismuz\/wp-json\/wp\/v2\/posts"}],"about":[{"href":"https:\/\/us.edu.pl\/instytut\/ismuz\/wp-json\/wp\/v2\/types\/post"}],"author":[{"embeddable":true,"href":"https:\/\/us.edu.pl\/instytut\/ismuz\/wp-json\/wp\/v2\/users\/110"}],"replies":[{"embeddable":true,"href":"https:\/\/us.edu.pl\/instytut\/ismuz\/wp-json\/wp\/v2\/comments?post=2291"}],"version-history":[{"count":1,"href":"https:\/\/us.edu.pl\/instytut\/ismuz\/wp-json\/wp\/v2\/posts\/2291\/revisions"}],"predecessor-version":[{"id":2292,"href":"https:\/\/us.edu.pl\/instytut\/ismuz\/wp-json\/wp\/v2\/posts\/2291\/revisions\/2292"}],"wp:attachment":[{"href":"https:\/\/us.edu.pl\/instytut\/ismuz\/wp-json\/wp\/v2\/media?parent=2291"}],"wp:term":[{"taxonomy":"category","embeddable":true,"href":"https:\/\/us.edu.pl\/instytut\/ismuz\/wp-json\/wp\/v2\/categories?post=2291"},{"taxonomy":"post_tag","embeddable":true,"href":"https:\/\/us.edu.pl\/instytut\/ismuz\/wp-json\/wp\/v2\/tags?post=2291"}],"curies":[{"name":"wp","href":"https:\/\/api.w.org\/{rel}","templated":true}]}}