{"id":2321,"date":"2021-04-26T09:08:29","date_gmt":"2021-04-26T07:08:29","guid":{"rendered":"https:\/\/us.edu.pl\/instytut\/ismuz\/?p=2321"},"modified":"2021-04-26T09:08:29","modified_gmt":"2021-04-26T07:08:29","slug":"nagrody-dla-choru-harmonia-i-adlibitum","status":"publish","type":"post","link":"https:\/\/us.edu.pl\/instytut\/ismuz\/2021\/04\/26\/nagrody-dla-choru-harmonia-i-adlibitum\/","title":{"rendered":"Nagrody dla ch\u00f3ru Harmonia i AdLibitum"},"content":{"rendered":"<p><span style=\"font-size: 12pt\">W kwietniu Ch\u00f3r Uniwersytetu \u015al\u0105skiego Harmonia uczestniczy\u0142 w <strong>IX Mi\u0119dzynarodowym Konkursie SYBERIADA 2021<\/strong>.<\/span><br \/>\n<span style=\"font-size: 12pt\">Organizatorem konkursu jest Pa\u0144stwowy Instytut Kultury w Kemerowie na Syberii.<\/span><\/p>\n<p><span style=\"font-size: 12pt\">Ze wzgl\u0119du na pandemi\u0119, przes\u0142uchania odby\u0142y si\u0119 online, na podstawie przes\u0142anych wcze\u015bniej materia\u0142\u00f3w.<\/span><br \/>\n<span style=\"font-size: 12pt\">Konkurs ma na celu rozw\u00f3j tradycji artystycznych, wy\u0142onienie utalentowanych wykonawc\u00f3w i oryginalnych zespo\u0142\u00f3w artystycznych,<\/span><br \/>\n<span style=\"font-size: 12pt\">a tak\u017ce promowanie w \u015bwiadomo\u015bci spo\u0142ecznej warto\u015bci profesjonalizmu muzycznego.<\/span><br \/>\n<span style=\"font-size: 12pt\">W konkursie uczestniczy\u0142o 3500 uczestnik\u00f3w w 15 kategoriach.<\/span><\/p>\n<p><span style=\"font-size: 12pt\">Jury z wszystkich kategorii muzycznych wy\u0142oni\u0142o 5 r\u00f3wnorz\u0119dnych zwyci\u0119zc\u00f3w, kt\u00f3rzy otrzymali dyplom \u201enajlepszego wykonawcy\u201d.<\/span><br \/>\n<span style=\"font-size: 12pt\"><a href=\"http:\/\/www.harmonia.us.edu.pl\"><strong>Ch\u00f3r Uniwersytetu \u015al\u0105skiego Harmonia<\/strong><\/a> otrzyma\u0142 zaszczytny tytu\u0142<\/span><br \/>\n<span style=\"font-size: 12pt\">NAJLEPSZEGO WYKONAWCY IX MI\u0118DZYNARODOWEGO FESTIWALU SYBERIADA.<\/span><\/p>\n<p><span style=\"font-size: 12pt\"><a href=\"http:\/\/www.harmonia.us.edu.pl\/?page_id=26\"><strong>prof. dr hab. Izabella Zielecka-Panek<\/strong><\/a> otrzyma\u0142a NAGROD\u0118 SPECJALN\u0104 FESTIWALU DLA NAJLEPSZEGO PROWADZ\u0104CEGO<\/span><\/p>\n<p><span style=\"font-size: 12pt\">W kategorii muzyki ch\u00f3ralnej, w kt\u00f3rej wsp\u00f3\u0142zawodniczy\u0142y 53 zespo\u0142y, <strong><a href=\"http:\/\/www.harmonia.us.edu.pl\">Ch\u00f3r U\u015a Harmonia<\/a> oraz <a href=\"https:\/\/www.facebook.com\/ChorKameralnyAdLibitum\/\">Ch\u00f3r Kameralny Ad libitum<\/a><\/strong> (w kt\u00f3rym \u015bpiewaj\u0105 w wi\u0119kszo\u015bci absolwenci Ch\u00f3ru Harmonia) otrzyma\u0142y:<\/span><\/p>\n<p><span style=\"font-size: 12pt\">DYPLOM LAUREATA I STOPNIA DLA CH\u00d3RU UNIWERSYTETU \u015aL\u0104SKIEGO HARMONIA<\/span><\/p>\n<p><a href=\"https:\/\/us.edu.pl\/wydzial\/wsne\/wp-content\/uploads\/sites\/20\/Nieprzypisane\/2021-HARMONIA-I-NAGRODA.jpg\"><img class=\"aligncenter wp-image-5473 size-medium\" src=\"https:\/\/us.edu.pl\/wydzial\/wsne\/wp-content\/uploads\/sites\/20\/Nieprzypisane\/2021-HARMONIA-I-NAGRODA-212x300.jpg\" alt=\"\" width=\"212\" height=\"300\" \/><\/a><a href=\"https:\/\/us.edu.pl\/wydzial\/wsne\/wp-content\/uploads\/sites\/20\/Nieprzypisane\/2021-HARMONIA-NAJLEPSZY-WYKONAWCA-SYBERIADA.jpg\"><img class=\"aligncenter wp-image-5474\" src=\"https:\/\/us.edu.pl\/wydzial\/wsne\/wp-content\/uploads\/sites\/20\/Nieprzypisane\/2021-HARMONIA-NAJLEPSZY-WYKONAWCA-SYBERIADA-212x300.jpg\" alt=\"\" width=\"212\" height=\"300\" \/><\/a><br \/>\n<span style=\"font-size: 12pt\">DYPLOM LAUREATA I STOPNIA DLA CH\u00d3RU KAMERALNEGO AD LIBITUM<\/span><\/p>\n<div><a href=\"https:\/\/us.edu.pl\/wydzial\/wsne\/wp-content\/uploads\/sites\/20\/Nieprzypisane\/2021-AD-LIBITUM-I-NAGRODA-SYBERIADA.jpg\"><img class=\"aligncenter wp-image-5472 size-medium\" src=\"https:\/\/us.edu.pl\/wydzial\/wsne\/wp-content\/uploads\/sites\/20\/Nieprzypisane\/2021-AD-LIBITUM-I-NAGRODA-SYBERIADA-212x300.jpg\" alt=\"\" width=\"212\" height=\"300\" \/><\/a><a href=\"https:\/\/us.edu.pl\/wydzial\/wsne\/wp-content\/uploads\/sites\/20\/Nieprzypisane\/2021-NAJLEPSZY-NAUCZYCIEL-PROWADZ\u0104CY-SYBERIADA.jpg\"><img class=\"aligncenter wp-image-5475 size-medium\" src=\"https:\/\/us.edu.pl\/wydzial\/wsne\/wp-content\/uploads\/sites\/20\/Nieprzypisane\/2021-NAJLEPSZY-NAUCZYCIEL-PROWADZ\u0104CY-SYBERIADA-212x300.jpg\" alt=\"\" width=\"212\" height=\"300\" \/><\/a><\/div>\n<div><\/div>\n<p><\/p>","protected":false},"excerpt":{"rendered":"<p>W kwietniu Ch\u00f3r Uniwersytetu \u015al\u0105skiego Harmonia uczestniczy\u0142 w IX Mi\u0119dzynarodowym Konkursie SYBERIADA 2021. Organizatorem konkursu jest Pa\u0144stwowy Instytut Kultury w Kemerowie na Syberii. Ze wzgl\u0119du na pandemi\u0119, przes\u0142uchania odby\u0142y si\u0119 online, na podstawie przes\u0142anych wcze\u015bniej materia\u0142\u00f3w. Konkurs ma na celu rozw\u00f3j tradycji artystycznych, wy\u0142onienie utalentowanych wykonawc\u00f3w i oryginalnych zespo\u0142\u00f3w artystycznych, a tak\u017ce promowanie w \u015bwiadomo\u015bci [&#8230;]<\/p>\n<p><a class=\"btn btn-secondary understrap-read-more-link\" href=\"https:\/\/us.edu.pl\/instytut\/ismuz\/2021\/04\/26\/nagrody-dla-choru-harmonia-i-adlibitum\/\">Read More&#8230;<\/a><\/p>\n","protected":false},"author":111,"featured_media":2322,"comment_status":"open","ping_status":"open","sticky":false,"template":"","format":"standard","meta":{"_expiration-date-status":"saved","_expiration-date":0,"_expiration-date-type":"","_expiration-date-categories":[],"_expiration-date-options":[]},"categories":[8],"tags":[],"acf":[],"_links":{"self":[{"href":"https:\/\/us.edu.pl\/instytut\/ismuz\/wp-json\/wp\/v2\/posts\/2321"}],"collection":[{"href":"https:\/\/us.edu.pl\/instytut\/ismuz\/wp-json\/wp\/v2\/posts"}],"about":[{"href":"https:\/\/us.edu.pl\/instytut\/ismuz\/wp-json\/wp\/v2\/types\/post"}],"author":[{"embeddable":true,"href":"https:\/\/us.edu.pl\/instytut\/ismuz\/wp-json\/wp\/v2\/users\/111"}],"replies":[{"embeddable":true,"href":"https:\/\/us.edu.pl\/instytut\/ismuz\/wp-json\/wp\/v2\/comments?post=2321"}],"version-history":[{"count":1,"href":"https:\/\/us.edu.pl\/instytut\/ismuz\/wp-json\/wp\/v2\/posts\/2321\/revisions"}],"predecessor-version":[{"id":2323,"href":"https:\/\/us.edu.pl\/instytut\/ismuz\/wp-json\/wp\/v2\/posts\/2321\/revisions\/2323"}],"wp:featuredmedia":[{"embeddable":true,"href":"https:\/\/us.edu.pl\/instytut\/ismuz\/wp-json\/wp\/v2\/media\/2322"}],"wp:attachment":[{"href":"https:\/\/us.edu.pl\/instytut\/ismuz\/wp-json\/wp\/v2\/media?parent=2321"}],"wp:term":[{"taxonomy":"category","embeddable":true,"href":"https:\/\/us.edu.pl\/instytut\/ismuz\/wp-json\/wp\/v2\/categories?post=2321"},{"taxonomy":"post_tag","embeddable":true,"href":"https:\/\/us.edu.pl\/instytut\/ismuz\/wp-json\/wp\/v2\/tags?post=2321"}],"curies":[{"name":"wp","href":"https:\/\/api.w.org\/{rel}","templated":true}]}}