{"id":2346,"date":"2021-06-01T11:01:58","date_gmt":"2021-06-01T09:01:58","guid":{"rendered":"https:\/\/us.edu.pl\/instytut\/ismuz\/?p=2346"},"modified":"2021-06-07T08:14:57","modified_gmt":"2021-06-07T06:14:57","slug":"wywiad-z-dr-danuta-zon-ciuk","status":"publish","type":"post","link":"https:\/\/us.edu.pl\/instytut\/ismuz\/2021\/06\/01\/wywiad-z-dr-danuta-zon-ciuk\/","title":{"rendered":"Wywiad z dr Danut\u0105 Zo\u0144-Ciuk"},"content":{"rendered":"<p>[vc_row][vc_column][vc_column_text]23 maja 2021 roku w Polskim Radio Katowice (audycja Res Musica pod \u00a0redakcj\u0105 Henryka Cierpio\u0142a) mia\u0142 miejsce wywiad z dr Danut\u0105 Zo\u0144-Ciuk, redaktork\u0105 nowej \u00a0publikacji pt. \u201eRyszard \u00a0Gabry\u015b. Utwory ch\u00f3ralne\u201d,\u00a0 wydanej przez Uniwersytet \u015al\u0105ski. Za\u0142\u0105cznik do \u00a0rozmowy stanowi prezentacja jednego z nagra\u0144 pt. \u201eTren dla Jana \u00a0Sztwiertni\u201d pod dyrekcj\u0105 autorki w wykonaniu Ch\u00f3ru Kameralnego \u201eA \u00a0piacere\u201d.<\/p>\n<p>[\/vc_column_text][\/vc_column][\/vc_row][vc_row el_class=&#8221;paudio&#8221;][vc_column][vc_raw_html]JTNDcCUzRUxpbmslMjBkbyUyMGF1ZHljamklM0ElMEElM0NiciUyMCUyRiUzRSUwQSUzQ2JyJTIwJTJGJTNFJTBBJTBBJTVCYXVkaW8lMjBtNGElM0QlMjJodHRwcyUzQSUyRiUyRnVzLmVkdS5wbCUyRmluc3R5dHV0JTJGaXNtdXolMkZ3cC1jb250ZW50JTJGdXBsb2FkcyUyRnNpdGVzJTJGNTQlMkZOaWVwcnp5cGlzYW5lJTJGQXVkeWNqYS1ILkNpZXJwaW8lQzUlODJhLURhbnV0YS1abyVDNSU4NC1DaXVrLXotdXR3b3JhbWktUnlzemFyZGEtR2FicnlzaWEtMS5tNGElMjIlNUQlNUIlMkZhdWRpbyU1RCUwQSUwQSUzQyUyRnAlM0U=[\/vc_raw_html][\/vc_column][\/vc_row]<\/p>","protected":false},"excerpt":{"rendered":"<p>[vc_row][vc_column][vc_column_text]23 maja 2021 roku w Polskim Radio Katowice (audycja Res Musica pod \u00a0redakcj\u0105 Henryka Cierpio\u0142a) mia\u0142 miejsce wywiad z dr Danut\u0105 Zo\u0144-Ciuk, redaktork\u0105 nowej \u00a0publikacji pt. \u201eRyszard \u00a0Gabry\u015b. Utwory ch\u00f3ralne\u201d,\u00a0 wydanej przez Uniwersytet \u015al\u0105ski. Za\u0142\u0105cznik do \u00a0rozmowy stanowi prezentacja jednego z nagra\u0144 pt. \u201eTren dla Jana \u00a0Sztwiertni\u201d pod dyrekcj\u0105 autorki w wykonaniu Ch\u00f3ru Kameralnego \u201eA [&#8230;]<\/p>\n<p><a class=\"btn btn-secondary understrap-read-more-link\" href=\"https:\/\/us.edu.pl\/instytut\/ismuz\/2021\/06\/01\/wywiad-z-dr-danuta-zon-ciuk\/\">Read More&#8230;<\/a><\/p>\n","protected":false},"author":111,"featured_media":2347,"comment_status":"open","ping_status":"open","sticky":false,"template":"","format":"standard","meta":{"_expiration-date-status":"saved","_expiration-date":0,"_expiration-date-type":"","_expiration-date-categories":[],"_expiration-date-options":[]},"categories":[8],"tags":[],"acf":[],"_links":{"self":[{"href":"https:\/\/us.edu.pl\/instytut\/ismuz\/wp-json\/wp\/v2\/posts\/2346"}],"collection":[{"href":"https:\/\/us.edu.pl\/instytut\/ismuz\/wp-json\/wp\/v2\/posts"}],"about":[{"href":"https:\/\/us.edu.pl\/instytut\/ismuz\/wp-json\/wp\/v2\/types\/post"}],"author":[{"embeddable":true,"href":"https:\/\/us.edu.pl\/instytut\/ismuz\/wp-json\/wp\/v2\/users\/111"}],"replies":[{"embeddable":true,"href":"https:\/\/us.edu.pl\/instytut\/ismuz\/wp-json\/wp\/v2\/comments?post=2346"}],"version-history":[{"count":6,"href":"https:\/\/us.edu.pl\/instytut\/ismuz\/wp-json\/wp\/v2\/posts\/2346\/revisions"}],"predecessor-version":[{"id":2358,"href":"https:\/\/us.edu.pl\/instytut\/ismuz\/wp-json\/wp\/v2\/posts\/2346\/revisions\/2358"}],"wp:featuredmedia":[{"embeddable":true,"href":"https:\/\/us.edu.pl\/instytut\/ismuz\/wp-json\/wp\/v2\/media\/2347"}],"wp:attachment":[{"href":"https:\/\/us.edu.pl\/instytut\/ismuz\/wp-json\/wp\/v2\/media?parent=2346"}],"wp:term":[{"taxonomy":"category","embeddable":true,"href":"https:\/\/us.edu.pl\/instytut\/ismuz\/wp-json\/wp\/v2\/categories?post=2346"},{"taxonomy":"post_tag","embeddable":true,"href":"https:\/\/us.edu.pl\/instytut\/ismuz\/wp-json\/wp\/v2\/tags?post=2346"}],"curies":[{"name":"wp","href":"https:\/\/api.w.org\/{rel}","templated":true}]}}