{"id":2355,"date":"2021-06-01T12:13:34","date_gmt":"2021-06-01T10:13:34","guid":{"rendered":"https:\/\/us.edu.pl\/instytut\/ismuz\/?p=2355"},"modified":"2021-06-01T12:13:34","modified_gmt":"2021-06-01T10:13:34","slug":"nominacje-do-fryderykow","status":"publish","type":"post","link":"https:\/\/us.edu.pl\/instytut\/ismuz\/2021\/06\/01\/nominacje-do-fryderykow\/","title":{"rendered":"Nominacje do Fryderyk\u00f3w"},"content":{"rendered":"<p>[vc_row][vc_column][vc_column_text]Ostatnia prosta do polskich muzycznych 'oskar\u00f3w&#8217; \/ polskich 'grammy awards&#8217;!<\/p>\n<p>MAMY DWIE NOMINACJE!!!<\/p>\n<p><strong>Decyzja w sprawie FRYDERYK\u00d3W zapadnie 25 czerwca.<\/strong><\/p>\n<p>Dwie p\u0142yty\u00a0<strong>Zespo\u0142u \u015apiewak\u00f3w Miasta Katowice\u00a0<\/strong><em><strong>Camerata Silesia<\/strong><\/em>\u00a0zosta\u0142y wyr\u00f3\u017cnione w\u00a0kategoriach:<br \/>\nAlbum Roku Muzyka Ch\u00f3ralna<br \/>\n(album\u00a0<em><strong>Roman Padlewski, Joanna Wnuk-Nazarowa: Tearfully<\/strong><\/em>\u00a0wydany przez\u00a0wytw\u00f3rni\u0119 DUX)<\/p>\n<p><img class=\"alignnone wp-image-5995 size-full\" src=\"https:\/\/us.edu.pl\/wydzial\/wsne\/wp-content\/uploads\/sites\/20\/Nieprzypisane\/muzyka_choralna-_fryderyki_2021.png\" alt=\"\" width=\"993\" height=\"194\" \/><\/p>\n<p>oraz\u00a0Album Roku Muzyka Wsp\u00f3\u0142czesna<br \/>\n(album\u00a0<em><strong>Camerata Silesia Sings Silesian Composers vol. 2<\/strong><\/em>, kt\u00f3rego\u00a0wydawc\u0105 jest Towarzystwo Przyjaci\u00f3\u0142 Muzyki im.\u00a0Andrzeja Krzanowskiego).<\/p>\n<p><img class=\"alignnone wp-image-5992 size-full\" src=\"https:\/\/us.edu.pl\/wydzial\/wsne\/wp-content\/uploads\/sites\/20\/Nieprzypisane\/album_roku_camerata_silesia_fryderyki_2021.png\" alt=\"\" width=\"964\" height=\"205\" \/><\/p>\n<p><img class=\"alignnone size-medium wp-image-5993\" src=\"https:\/\/us.edu.pl\/wydzial\/wsne\/wp-content\/uploads\/sites\/20\/Nieprzypisane\/CD-front-300x270.jpg\" alt=\"\" width=\"300\" height=\"270\" \/><img class=\"alignnone size-medium wp-image-5994\" src=\"https:\/\/us.edu.pl\/wydzial\/wsne\/wp-content\/uploads\/sites\/20\/Nieprzypisane\/CD-300x298.jpg\" alt=\"\" width=\"300\" height=\"298\" \/><\/p>\n<p><a href=\"http:\/\/fryderyki.pl\/17-03-2021-poznalismy-nominowanych-do-tegorocznych-fryderykow-w-kategoriach-muzyki-powaznej\/\">http:\/\/fryd<\/a><a href=\"http:\/\/fryderyki.pl\/17-03-2021-poznalismy-nominowanych-do-tegorocznych-fryderykow-w-kategoriach-muzyki-powaznej\/\">eryki.pl\/17-03-2021-poznalismy-nominowanych-do-tegorocznych-fryderykow-w-kategoriach-muzyki-powaznej\/<\/a><\/p>\n<p><a href=\"http:\/\/fryderyki.pl\/fryderyk-2021\/\">http:\/\/fryderyki.pl\/fryderyk-2021\/<\/a><\/p>\n<p><strong>Prosimy o trzymanie kciuk\u00f3w za Camerat\u0119 Silesi\u0119 (i kompozytor\u00f3w zwi\u0105zanych z cieszy\u0144skim Wydzia\u0142em, w roku jego jubileuszu)!<\/strong><\/p>\n<p><a href=\"https:\/\/www.onet.pl\/muzyka\/onetmuzyka\/fryderyki-2021-lista-nominowanych-data-gali\/n636eq0,681c1dfa\">https:\/\/www.onet.pl\/muzyka\/onetmuzyka\/fryderyki-2021-lista-nominowanych-data-gali\/n636eq0,681c1dfa<\/a><\/p>\n<p>Nagrania s\u0105 dost\u0119pne na stronie SoundCloud Cameraty Silesii:<\/p>\n<p><a href=\"https:\/\/soundcloud.com\/camerata_silesia_katowice\/sets\/camerata-silesia-sings-silesian-composers-vol2\">https:\/\/soundcloud.com\/camerata_silesia_katowice\/sets\/camerata-silesia-sings-silesian-composers-vol2<\/a><\/p>\n<p><a href=\"https:\/\/soundcloud.com\/camerata_silesia_katowice\/wies-aw-ciencia-a-venite\/sets\">https:\/\/soundcloud.com\/camerata_silesia_katowice\/wies-aw-ciencia-a-venite\/sets<\/a>[\/vc_column_text][\/vc_column][\/vc_row]<\/p>","protected":false},"excerpt":{"rendered":"<p>[vc_row][vc_column][vc_column_text]Ostatnia prosta do polskich muzycznych 'oskar\u00f3w&#8217; \/ polskich 'grammy awards&#8217;! MAMY DWIE NOMINACJE!!! Decyzja w sprawie FRYDERYK\u00d3W zapadnie 25 czerwca. Dwie p\u0142yty\u00a0Zespo\u0142u \u015apiewak\u00f3w Miasta Katowice\u00a0Camerata Silesia\u00a0zosta\u0142y wyr\u00f3\u017cnione w\u00a0kategoriach: Album Roku Muzyka Ch\u00f3ralna (album\u00a0Roman Padlewski, Joanna Wnuk-Nazarowa: Tearfully\u00a0wydany przez\u00a0wytw\u00f3rni\u0119 DUX) oraz\u00a0Album Roku Muzyka Wsp\u00f3\u0142czesna (album\u00a0Camerata Silesia Sings Silesian Composers vol. 2, kt\u00f3rego\u00a0wydawc\u0105 jest Towarzystwo Przyjaci\u00f3\u0142 Muzyki [&#8230;]<\/p>\n<p><a class=\"btn btn-secondary understrap-read-more-link\" href=\"https:\/\/us.edu.pl\/instytut\/ismuz\/2021\/06\/01\/nominacje-do-fryderykow\/\">Read More&#8230;<\/a><\/p>\n","protected":false},"author":111,"featured_media":2356,"comment_status":"open","ping_status":"open","sticky":false,"template":"","format":"standard","meta":{"_expiration-date-status":"saved","_expiration-date":0,"_expiration-date-type":"","_expiration-date-categories":[],"_expiration-date-options":[]},"categories":[8],"tags":[],"acf":[],"_links":{"self":[{"href":"https:\/\/us.edu.pl\/instytut\/ismuz\/wp-json\/wp\/v2\/posts\/2355"}],"collection":[{"href":"https:\/\/us.edu.pl\/instytut\/ismuz\/wp-json\/wp\/v2\/posts"}],"about":[{"href":"https:\/\/us.edu.pl\/instytut\/ismuz\/wp-json\/wp\/v2\/types\/post"}],"author":[{"embeddable":true,"href":"https:\/\/us.edu.pl\/instytut\/ismuz\/wp-json\/wp\/v2\/users\/111"}],"replies":[{"embeddable":true,"href":"https:\/\/us.edu.pl\/instytut\/ismuz\/wp-json\/wp\/v2\/comments?post=2355"}],"version-history":[{"count":1,"href":"https:\/\/us.edu.pl\/instytut\/ismuz\/wp-json\/wp\/v2\/posts\/2355\/revisions"}],"predecessor-version":[{"id":2357,"href":"https:\/\/us.edu.pl\/instytut\/ismuz\/wp-json\/wp\/v2\/posts\/2355\/revisions\/2357"}],"wp:featuredmedia":[{"embeddable":true,"href":"https:\/\/us.edu.pl\/instytut\/ismuz\/wp-json\/wp\/v2\/media\/2356"}],"wp:attachment":[{"href":"https:\/\/us.edu.pl\/instytut\/ismuz\/wp-json\/wp\/v2\/media?parent=2355"}],"wp:term":[{"taxonomy":"category","embeddable":true,"href":"https:\/\/us.edu.pl\/instytut\/ismuz\/wp-json\/wp\/v2\/categories?post=2355"},{"taxonomy":"post_tag","embeddable":true,"href":"https:\/\/us.edu.pl\/instytut\/ismuz\/wp-json\/wp\/v2\/tags?post=2355"}],"curies":[{"name":"wp","href":"https:\/\/api.w.org\/{rel}","templated":true}]}}