{"id":2390,"date":"2021-10-12T07:56:28","date_gmt":"2021-10-12T05:56:28","guid":{"rendered":"https:\/\/us.edu.pl\/instytut\/ismuz\/?p=2390"},"modified":"2021-10-12T07:56:55","modified_gmt":"2021-10-12T05:56:55","slug":"inauguracja-roku-akademickiego-2021-22-na-wydziale-sztuki-i-nauk-o-edukacji-w-cieszynie","status":"publish","type":"post","link":"https:\/\/us.edu.pl\/instytut\/ismuz\/2021\/10\/12\/inauguracja-roku-akademickiego-2021-22-na-wydziale-sztuki-i-nauk-o-edukacji-w-cieszynie\/","title":{"rendered":"Inauguracja roku akademickiego 2021\/22 na Wydziale Sztuki i Nauk o Edukacji w Cieszynie."},"content":{"rendered":"<p>[vc_row][vc_column][vc_column_text]<span style=\"font-size: 12pt;\">Jubileuszowa inauguracja roku akademickiego na Wydziale Sztuki i Nauk o Edukacji odby\u0142a si\u0119 11 pa\u017adziernika 2021 roku w teatrze im. Adama Mickiewicza w Cieszynie.<\/span><br \/>\n<span style=\"font-size: 12pt;\">Uroczysto\u015b\u0107 poprowadzi\u0142 dziekan dr hab. Krzysztof Marek B\u0105k, prof. U\u015a, a przem\u00f3wienie inauguracyjne wyg\u0142osi\u0142 rektor prof. dr hab. Ryszard Kozio\u0142ek. W programie wydarzenia znalaz\u0142a si\u0119 r\u00f3wnie\u017c immatrykulacja student\u00f3w poprowadzona przez prorektor ds. kszta\u0142cenia i student\u00f3w dr Katarzyn\u0119 Trynd\u0119, prof. U\u015a. Wyk\u0142ad inauguracyjny pt.: &#8222;Pocz\u0105tki tw\u00f3rczo\u015bci dzieci\u0119cej a dojrza\u0142a tw\u00f3rczo\u015b\u0107 artystyczna&#8221; wyg\u0142osi\u0142a prof. dr hab. Urszula Szu\u015bcik.<\/span><br \/>\n<span style=\"font-size: 12pt;\">Odby\u0142a si\u0119 r\u00f3wnie\u017c ceremonia wr\u0119czenia prof. dr. hab. Zygmuntowi K\u0142odnickiemu srebrnego medalu \u201eZas\u0142u\u017cony Kulturze Gloria Artis\u201d, nadanego przez Ministra Kultury, Dziedzictwa Narodowego i Sportu. Inauguracj\u0119 u\u015bwietni\u0142 koncert Cieszy\u0144skiej Orkiestry D\u0119tej Uniwersytetu \u015al\u0105skiego pod batut\u0105 dr. Karola Pyki.<\/span>[\/vc_column_text][\/vc_column][\/vc_row][vc_row][vc_column][vc_video link=&#8221;https:\/\/www.youtube.com\/watch?v=XRjZZW66dbc&#8221;][\/vc_column][\/vc_row]<\/p>","protected":false},"excerpt":{"rendered":"<p>[vc_row][vc_column][vc_column_text]Jubileuszowa inauguracja roku akademickiego na Wydziale Sztuki i Nauk o Edukacji odby\u0142a si\u0119 11 pa\u017adziernika 2021 roku w teatrze im. Adama Mickiewicza w Cieszynie. Uroczysto\u015b\u0107 poprowadzi\u0142 dziekan dr hab. Krzysztof Marek B\u0105k, prof. U\u015a, a przem\u00f3wienie inauguracyjne wyg\u0142osi\u0142 rektor prof. dr hab. Ryszard Kozio\u0142ek. W programie wydarzenia znalaz\u0142a si\u0119 r\u00f3wnie\u017c immatrykulacja student\u00f3w poprowadzona przez prorektor [&#8230;]<\/p>\n<p><a class=\"btn btn-secondary understrap-read-more-link\" href=\"https:\/\/us.edu.pl\/instytut\/ismuz\/2021\/10\/12\/inauguracja-roku-akademickiego-2021-22-na-wydziale-sztuki-i-nauk-o-edukacji-w-cieszynie\/\">Read More&#8230;<\/a><\/p>\n","protected":false},"author":111,"featured_media":2392,"comment_status":"open","ping_status":"open","sticky":false,"template":"","format":"standard","meta":{"_expiration-date-status":"saved","_expiration-date":0,"_expiration-date-type":"","_expiration-date-categories":[],"_expiration-date-options":[]},"categories":[1,8],"tags":[],"acf":[],"_links":{"self":[{"href":"https:\/\/us.edu.pl\/instytut\/ismuz\/wp-json\/wp\/v2\/posts\/2390"}],"collection":[{"href":"https:\/\/us.edu.pl\/instytut\/ismuz\/wp-json\/wp\/v2\/posts"}],"about":[{"href":"https:\/\/us.edu.pl\/instytut\/ismuz\/wp-json\/wp\/v2\/types\/post"}],"author":[{"embeddable":true,"href":"https:\/\/us.edu.pl\/instytut\/ismuz\/wp-json\/wp\/v2\/users\/111"}],"replies":[{"embeddable":true,"href":"https:\/\/us.edu.pl\/instytut\/ismuz\/wp-json\/wp\/v2\/comments?post=2390"}],"version-history":[{"count":1,"href":"https:\/\/us.edu.pl\/instytut\/ismuz\/wp-json\/wp\/v2\/posts\/2390\/revisions"}],"predecessor-version":[{"id":2391,"href":"https:\/\/us.edu.pl\/instytut\/ismuz\/wp-json\/wp\/v2\/posts\/2390\/revisions\/2391"}],"wp:featuredmedia":[{"embeddable":true,"href":"https:\/\/us.edu.pl\/instytut\/ismuz\/wp-json\/wp\/v2\/media\/2392"}],"wp:attachment":[{"href":"https:\/\/us.edu.pl\/instytut\/ismuz\/wp-json\/wp\/v2\/media?parent=2390"}],"wp:term":[{"taxonomy":"category","embeddable":true,"href":"https:\/\/us.edu.pl\/instytut\/ismuz\/wp-json\/wp\/v2\/categories?post=2390"},{"taxonomy":"post_tag","embeddable":true,"href":"https:\/\/us.edu.pl\/instytut\/ismuz\/wp-json\/wp\/v2\/tags?post=2390"}],"curies":[{"name":"wp","href":"https:\/\/api.w.org\/{rel}","templated":true}]}}