{"id":2444,"date":"2021-10-15T09:05:57","date_gmt":"2021-10-15T07:05:57","guid":{"rendered":"https:\/\/us.edu.pl\/instytut\/ismuz\/?p=2444"},"modified":"2021-10-15T09:08:35","modified_gmt":"2021-10-15T07:08:35","slug":"krotka-historia-dr-karola-pyki","status":"publish","type":"post","link":"https:\/\/us.edu.pl\/instytut\/ismuz\/2021\/10\/15\/krotka-historia-dr-karola-pyki\/","title":{"rendered":"&#8221;Kr\u00f3tka historia&#8221; dr. Karola Pyki"},"content":{"rendered":"<p><span style=\"font-size: 12pt;\">&#8222;Kr\u00f3tka historia&#8221; &#8211; kompozycja autorstwa dr. Karola Pyki zosta\u0142a prapremierowo zaprezentowana na inauguracji roku akademickiego 2021\/22 w teatrze im. A. Mickiewicza w Cieszynie. Utworowi w wykonaniu Cieszy\u0144skiej Orkiestry D\u0119tej Uniwersytetu \u015al\u0105skiego pod batut\u0105 dr. Karola Pyki towarzyszy\u0142a animacja stworzona przez dr hab. Katarzyn\u0119 Handzlik, prof. U\u015a oraz dr. hab. Krzysztofa Marka B\u0105ka, prof. U\u015a.<\/span><\/p>\n<p><span style=\"font-size: 12pt;\">Kompozycja wraz z teledyskiem jest prezentem autor\u00f3w na 50-lecie Uniwersytetu \u015al\u0105skiego w Cieszynie.<\/span><\/p>\n<p>&nbsp;<\/p>\n<div style=\"width: 640px;\" class=\"wp-video\"><!--[if lt IE 9]><script>document.createElement('video');<\/script><![endif]-->\n<video class=\"wp-video-shortcode\" id=\"video-2444-1\" width=\"640\" height=\"360\" preload=\"metadata\" controls=\"controls\"><source type=\"video\/mp4\" src=\"https:\/\/us.edu.pl\/wydzial\/wsne\/wp-content\/uploads\/sites\/20\/Nieprzypisane\/Kr\u00f3tka-historia-gotowe.mp4?_=1\" \/><a href=\"https:\/\/us.edu.pl\/wydzial\/wsne\/wp-content\/uploads\/sites\/20\/Nieprzypisane\/Kr\u00f3tka-historia-gotowe.mp4\">https:\/\/us.edu.pl\/wydzial\/wsne\/wp-content\/uploads\/sites\/20\/Nieprzypisane\/Kr\u00f3tka-historia-gotowe.mp4<\/a><\/video><\/div><\/p>","protected":false},"excerpt":{"rendered":"<p>&#8222;Kr\u00f3tka historia&#8221; &#8211; kompozycja autorstwa dr. Karola Pyki zosta\u0142a prapremierowo zaprezentowana na inauguracji roku akademickiego 2021\/22 w teatrze im. A. Mickiewicza w Cieszynie. Utworowi w wykonaniu Cieszy\u0144skiej Orkiestry D\u0119tej Uniwersytetu \u015al\u0105skiego pod batut\u0105 dr. Karola Pyki towarzyszy\u0142a animacja stworzona przez dr hab. Katarzyn\u0119 Handzlik, prof. U\u015a oraz dr. hab. Krzysztofa Marka B\u0105ka, prof. U\u015a. Kompozycja [&#8230;]<\/p>\n<p><a class=\"btn btn-secondary understrap-read-more-link\" href=\"https:\/\/us.edu.pl\/instytut\/ismuz\/2021\/10\/15\/krotka-historia-dr-karola-pyki\/\">Read More&#8230;<\/a><\/p>\n","protected":false},"author":111,"featured_media":0,"comment_status":"open","ping_status":"open","sticky":false,"template":"","format":"standard","meta":{"_expiration-date-status":"saved","_expiration-date":0,"_expiration-date-type":"","_expiration-date-categories":[],"_expiration-date-options":[]},"categories":[8],"tags":[],"acf":[],"_links":{"self":[{"href":"https:\/\/us.edu.pl\/instytut\/ismuz\/wp-json\/wp\/v2\/posts\/2444"}],"collection":[{"href":"https:\/\/us.edu.pl\/instytut\/ismuz\/wp-json\/wp\/v2\/posts"}],"about":[{"href":"https:\/\/us.edu.pl\/instytut\/ismuz\/wp-json\/wp\/v2\/types\/post"}],"author":[{"embeddable":true,"href":"https:\/\/us.edu.pl\/instytut\/ismuz\/wp-json\/wp\/v2\/users\/111"}],"replies":[{"embeddable":true,"href":"https:\/\/us.edu.pl\/instytut\/ismuz\/wp-json\/wp\/v2\/comments?post=2444"}],"version-history":[{"count":2,"href":"https:\/\/us.edu.pl\/instytut\/ismuz\/wp-json\/wp\/v2\/posts\/2444\/revisions"}],"predecessor-version":[{"id":2446,"href":"https:\/\/us.edu.pl\/instytut\/ismuz\/wp-json\/wp\/v2\/posts\/2444\/revisions\/2446"}],"wp:attachment":[{"href":"https:\/\/us.edu.pl\/instytut\/ismuz\/wp-json\/wp\/v2\/media?parent=2444"}],"wp:term":[{"taxonomy":"category","embeddable":true,"href":"https:\/\/us.edu.pl\/instytut\/ismuz\/wp-json\/wp\/v2\/categories?post=2444"},{"taxonomy":"post_tag","embeddable":true,"href":"https:\/\/us.edu.pl\/instytut\/ismuz\/wp-json\/wp\/v2\/tags?post=2444"}],"curies":[{"name":"wp","href":"https:\/\/api.w.org\/{rel}","templated":true}]}}