{"id":2518,"date":"2021-12-07T15:45:45","date_gmt":"2021-12-07T14:45:45","guid":{"rendered":"https:\/\/us.edu.pl\/instytut\/ismuz\/?p=2518"},"modified":"2021-12-07T15:57:24","modified_gmt":"2021-12-07T14:57:24","slug":"vi-miedzynarodowy-festiwal-muzyki-im-prof-jozefa-swidra","status":"publish","type":"post","link":"https:\/\/us.edu.pl\/instytut\/ismuz\/2021\/12\/07\/vi-miedzynarodowy-festiwal-muzyki-im-prof-jozefa-swidra\/","title":{"rendered":"VI Mi\u0119dzynarodowy Festiwal Muzyki im. Prof. J\u00f3zefa \u015awidra"},"content":{"rendered":"<p>[vc_row][vc_column][vc_column_text]<span style=\"font-size: 12pt;\">Z przyjemno\u015bci\u0105 informujemy, \u017ce w dniach 10-12 grudnia w Cieszynie odb\u0119dzie si\u0119 VI edycja Mi\u0119dzynarodowego Festiwalu Muzyki im. J\u00f3zefa \u015awidra \/The Prof. Jozef Swider International Festival of Music\/ &#8211; konkurs ch\u00f3ralny i koncerty towarzysz\u0105ce<\/span><\/p>\n<p><span style=\"font-size: 12pt;\">Organizatorem wydarzenia jest Uniwersytet \u015al\u0105ski w Katowicach, Wydzia\u0142 Sztuki i Nauk o Edukacji w Cieszynie przy wsp\u00f3\u0142organizacji Miasta Cieszyn i Powiatu Cieszy\u0144skiego.<\/span><\/p>\n<p><span style=\"font-size: 12pt;\">Tegoroczny Festiwal ze wzgl\u0119du na czas pandemii odb\u0119dzie si\u0119 w zmniejszonej formule wydarze\u0144. Jednak Mi\u0119dzynarodowy Konkurs Ch\u00f3ralny im J\u00f3zefa \u015awidra b\u0119dzie bardzo licznie reprezentowany przez ch\u00f3ry polskie i zagraniczne. Wyst\u0105pi 16 zespo\u0142\u00f3w, tak\u017ce zespo\u0142y zagraniczne z Indonezji, Ukrainy, Bia\u0142orusi, S\u0142owacji, \u0141otwy i Czech. Cz\u0119\u015b\u0107 ch\u00f3r\u00f3w zawita do Cieszyna,\u00a0 cze\u015b\u0107 b\u0119dzie uczestniczy\u0107 w formie online.<\/span><br \/>\n<span style=\"font-size: 12pt;\">Przes\u0142uchania odb\u0119d\u0105 si\u0119 w Cieszy\u0144skim O\u015brodku Kultury Dom Narodowy w pi\u0105tek, 10 grudnia od godz. 18:30 (przes\u0142uchania online) oraz w sobot\u0119 11 grudnia w godzinach 10:00-15:00 (przes\u0142uchania stacjonarne).<\/span><\/p>\n<p><span style=\"font-size: 12pt;\">W sobot\u0119 11 grudnia o godz. 18:30 odb\u0119dzie si\u0119 Koncert Galowy w Ko\u015bciele Jezusowym w Cieszynie, podczas kt\u00f3rego wyst\u0105pi\u0105 ch\u00f3ry uczestnicz\u0105ce w konkursie stacjonarnym. B\u0119dzie to mo\u017cliwo\u015b\u0107 us\u0142yszenia i poznania Laureat\u00f3w Konkursu o Grand Prix JM Rektora Uniwersytetu \u015al\u0105skiego, a tak\u017ce Statuetki Cantus ufundowanej przez Rodzin\u0119 Profesora za najlepsze wykonanie kompozycji J\u00f3zefa \u015awidra.<\/span><br \/>\n<span style=\"font-size: 12pt;\">Przyznane zostan\u0105 r\u00f3wnie\u017c nagrody specjalne:<\/span><\/p>\n<ul>\n<li><span style=\"font-size: 12pt;\">za najlepsze wykonanie utworu wsp\u00f3\u0142czesnego kompozytora,<\/span><\/li>\n<li><span style=\"font-size: 12pt;\">za najciekawsz\u0105 interpretacj\u0119 utworu o charakterze sakralnym,<\/span><\/li>\n<li><span style=\"font-size: 12pt;\">za najlepsze wykonanie utworu Prof. J\u00f3zefa \u015awidra,<\/span><\/li>\n<li><span style=\"font-size: 12pt;\">za najciekawsze wykonanie utworu kompozytora zwi\u0105zanego ze \u015al\u0105skiem Cieszy\u0144skim,<\/span><\/li>\n<li><span style=\"font-size: 12pt;\">za najciekawsz\u0105 interpretacj\u0119 utworu inspirowanego folklorem.<\/span><\/li>\n<\/ul>\n<p><span style=\"font-size: 12pt;\">Festiwal to swego rodzaj \u201eho\u0142d\u201d dla Profesora J\u00f3zefa \u015awidra \u2013zwi\u0105zanego z Cieszynem i Katowicami kompozytora, wyk\u0142adowcy akademickiego, spo\u0142ecznika, przyjaciela m\u0142odzie\u017cy, kt\u00f3rego wk\u0142ad w rozw\u00f3j polskiej i \u015bwiatowej literatury ch\u00f3ralnej jest niepodwa\u017calny i ponadwymiarowy.<\/span><\/p>\n<p><span style=\"font-size: 12pt;\">W 2015 roku na \u015al\u0105sku Cieszy\u0144skim zainaugurowa\u0142 swoje istnienie Mi\u0119dzynarodowy Festiwal Muzyki im Profesora J\u00f3zefa \u015awidra. Wydarzenie to sta\u0142o si\u0119 niejako \u201ewizyt\u00f3wk\u0105\u201d ch\u00f3ralistyki regionu. Muzyka ch\u00f3ralna odgrywa znacz\u0105c\u0105 rol\u0119 w kszta\u0142towaniu to\u017csamo\u015bci narodowej i kulturowej \u015al\u0105ska Cieszy\u0144skiego. Bogata tradycja \u015bpiewacza tego regionu w istotny spos\u00f3b wp\u0142ywa\u0142a \u2013 i wci\u0105\u017c wp\u0142ywa \u2013 na edukacj\u0119, wychowanie, zainteresowanie kultur\u0105, a tak\u017ce \u017cycie codzienne jego mieszka\u0144c\u00f3w. Zamys\u0142em organizator\u00f3w festiwalu by\u0142a aktywizacja i zaanga\u017cowanie w ramach jednego wydarzenia wszelkich \u015brodowisk dzia\u0142aj\u0105cych w obszarze muzyki ch\u00f3ralnej. Festiwal ma propagowa\u0107 warto\u015bci zwi\u0105zane z tradycj\u0105 i histori\u0105 \u015al\u0105ska Cieszy\u0144skiego oraz piel\u0119gnowa\u0107 przywi\u0105zanie do ziemi ojczystej poprzez kultywowanie sztuki muzycznej regionu i promowanie tw\u00f3rczo\u015bci lokalnych kompozytor\u00f3w. Towarzyszy temu wymiana do\u015bwiadcze\u0144 artystycznych i edukacyjnych, popularyzacja literatury ch\u00f3ralnej r\u00f3\u017cnych styl\u00f3w i epok, doskonalenie poziomu wykonawczego amatorskich zespo\u0142\u00f3w ch\u00f3ralnych,\u00a0 a tak\u017ce rozpowszechnianie kompozycji J\u00f3zefa \u015awidra oraz tw\u00f3rczo\u015bci lokalnych kompozytor\u00f3w. Festiwal ma rozpowszechnia\u0107 muzyk\u0119 tego Regionu na ca\u0142y \u015bwiat.<\/span><\/p>\n<p><span style=\"font-size: 12pt;\">Mi\u0119dzynarodowy Festiwal Muzyki poprzez sze\u015b\u0107 swoich edycji jest ju\u017c rozpoznawaln\u0105 mark\u0105 w Polsce i r\u00f3\u017cnych krajach \u015bwiata.<\/span><\/p>\n<p><span style=\"font-size: 12pt;\"><strong>Wi\u0119cej informacji i szczeg\u00f3\u0142y programu na stronie: <a href=\"http:\/\/www.festiwalswider.us.edu.pl\/\">http:\/\/www.festiwalswider.us.edu.pl\/<\/a>\u00a0<\/strong><\/span><\/p>\n<p><span style=\"font-size: 12pt;\"><strong><img class=\"alignnone wp-image-2519 size-full\" src=\"https:\/\/us.edu.pl\/instytut\/ismuz\/wp-content\/uploads\/sites\/54\/Nieprzypisane\/plakat-Festival-Swidra-2021-3.png\" alt=\"Plakat-VI Mi\u0119dzynarodowy Festiwal Muzyki im. Prof. J\u00f3zefa \u015awidra\" width=\"1433\" height=\"2000\" srcset=\"https:\/\/us.edu.pl\/instytut\/ismuz\/wp-content\/uploads\/sites\/54\/Nieprzypisane\/plakat-Festival-Swidra-2021-3.png 1433w, https:\/\/us.edu.pl\/instytut\/ismuz\/wp-content\/uploads\/sites\/54\/Nieprzypisane\/plakat-Festival-Swidra-2021-3-215x300.png 215w, https:\/\/us.edu.pl\/instytut\/ismuz\/wp-content\/uploads\/sites\/54\/Nieprzypisane\/plakat-Festival-Swidra-2021-3-768x1072.png 768w, https:\/\/us.edu.pl\/instytut\/ismuz\/wp-content\/uploads\/sites\/54\/Nieprzypisane\/plakat-Festival-Swidra-2021-3-734x1024.png 734w, https:\/\/us.edu.pl\/instytut\/ismuz\/wp-content\/uploads\/sites\/54\/Nieprzypisane\/plakat-Festival-Swidra-2021-3-412x575.png 412w\" sizes=\"(max-width: 1433px) 100vw, 1433px\" \/><\/strong><\/span><\/p>\n<p><span style=\"font-size: 12pt;\"><strong>Ch\u00f3ry uczestnicz\u0105ce w konkursie:<\/strong><\/span><\/p>\n<ul>\n<li><span style=\"font-size: 12pt;\">Akademicki Ch\u00f3r Politechniki Opolskiej, Opole\/Polska<br \/>\n<\/span><span style=\"font-size: 12pt;\">dyrygent: Ludmi\u0142a Wocial-Zawadzka<\/span><\/li>\n<li><span style=\"font-size: 12pt;\">Akademicki Ch\u00f3r Uniwersytetu Medycznego, Lublin\/Polska<br \/>\n<\/span><span style=\"font-size: 12pt;\">dyrygent: Monika Mielko-Remiszewska<\/span><\/li>\n<li><span style=\"font-size: 12pt;\">Ch\u00f3r \u201eAngelus Cantat\u201d, G\u0142ubczyce\/Polska<br \/>\n<\/span><span style=\"font-size: 12pt;\">dyrygent: Tadeusz Eckert<\/span><\/li>\n<li><span style=\"font-size: 12pt;\">Ch\u00f3r \u201eCantus Cordis\u201d, Dzier\u017cy\u0144sk, obw. Mi\u0144sk\/Bia\u0142oru\u015b<br \/>\n<\/span><span style=\"font-size: 12pt;\">dyrygent: Janina Chwa\u0142ko<\/span><\/li>\n<li><span style=\"font-size: 12pt;\">Ch\u00f3r \u201eGloria Brunensis\u201d, Brno\/Republika Czeska<br \/>\n<\/span><span style=\"font-size: 12pt;\">dyrygent: Natalia Chirilenco<\/span><\/li>\n<li><span style=\"font-size: 12pt;\">Ch\u00f3r Kameralny \u201dLege Artis\u201d, Psz\u00f3w\/Polska<br \/>\n<\/span><span style=\"font-size: 12pt;\">dyrygent: Szymon Staniszewski<\/span><\/li>\n<li><span style=\"font-size: 12pt;\">Ch\u00f3r Kameralny \u201eSlavica Musa\u201d, Knur\u00f3w\/Polska<br \/>\n<\/span><span style=\"font-size: 12pt;\">dyrygent: Tomasz Pawe\u0142 Sadownik<\/span><\/li>\n<li><span style=\"font-size: 12pt;\">Ch\u00f3r \u201eLaudate Dominum, Opole\/Polska<br \/>\n<\/span><span style=\"font-size: 12pt;\">dyrygent: Ludmi\u0142a Wocial-Zawadzka<\/span><\/li>\n<li><span style=\"font-size: 12pt;\">Ch\u00f3r Mieszany &#8222;Daugava\u201d, Daugavpils \/ \u0141otwa<br \/>\n<\/span><span style=\"font-size: 12pt;\">dyrygent: Jevge\u0146ijs Ustinskovs<\/span><\/li>\n<li><span style=\"font-size: 12pt;\">Ch\u00f3r Mieszany ,,Echo\u201d, Zebrzydowice\/Polska<br \/>\n<\/span><span style=\"font-size: 12pt;\">dyrygent: Jadwiga Sikora<\/span><\/li>\n<li><span style=\"font-size: 12pt;\">Ch\u00f3r M\u0142odzie\u017cowy Ave Sol, Bielsko-Bia\u0142a\/Polska<br \/>\n<\/span><span style=\"font-size: 12pt;\">dyrygent: Marcin Pollak<\/span><\/li>\n<li><span style=\"font-size: 12pt;\">Ch\u00f3r \u201eSaria Silvis\u201d, Lipany\/S\u0142owacja<br \/>\n<\/span><span style=\"font-size: 12pt;\">dyrygent: Gabriela Pinterova<\/span><\/li>\n<li><span style=\"font-size: 12pt;\">Ch\u00f3r \u201eVoci Veloci\u201d Pa\u0144stwowej Szko\u0142y Muzycznej I st.\u00a0 Szczecin\/Polska<br \/>\n<\/span><span style=\"font-size: 12pt;\">dyrygent: Agata Czekali\u0144ska<\/span><\/li>\n<li><span style=\"font-size: 12pt;\">Galician Chamber Choir \u201eYevshan\u201d, Lw\u00f3w\/Ukraina<br \/>\n<\/span><span style=\"font-size: 12pt;\">dyrygent: Iryna Kreslenko<\/span><\/li>\n<li><span style=\"font-size: 12pt;\">PSM \u201cSwara Wadhana\u201d UNY, Yogyakarta\/Indonezja<br \/>\n<\/span><span style=\"font-size: 12pt;\">dyrygent: Lukas Gunawan Arga Rakasiwi<\/span><\/li>\n<li><span style=\"font-size: 12pt;\">Zabrza\u0144ski Ch\u00f3r\u00a0 M\u0142odzie\u017cowy \u201eResonans con tutti\u201d, Zabrze\/Polska<br \/>\n<\/span><span style=\"font-size: 12pt;\">dyrygent: Arlena R\u00f3\u017cycka-Ga\u0142\u0105zka, Waldemar Ga\u0142\u0105zka<\/span><\/li>\n<\/ul>\n<p><span style=\"font-size: 12pt;\"><strong>JURY:<\/strong><\/span><\/p>\n<ul>\n<li><span style=\"font-size: 12pt;\">Prof. dr hab. Dariusz Dyczewski, Akademia Sztuki w Szczecinie<\/span><\/li>\n<li><span style=\"font-size: 12pt;\">Prof. dr\u00a0 hab. Izabella Zielecka-Panek, Uniwersytet \u015al\u0105ski w Katowicach<\/span><\/li>\n<li><span style=\"font-size: 12pt;\">Prof. dr hab. Marcin Tomczak, Akademia Muzyczna im. S. Moniuszki w Gda\u0144sku<\/span><\/li>\n<li><span style=\"font-size: 12pt;\">Prof. dr hab. Milan Kolena, Akademia Sztuk Scenicznych w Bratys\u0142awie<\/span><\/li>\n<\/ul>\n<p><span style=\"font-size: 12pt;\"><strong>PATRONATY HONOROWE:<\/strong><\/span><\/p>\n<ul>\n<li><span style=\"font-size: 12pt;\">J.M. REKTOR UNIWERSYTETU \u015aL\u0104SKIEGO prof. dr hab. Ryszard Kozio\u0142ek<\/span><\/li>\n<li><span style=\"font-size: 12pt;\">STAROSTA CIESZY\u0143SKI Mieczys\u0142aw Szczurek<\/span><\/li>\n<li><span style=\"font-size: 12pt;\">BURMISTRZ MIASTA CIESZYNA Gabriela Staszkiewicz<\/span><\/li>\n<li><span style=\"font-size: 12pt;\">J.E. KS. ARCYBISKUP METROPOLITA KATOWICKI dr Wiktor Skworc<\/span><\/li>\n<li><span style=\"font-size: 12pt;\">J.E.BISKUP DIECEZJI CIESZY\u0143SKIEJ KO\u015aCIO\u0141A EWANGELICKO-AUGSBURSKIEGO dr Adrian Korczago<\/span><\/li>\n<li><span style=\"font-size: 12pt;\">J.E.BISKUP DIECEZJI KATOWICKIEJ KO\u015aCIO\u0141A EWANGELICKO-AUGSBURSKIEGO\u00a0dr Marian Niemiec<\/span><\/li>\n<\/ul>\n<p><span style=\"font-size: 12pt;\"><strong>ORGANIZATORZY<\/strong><\/span><\/p>\n<ul>\n<li><span style=\"font-size: 12pt;\">Uniwersytet \u015al\u0105ski w Katowicach<\/span><\/li>\n<li><span style=\"font-size: 12pt;\">Wydzia\u0142 Sztuki i Nauk o Edukacji w Cieszynie<\/span><\/li>\n<li><span style=\"font-size: 12pt;\">Instytut Sztuk Muzycznych U\u015a w Cieszynie<\/span><\/li>\n<\/ul>\n<p><span style=\"font-size: 12pt;\"><strong>WSP\u00d3\u0141ORGANIZATORZY<\/strong><\/span><\/p>\n<ul>\n<li><span style=\"font-size: 12pt;\">Starostwo Powiatowe w Cieszynie<\/span><\/li>\n<li><span style=\"font-size: 12pt;\">Miasto Cieszyn<\/span><\/li>\n<\/ul>\n<p><span style=\"font-size: 12pt;\"><strong>PARTNERZY<\/strong><\/span><\/p>\n<ul>\n<li><span style=\"font-size: 12pt;\">Fundacja Profesora J\u00f3zefa \u015awidra<\/span><\/li>\n<li><span style=\"font-size: 12pt;\">Cieszy\u0144ski O\u015brodek Kultury Dom Narodowy<\/span><\/li>\n<li><span style=\"font-size: 12pt;\">Fundacja Muzyka Bez Granic<\/span><\/li>\n<li><span style=\"font-size: 12pt;\">Zarz\u0105d G\u0142\u00f3wny Polskiego Zwi\u0105zek Ch\u00f3r\u00f3w i Orkiestr w Warszawie<\/span><\/li>\n<li><span style=\"font-size: 12pt;\">Polski Zwi\u0105zek Ch\u00f3r\u00f3w i Orkiestr Oddzia\u0142 w Bielsku Bia\u0142ej<\/span><\/li>\n<li><span style=\"font-size: 12pt;\">Gminne Centrum Kultury w Gorzycach<\/span><\/li>\n<li><span style=\"font-size: 12pt;\">Parafia Ewangelicko-Augsburska w Cieszynie<\/span><\/li>\n<li><span style=\"font-size: 12pt;\">Parafia Naj\u015bwi\u0119tszego Serca Pana Jezusa w Rogowie<\/span><\/li>\n<\/ul>\n<p><span style=\"font-size: 12pt;\"><strong>WSP\u00d3\u0141PRACA REDAKCYJNA<\/strong><\/span><\/p>\n<ul>\n<li><span style=\"font-size: 12pt;\">Tomasz Stolz Photography<\/span><\/li>\n<\/ul>\n<p><span style=\"font-size: 12pt;\"><strong>PATRONAT MEDIALNY<\/strong><\/span><\/p>\n<ul>\n<li><span style=\"font-size: 12pt;\">Polskie Radio Katowice<\/span><\/li>\n<li><span style=\"font-size: 12pt;\">Telewizja Polska Katowice<\/span><\/li>\n<li><span style=\"font-size: 12pt;\">Portal OX.pl<\/span><\/li>\n<li><span style=\"font-size: 12pt;\">Prestoportal.pl<\/span><\/li>\n<\/ul>\n<p>[\/vc_column_text][\/vc_column][\/vc_row]<\/p>","protected":false},"excerpt":{"rendered":"<p>[vc_row][vc_column][vc_column_text]Z przyjemno\u015bci\u0105 informujemy, \u017ce w dniach 10-12 grudnia w Cieszynie odb\u0119dzie si\u0119 VI edycja Mi\u0119dzynarodowego Festiwalu Muzyki im. J\u00f3zefa \u015awidra \/The Prof. Jozef Swider International Festival of Music\/ &#8211; konkurs ch\u00f3ralny i koncerty towarzysz\u0105ce Organizatorem wydarzenia jest Uniwersytet \u015al\u0105ski w Katowicach, Wydzia\u0142 Sztuki i Nauk o Edukacji w Cieszynie przy wsp\u00f3\u0142organizacji Miasta Cieszyn i Powiatu [&#8230;]<\/p>\n<p><a class=\"btn btn-secondary understrap-read-more-link\" href=\"https:\/\/us.edu.pl\/instytut\/ismuz\/2021\/12\/07\/vi-miedzynarodowy-festiwal-muzyki-im-prof-jozefa-swidra\/\">Read More&#8230;<\/a><\/p>\n","protected":false},"author":110,"featured_media":2519,"comment_status":"open","ping_status":"open","sticky":false,"template":"","format":"standard","meta":{"_expiration-date-status":"saved","_expiration-date":0,"_expiration-date-type":"","_expiration-date-categories":[],"_expiration-date-options":[]},"categories":[8],"tags":[],"acf":[],"_links":{"self":[{"href":"https:\/\/us.edu.pl\/instytut\/ismuz\/wp-json\/wp\/v2\/posts\/2518"}],"collection":[{"href":"https:\/\/us.edu.pl\/instytut\/ismuz\/wp-json\/wp\/v2\/posts"}],"about":[{"href":"https:\/\/us.edu.pl\/instytut\/ismuz\/wp-json\/wp\/v2\/types\/post"}],"author":[{"embeddable":true,"href":"https:\/\/us.edu.pl\/instytut\/ismuz\/wp-json\/wp\/v2\/users\/110"}],"replies":[{"embeddable":true,"href":"https:\/\/us.edu.pl\/instytut\/ismuz\/wp-json\/wp\/v2\/comments?post=2518"}],"version-history":[{"count":5,"href":"https:\/\/us.edu.pl\/instytut\/ismuz\/wp-json\/wp\/v2\/posts\/2518\/revisions"}],"predecessor-version":[{"id":2524,"href":"https:\/\/us.edu.pl\/instytut\/ismuz\/wp-json\/wp\/v2\/posts\/2518\/revisions\/2524"}],"wp:featuredmedia":[{"embeddable":true,"href":"https:\/\/us.edu.pl\/instytut\/ismuz\/wp-json\/wp\/v2\/media\/2519"}],"wp:attachment":[{"href":"https:\/\/us.edu.pl\/instytut\/ismuz\/wp-json\/wp\/v2\/media?parent=2518"}],"wp:term":[{"taxonomy":"category","embeddable":true,"href":"https:\/\/us.edu.pl\/instytut\/ismuz\/wp-json\/wp\/v2\/categories?post=2518"},{"taxonomy":"post_tag","embeddable":true,"href":"https:\/\/us.edu.pl\/instytut\/ismuz\/wp-json\/wp\/v2\/tags?post=2518"}],"curies":[{"name":"wp","href":"https:\/\/api.w.org\/{rel}","templated":true}]}}