{"id":2572,"date":"2022-01-27T13:45:59","date_gmt":"2022-01-27T12:45:59","guid":{"rendered":"https:\/\/us.edu.pl\/instytut\/ismuz\/?p=2572"},"modified":"2022-01-27T13:46:56","modified_gmt":"2022-01-27T12:46:56","slug":"koncert-akademickie-koledowe-ostatki-w-dniu-31-stycznia-zostaje-odwolany","status":"publish","type":"post","link":"https:\/\/us.edu.pl\/instytut\/ismuz\/2022\/01\/27\/koncert-akademickie-koledowe-ostatki-w-dniu-31-stycznia-zostaje-odwolany\/","title":{"rendered":"Koncert \u201eAkademickie Kol\u0119dowe Ostatki\u201d w dniu 31 stycznia zostaje odwo\u0142any."},"content":{"rendered":"<p>[vc_row][vc_column][vc_column_text]<span style=\"font-size: 12pt;\"><strong>Ze wzgl\u0119du na obostrzenia zwi\u0105zane z funkcjonowaniem naszej uczelni w czasie COVID-19 ulegn\u0105 zmianie programy koncert\u00f3w cyklu \u201eAkademickie Kol\u0119dowe Ostatki\u201d za co serdecznie przepraszamy.<\/strong><\/span><\/p>\n<p><span style=\"font-size: 12pt;\"><strong>Koncert zaliczeniowy student\u00f3w II roku planowany na dzie\u0144 31 stycznia zostaje odwo\u0142any.<\/strong><\/span><\/p>\n<p><span style=\"font-size: 12pt;\"><strong>W imieniu organizator\u00f3w<\/strong><\/span><\/p>\n<p><span style=\"font-size: 12pt;\"><strong>Hubert Mi\u015bka<\/strong><\/span><\/p>\n<p><img class=\"alignnone wp-image-2573 size-full\" src=\"https:\/\/us.edu.pl\/instytut\/ismuz\/wp-content\/uploads\/sites\/54\/Nieprzypisane\/Koledowe-Ostatki-2022.jpg\" alt=\"plakat -Kol\u0119dowe ostatki\" width=\"877\" height=\"1241\" srcset=\"https:\/\/us.edu.pl\/instytut\/ismuz\/wp-content\/uploads\/sites\/54\/Nieprzypisane\/Koledowe-Ostatki-2022.jpg 877w, https:\/\/us.edu.pl\/instytut\/ismuz\/wp-content\/uploads\/sites\/54\/Nieprzypisane\/Koledowe-Ostatki-2022-212x300.jpg 212w, https:\/\/us.edu.pl\/instytut\/ismuz\/wp-content\/uploads\/sites\/54\/Nieprzypisane\/Koledowe-Ostatki-2022-768x1087.jpg 768w, https:\/\/us.edu.pl\/instytut\/ismuz\/wp-content\/uploads\/sites\/54\/Nieprzypisane\/Koledowe-Ostatki-2022-724x1024.jpg 724w, https:\/\/us.edu.pl\/instytut\/ismuz\/wp-content\/uploads\/sites\/54\/Nieprzypisane\/Koledowe-Ostatki-2022-406x575.jpg 406w\" sizes=\"(max-width: 877px) 100vw, 877px\" \/>[\/vc_column_text][\/vc_column][\/vc_row]<\/p>","protected":false},"excerpt":{"rendered":"<p>[vc_row][vc_column][vc_column_text]Ze wzgl\u0119du na obostrzenia zwi\u0105zane z funkcjonowaniem naszej uczelni w czasie COVID-19 ulegn\u0105 zmianie programy koncert\u00f3w cyklu \u201eAkademickie Kol\u0119dowe Ostatki\u201d za co serdecznie przepraszamy. Koncert zaliczeniowy student\u00f3w II roku planowany na dzie\u0144 31 stycznia zostaje odwo\u0142any. W imieniu organizator\u00f3w Hubert Mi\u015bka [\/vc_column_text][\/vc_column][\/vc_row] [&#8230;]<\/p>\n<p><a class=\"btn btn-secondary understrap-read-more-link\" href=\"https:\/\/us.edu.pl\/instytut\/ismuz\/2022\/01\/27\/koncert-akademickie-koledowe-ostatki-w-dniu-31-stycznia-zostaje-odwolany\/\">Read More&#8230;<\/a><\/p>\n","protected":false},"author":110,"featured_media":2573,"comment_status":"open","ping_status":"open","sticky":false,"template":"","format":"standard","meta":{"_expiration-date-status":"saved","_expiration-date":0,"_expiration-date-type":"","_expiration-date-categories":[],"_expiration-date-options":[]},"categories":[8],"tags":[],"acf":[],"_links":{"self":[{"href":"https:\/\/us.edu.pl\/instytut\/ismuz\/wp-json\/wp\/v2\/posts\/2572"}],"collection":[{"href":"https:\/\/us.edu.pl\/instytut\/ismuz\/wp-json\/wp\/v2\/posts"}],"about":[{"href":"https:\/\/us.edu.pl\/instytut\/ismuz\/wp-json\/wp\/v2\/types\/post"}],"author":[{"embeddable":true,"href":"https:\/\/us.edu.pl\/instytut\/ismuz\/wp-json\/wp\/v2\/users\/110"}],"replies":[{"embeddable":true,"href":"https:\/\/us.edu.pl\/instytut\/ismuz\/wp-json\/wp\/v2\/comments?post=2572"}],"version-history":[{"count":1,"href":"https:\/\/us.edu.pl\/instytut\/ismuz\/wp-json\/wp\/v2\/posts\/2572\/revisions"}],"predecessor-version":[{"id":2574,"href":"https:\/\/us.edu.pl\/instytut\/ismuz\/wp-json\/wp\/v2\/posts\/2572\/revisions\/2574"}],"wp:featuredmedia":[{"embeddable":true,"href":"https:\/\/us.edu.pl\/instytut\/ismuz\/wp-json\/wp\/v2\/media\/2573"}],"wp:attachment":[{"href":"https:\/\/us.edu.pl\/instytut\/ismuz\/wp-json\/wp\/v2\/media?parent=2572"}],"wp:term":[{"taxonomy":"category","embeddable":true,"href":"https:\/\/us.edu.pl\/instytut\/ismuz\/wp-json\/wp\/v2\/categories?post=2572"},{"taxonomy":"post_tag","embeddable":true,"href":"https:\/\/us.edu.pl\/instytut\/ismuz\/wp-json\/wp\/v2\/tags?post=2572"}],"curies":[{"name":"wp","href":"https:\/\/api.w.org\/{rel}","templated":true}]}}