{"id":2670,"date":"2022-03-24T14:06:59","date_gmt":"2022-03-24T13:06:59","guid":{"rendered":"https:\/\/us.edu.pl\/instytut\/ismuz\/?p=2670"},"modified":"2022-03-24T14:06:59","modified_gmt":"2022-03-24T13:06:59","slug":"koncert-muzyki-choralnej-w-wykonaniu-choru-filharmonii-slaskiej","status":"publish","type":"post","link":"https:\/\/us.edu.pl\/instytut\/ismuz\/2022\/03\/24\/koncert-muzyki-choralnej-w-wykonaniu-choru-filharmonii-slaskiej\/","title":{"rendered":"Koncert muzyki ch\u00f3ralnej w wykonaniu Ch\u00f3ru Filharmonii \u015al\u0105skiej"},"content":{"rendered":"<p>[vc_row][vc_column][vc_column_text]<span style=\"font-size: 12pt;\"><em>Dnia 09. kwietnia 2022 r. odb\u0119dzie koncert muzyki ch\u00f3ralnej w wykonaniu Ch\u00f3ru Filharmonii \u015al\u0105skiej im. H.M. G\u00f3reckiego. W programie koncertu znale\u017a\u0107 mo\u017cna kompozycje dr Adriana Robaka pt. &#8222;Pasja wed\u0142ug \u015bw. Marka&#8221; na ch\u00f3r mieszany a cappella . Ponadto program koncertu obj\u0105\u0142 kompozycj\u0119 autorstwa kompozytor\u00f3w ukrai\u0144skich.\u00a0<\/em><\/span><\/p>\n<p><span style=\"font-size: 12pt;\"><a href=\"https:\/\/filharmonia-slaska.eu\/production\/katowice-wolanin-chor-filharmonii-slaskiej\/\">https:\/\/filharmonia-slaska.eu\/production\/katowice-wolanin-chor-filharmonii-slaskiej\/\u00a0<\/a><\/span>[\/vc_column_text][\/vc_column][\/vc_row]<\/p>","protected":false},"excerpt":{"rendered":"<p>[vc_row][vc_column][vc_column_text]Dnia 09. kwietnia 2022 r. odb\u0119dzie koncert muzyki ch\u00f3ralnej w wykonaniu Ch\u00f3ru Filharmonii \u015al\u0105skiej im. H.M. G\u00f3reckiego. W programie koncertu znale\u017a\u0107 mo\u017cna kompozycje dr Adriana Robaka pt. &#8222;Pasja wed\u0142ug \u015bw. Marka&#8221; na ch\u00f3r mieszany a cappella . Ponadto program koncertu obj\u0105\u0142 kompozycj\u0119 autorstwa kompozytor\u00f3w ukrai\u0144skich.\u00a0 https:\/\/filharmonia-slaska.eu\/production\/katowice-wolanin-chor-filharmonii-slaskiej\/\u00a0[\/vc_column_text][\/vc_column][\/vc_row] [&#8230;]<\/p>\n<p><a class=\"btn btn-secondary understrap-read-more-link\" href=\"https:\/\/us.edu.pl\/instytut\/ismuz\/2022\/03\/24\/koncert-muzyki-choralnej-w-wykonaniu-choru-filharmonii-slaskiej\/\">Read More&#8230;<\/a><\/p>\n","protected":false},"author":110,"featured_media":2671,"comment_status":"open","ping_status":"open","sticky":false,"template":"","format":"standard","meta":{"_expiration-date-status":"saved","_expiration-date":0,"_expiration-date-type":"","_expiration-date-categories":[],"_expiration-date-options":[]},"categories":[8],"tags":[],"acf":[],"_links":{"self":[{"href":"https:\/\/us.edu.pl\/instytut\/ismuz\/wp-json\/wp\/v2\/posts\/2670"}],"collection":[{"href":"https:\/\/us.edu.pl\/instytut\/ismuz\/wp-json\/wp\/v2\/posts"}],"about":[{"href":"https:\/\/us.edu.pl\/instytut\/ismuz\/wp-json\/wp\/v2\/types\/post"}],"author":[{"embeddable":true,"href":"https:\/\/us.edu.pl\/instytut\/ismuz\/wp-json\/wp\/v2\/users\/110"}],"replies":[{"embeddable":true,"href":"https:\/\/us.edu.pl\/instytut\/ismuz\/wp-json\/wp\/v2\/comments?post=2670"}],"version-history":[{"count":1,"href":"https:\/\/us.edu.pl\/instytut\/ismuz\/wp-json\/wp\/v2\/posts\/2670\/revisions"}],"predecessor-version":[{"id":2672,"href":"https:\/\/us.edu.pl\/instytut\/ismuz\/wp-json\/wp\/v2\/posts\/2670\/revisions\/2672"}],"wp:featuredmedia":[{"embeddable":true,"href":"https:\/\/us.edu.pl\/instytut\/ismuz\/wp-json\/wp\/v2\/media\/2671"}],"wp:attachment":[{"href":"https:\/\/us.edu.pl\/instytut\/ismuz\/wp-json\/wp\/v2\/media?parent=2670"}],"wp:term":[{"taxonomy":"category","embeddable":true,"href":"https:\/\/us.edu.pl\/instytut\/ismuz\/wp-json\/wp\/v2\/categories?post=2670"},{"taxonomy":"post_tag","embeddable":true,"href":"https:\/\/us.edu.pl\/instytut\/ismuz\/wp-json\/wp\/v2\/tags?post=2670"}],"curies":[{"name":"wp","href":"https:\/\/api.w.org\/{rel}","templated":true}]}}