{"id":2697,"date":"2022-04-20T08:33:42","date_gmt":"2022-04-20T06:33:42","guid":{"rendered":"https:\/\/us.edu.pl\/instytut\/ismuz\/?p=2697"},"modified":"2022-04-20T08:37:37","modified_gmt":"2022-04-20T06:37:37","slug":"zmarla-halina-goniewicz-urbas","status":"publish","type":"post","link":"https:\/\/us.edu.pl\/instytut\/ismuz\/2022\/04\/20\/zmarla-halina-goniewicz-urbas\/","title":{"rendered":"Zmar\u0142a Halina Goniewicz-Urba\u015b"},"content":{"rendered":"<p>[vc_row][vc_column width=&#8221;1\/2&#8243;]\r\n                <div class=\"text-modules\">\r\n                    <div class=\"container\">\r\n                        \r\n                        <div class=\"text-modules__content\"><\/p>\n<table style=\"border-collapse: collapse; width: 100%;\">\n<tbody>\n<tr>\n<td style=\"width: 100%; border-style: solid; text-align: center;\">\n<p style=\"margin-top: 0cm; text-align: center; background: white;\" align=\"center\"><span style=\"font-size: 13.0pt; font-family: 'Open Sans',sans-serif; color: black;\">Z b\u00f3lem i smutkiem \u017cegnamy<\/span><\/p>\n<p style=\"margin-top: 0cm; text-align: center; background: white;\" align=\"center\"><span style=\"font-size: 13.0pt; font-family: 'Open Sans',sans-serif; color: black;\">Pani\u0105 Profesor<b><br \/>\nHalin\u0119 Goniewicz-Urba\u015b<\/b><\/span><\/p>\n<p style=\"margin-top: 0cm; text-align: center; background: white;\" align=\"center\"><span style=\"font-size: 13.0pt; font-family: 'Open Sans',sans-serif; color: black;\">\u00a0<\/span><\/p>\n<p style=\"margin-top: 0cm; text-align: center; background: white;\" align=\"center\"><span style=\"font-size: 13.0pt; font-family: 'Open Sans',sans-serif; color: black;\">wybitn\u0105 artystk\u0119, dyrygentk\u0119 i ch\u00f3rmistrzyni\u0119<br \/>\nzwi\u0105zan\u0105 przez kilkadziesi\u0105t lat z cieszy\u0144sk\u0105 fili\u0105 Uniwersytetu \u015al\u0105skiego,<br \/>\nwychowawczyni\u0119 wielu pokole\u0144 student\u00f3w,<br \/>\nKole\u017cank\u0119 i Przyjaciela.<\/span><\/p>\n<p style=\"margin-top: 0cm; text-align: center; background: white;\" align=\"center\"><span style=\"font-size: 13.0pt; font-family: 'Open Sans',sans-serif; color: black;\">Pozostanie dla nas wszystkich autorytetem, mentorem, osob\u0105 wielkiego serca i \u017cyczliwo\u015bci.<\/span><\/p>\n<p style=\"margin-top: 0cm; text-align: center; background: white;\" align=\"center\"><span style=\"font-size: 13.0pt; font-family: 'Open Sans',sans-serif; color: black;\">Cze\u015b\u0107 Jej Pami\u0119ci.<\/span><\/p>\n<p style=\"margin-top: 0cm; text-align: center; background: white;\" align=\"center\"><span style=\"font-size: 13.0pt; font-family: 'Open Sans',sans-serif; color: black;\">Rodzinie Zmar\u0142ej sk\u0142adamy szczere wyrazy wsp\u00f3\u0142czucia i \u017calu<\/span><\/p>\n<p style=\"margin-top: 0cm; text-align: center; background: white;\" align=\"center\"><span style=\"font-size: 13.0pt; font-family: 'Open Sans',sans-serif; color: black;\">\u00a0<\/span><\/p>\n<p style=\"margin-top: 0cm; text-align: center; background: white;\" align=\"center\"><strong><span style=\"font-size: 13.0pt; font-family: 'Open Sans',sans-serif; color: black;\">W\u0142adze Dzieka\u0144skie Wydzia\u0142u Sztuki i Nauk o Edukacji<\/span><\/strong><b><span style=\"font-size: 13.0pt; font-family: 'Open Sans',sans-serif; color: black;\"><br \/>\n<strong><span style=\"font-family: 'Open Sans',sans-serif;\">oraz ca\u0142a cieszy\u0144ska spo\u0142eczno\u015b\u0107 akademicka<\/span><\/strong><\/span><\/b><\/p>\n<\/td>\n<\/tr>\n<\/tbody>\n<\/table>\n<p>&nbsp;<\/p>\n<p><span style=\"font-size: 12pt;\">Ceremonia pogrzebowa odb\u0119dzie si\u0119 w pi\u0105tek, 22.04.2022, o godz. 14.00 w Bazylice Ojc\u00f3w Franciszkan\u00f3w w Katowicach-Panewnikach.<\/span><\/p>\n<\/div>\r\n                    <\/div>\r\n                <\/div>[\/vc_column][vc_column width=&#8221;1\/2&#8243;]\r\n                <div class=\"text-modules\">\r\n                    <div class=\"container\">\r\n                        \r\n                        <div class=\"text-modules__content\"><\/p>\n<p><img class=\"alignnone wp-image-2698 size-full\" src=\"https:\/\/us.edu.pl\/instytut\/ismuz\/wp-content\/uploads\/sites\/54\/Nieprzypisane\/znicz.jpg\" alt=\"zdj\u0119cie-znicz\" width=\"300\" height=\"174\" \/><\/p>\n<\/div>\r\n                    <\/div>\r\n                <\/div>[\/vc_column][\/vc_row]<\/p>","protected":false},"excerpt":{"rendered":"<p>[vc_row][vc_column width=&#8221;1\/2&#8243;][\/vc_column][vc_column width=&#8221;1\/2&#8243;][\/vc_column][\/vc_row] [&#8230;]<\/p>\n<p><a class=\"btn btn-secondary understrap-read-more-link\" href=\"https:\/\/us.edu.pl\/instytut\/ismuz\/2022\/04\/20\/zmarla-halina-goniewicz-urbas\/\">Read More&#8230;<\/a><\/p>\n","protected":false},"author":110,"featured_media":2698,"comment_status":"open","ping_status":"open","sticky":false,"template":"","format":"standard","meta":{"_expiration-date-status":"saved","_expiration-date":0,"_expiration-date-type":"","_expiration-date-categories":[],"_expiration-date-options":[]},"categories":[8],"tags":[],"acf":[],"_links":{"self":[{"href":"https:\/\/us.edu.pl\/instytut\/ismuz\/wp-json\/wp\/v2\/posts\/2697"}],"collection":[{"href":"https:\/\/us.edu.pl\/instytut\/ismuz\/wp-json\/wp\/v2\/posts"}],"about":[{"href":"https:\/\/us.edu.pl\/instytut\/ismuz\/wp-json\/wp\/v2\/types\/post"}],"author":[{"embeddable":true,"href":"https:\/\/us.edu.pl\/instytut\/ismuz\/wp-json\/wp\/v2\/users\/110"}],"replies":[{"embeddable":true,"href":"https:\/\/us.edu.pl\/instytut\/ismuz\/wp-json\/wp\/v2\/comments?post=2697"}],"version-history":[{"count":3,"href":"https:\/\/us.edu.pl\/instytut\/ismuz\/wp-json\/wp\/v2\/posts\/2697\/revisions"}],"predecessor-version":[{"id":2701,"href":"https:\/\/us.edu.pl\/instytut\/ismuz\/wp-json\/wp\/v2\/posts\/2697\/revisions\/2701"}],"wp:featuredmedia":[{"embeddable":true,"href":"https:\/\/us.edu.pl\/instytut\/ismuz\/wp-json\/wp\/v2\/media\/2698"}],"wp:attachment":[{"href":"https:\/\/us.edu.pl\/instytut\/ismuz\/wp-json\/wp\/v2\/media?parent=2697"}],"wp:term":[{"taxonomy":"category","embeddable":true,"href":"https:\/\/us.edu.pl\/instytut\/ismuz\/wp-json\/wp\/v2\/categories?post=2697"},{"taxonomy":"post_tag","embeddable":true,"href":"https:\/\/us.edu.pl\/instytut\/ismuz\/wp-json\/wp\/v2\/tags?post=2697"}],"curies":[{"name":"wp","href":"https:\/\/api.w.org\/{rel}","templated":true}]}}