{"id":2704,"date":"2022-04-25T09:27:01","date_gmt":"2022-04-25T07:27:01","guid":{"rendered":"https:\/\/us.edu.pl\/instytut\/ismuz\/?p=2704"},"modified":"2022-04-25T09:27:01","modified_gmt":"2022-04-25T07:27:01","slug":"camerata-silesia-i-prof-anna-szostak-trzeci-rok-z-rzedu-z-fryderykiem","status":"publish","type":"post","link":"https:\/\/us.edu.pl\/instytut\/ismuz\/2022\/04\/25\/camerata-silesia-i-prof-anna-szostak-trzeci-rok-z-rzedu-z-fryderykiem\/","title":{"rendered":"Camerata Silesia i prof. Anna Szostak trzeci rok z rz\u0119du z Fryderykiem!"},"content":{"rendered":"<p>[vc_row][vc_column][vc_column_text]<span style=\"font-size: 12pt;\"><strong>Podczas pi\u0105tkowej gali rozdania Fryderyk\u00f3w og\u0142oszono, \u017ce t\u0119 najwa\u017cniejsz\u0105 nagrod\u0119 polskiego przemys\u0142u muzycznego w kategorii Album Roku Muzyka Ch\u00f3ralna otrzymuje \u201eWords of Mystery. Music for Choir and Cello&#8221;. Uroczysto\u015b\u0107 odby\u0142a si\u0119 w Operze na Zamku w Szczecinie. \u201eWords of Mystery&#8221; to wsp\u00f3lna p\u0142yta Marcina Zdunika i Zespo\u0142u \u015apiewak\u00f3w Miasta Katowice \u201eCamerata Silesia&#8221;. Nagrana zosta\u0142a pod batut\u0105 Anny Szostak.<\/strong><\/span><\/p>\n<p><span style=\"font-size: 12pt;\">To ju\u017c trzeci rok z rz\u0119du, kiedy Camerata Silesia zdobywa Fryderyka. W 2020 roku w tej samej kategorii triumfowa\u0142 jej kr\u0105\u017cek \u201eCamerata Silesia sings Silesian Composers vol. 1&#8243;, w 2021 roku, r\u00f3wnie\u017c za najlepszy album z muzyk\u0105 ch\u00f3raln\u0105, uznano jej p\u0142yt\u0119 \u201ePrzez \u0142zy&#8221; z utworami Romana Padlewskiego i Joanny Wnuk-Nazarowej. Pierwszego z czterech Fryderyk\u00f3w, kt\u00f3re Camerata zdoby\u0142a za p\u0142yty autorskie, przyznano ch\u00f3rowi w 1997 roku za nagranie \u201ePie\u015bni kurpiowskich&#8221; Karola Szymanowskiego. Podczas sesji nagraniowych za ka\u017cdym razem zesp\u00f3\u0142 prowadzi\u0142a Anna Szostak, kt\u00f3ra jest jego za\u0142o\u017cycielk\u0105 i dyrektorem.<\/span><\/p>\n<p><span style=\"font-size: 12pt;\">Nagrody zdobywa\u0142y te\u017c inne przedsi\u0119wzi\u0119cia nagraniowe, przy kt\u00f3rych wsp\u00f3\u0142pracowa\u0142 katowicki ch\u00f3r: p\u0142yta z muzyk\u0105 Paw\u0142a Szyma\u0144skiego zatytu\u0142owana \u201ePortret&#8221; oraz box p\u0142ytowy \u201e100 na 100&#8243;. Wiele p\u0142yt Cameraty zdobywa\u0142o nominacj\u0119 do Fryderyka.<\/span><\/p>\n<p><span style=\"font-size: 12pt;\">Repertuar zarejestrowany na nagrodzonej Fryderykiem w tym roku \u201eWords of Mystery. Music for Choir and Cello&#8221; jest zr\u00f3\u017cnicowany. Najstarszy utw\u00f3r albumu to \u201eMandatum Novum&#8221; jasnog\u00f3rskiego barokowego kompozytora W\u0142adys\u0142awa Leszczy\u0144skiego. Poza nim na p\u0142ycie znajduj\u0105 si\u0119 kompozycje tw\u00f3rc\u00f3w XX-wiecznych: Roxanny Panufnik, Oli Gjeila, Paw\u0142a \u0141ukaszewskiego i Johna Tavenera. Ca\u0142o\u015b\u0107 wie\u0144czy opracowanie pie\u015bni \u201eLudu, m\u00f3j ludu&#8221; m\u0142odej kompozytorki Sabiny Meck, kt\u00f3ra r\u00f3wnie\u017c za\u015bpiewa\u0142a go\u015bcinnie na p\u0142ycie. Kontemplacyjny tok muzyki o\u017cywiaj\u0105 solowe improwizacje wiolonczelisty Marcina Zdunika. Wszystkie utwory scala tematyka wydarze\u0144 Triduum Paschalnego. P\u0142yta ukaza\u0142a si\u0119 na rynku w grudniu 2020 roku.<\/span><\/p>\n<p><span style=\"font-size: 12pt;\">\u201eCamerata Silesia&#8221; to czo\u0142owa w Polsce kameralna grupa \u015bpiewacza, utworzona w 1990 r. przez kieruj\u0105c\u0105 do dzi\u015b zespo\u0142em charyzmatyczn\u0105 i ciesz\u0105c\u0105 si\u0119 szczeg\u00f3lnym uznaniem dyrygentk\u0119 Ann\u0119 Szostak. Zesp\u00f3\u0142\u00a0 ceniony jest przede\u00a0 wszystkim za perfekcyjne wykonania muzyki wsp\u00f3\u0142czesnej, \u015bwietnie odnajduje si\u0119 tak\u017ce w interpretacjach muzyki dawnej.<\/span><\/p>\n<p><span style=\"font-size: 12pt;\">\/Not\u0119 sporz\u0105dzi\u0142: Barnaba Matusz\/<\/span><\/p>\n<p>&nbsp;<\/p>\n<p style=\"text-align: center;\"><img class=\"alignnone wp-image-2706 size-full\" src=\"https:\/\/us.edu.pl\/instytut\/ismuz\/wp-content\/uploads\/sites\/54\/Bez-kategorii\/Camerata-Silesia-foto-logo.jpg\" alt=\"Camerata-Silesia-foto-logo-fotografia zespo\u0142u\" width=\"2043\" height=\"1104\" srcset=\"https:\/\/us.edu.pl\/instytut\/ismuz\/wp-content\/uploads\/sites\/54\/Bez-kategorii\/Camerata-Silesia-foto-logo.jpg 2043w, https:\/\/us.edu.pl\/instytut\/ismuz\/wp-content\/uploads\/sites\/54\/Bez-kategorii\/Camerata-Silesia-foto-logo-300x162.jpg 300w, https:\/\/us.edu.pl\/instytut\/ismuz\/wp-content\/uploads\/sites\/54\/Bez-kategorii\/Camerata-Silesia-foto-logo-1024x553.jpg 1024w, https:\/\/us.edu.pl\/instytut\/ismuz\/wp-content\/uploads\/sites\/54\/Bez-kategorii\/Camerata-Silesia-foto-logo-768x415.jpg 768w, https:\/\/us.edu.pl\/instytut\/ismuz\/wp-content\/uploads\/sites\/54\/Bez-kategorii\/Camerata-Silesia-foto-logo-1536x830.jpg 1536w, https:\/\/us.edu.pl\/instytut\/ismuz\/wp-content\/uploads\/sites\/54\/Bez-kategorii\/Camerata-Silesia-foto-logo-575x311.jpg 575w\" sizes=\"(max-width: 2043px) 100vw, 2043px\" \/><\/p>\n<p style=\"text-align: center;\"><img class=\"alignnone wp-image-2707 size-full\" src=\"https:\/\/us.edu.pl\/instytut\/ismuz\/wp-content\/uploads\/sites\/54\/Bez-kategorii\/okladka-plyty.jpg\" alt=\"ok\u0142adka p\u0142yty-WORDS of MYSTERY\" width=\"857\" height=\"751\" srcset=\"https:\/\/us.edu.pl\/instytut\/ismuz\/wp-content\/uploads\/sites\/54\/Bez-kategorii\/okladka-plyty.jpg 857w, https:\/\/us.edu.pl\/instytut\/ismuz\/wp-content\/uploads\/sites\/54\/Bez-kategorii\/okladka-plyty-300x263.jpg 300w, https:\/\/us.edu.pl\/instytut\/ismuz\/wp-content\/uploads\/sites\/54\/Bez-kategorii\/okladka-plyty-768x673.jpg 768w, https:\/\/us.edu.pl\/instytut\/ismuz\/wp-content\/uploads\/sites\/54\/Bez-kategorii\/okladka-plyty-575x504.jpg 575w\" sizes=\"(max-width: 857px) 100vw, 857px\" \/><\/p>\n<p>[\/vc_column_text][\/vc_column][\/vc_row]<\/p>","protected":false},"excerpt":{"rendered":"<p>[vc_row][vc_column][vc_column_text]Podczas pi\u0105tkowej gali rozdania Fryderyk\u00f3w og\u0142oszono, \u017ce t\u0119 najwa\u017cniejsz\u0105 nagrod\u0119 polskiego przemys\u0142u muzycznego w kategorii Album Roku Muzyka Ch\u00f3ralna otrzymuje \u201eWords of Mystery. Music for Choir and Cello&#8221;. Uroczysto\u015b\u0107 odby\u0142a si\u0119 w Operze na Zamku w Szczecinie. \u201eWords of Mystery&#8221; to wsp\u00f3lna p\u0142yta Marcina Zdunika i Zespo\u0142u \u015apiewak\u00f3w Miasta Katowice \u201eCamerata Silesia&#8221;. Nagrana zosta\u0142a pod [&#8230;]<\/p>\n<p><a class=\"btn btn-secondary understrap-read-more-link\" href=\"https:\/\/us.edu.pl\/instytut\/ismuz\/2022\/04\/25\/camerata-silesia-i-prof-anna-szostak-trzeci-rok-z-rzedu-z-fryderykiem\/\">Read More&#8230;<\/a><\/p>\n","protected":false},"author":110,"featured_media":2705,"comment_status":"open","ping_status":"open","sticky":false,"template":"","format":"standard","meta":{"_expiration-date-status":"","_expiration-date":0,"_expiration-date-type":"","_expiration-date-categories":[],"_expiration-date-options":[]},"categories":[8],"tags":[],"acf":[],"_links":{"self":[{"href":"https:\/\/us.edu.pl\/instytut\/ismuz\/wp-json\/wp\/v2\/posts\/2704"}],"collection":[{"href":"https:\/\/us.edu.pl\/instytut\/ismuz\/wp-json\/wp\/v2\/posts"}],"about":[{"href":"https:\/\/us.edu.pl\/instytut\/ismuz\/wp-json\/wp\/v2\/types\/post"}],"author":[{"embeddable":true,"href":"https:\/\/us.edu.pl\/instytut\/ismuz\/wp-json\/wp\/v2\/users\/110"}],"replies":[{"embeddable":true,"href":"https:\/\/us.edu.pl\/instytut\/ismuz\/wp-json\/wp\/v2\/comments?post=2704"}],"version-history":[{"count":1,"href":"https:\/\/us.edu.pl\/instytut\/ismuz\/wp-json\/wp\/v2\/posts\/2704\/revisions"}],"predecessor-version":[{"id":2709,"href":"https:\/\/us.edu.pl\/instytut\/ismuz\/wp-json\/wp\/v2\/posts\/2704\/revisions\/2709"}],"wp:featuredmedia":[{"embeddable":true,"href":"https:\/\/us.edu.pl\/instytut\/ismuz\/wp-json\/wp\/v2\/media\/2705"}],"wp:attachment":[{"href":"https:\/\/us.edu.pl\/instytut\/ismuz\/wp-json\/wp\/v2\/media?parent=2704"}],"wp:term":[{"taxonomy":"category","embeddable":true,"href":"https:\/\/us.edu.pl\/instytut\/ismuz\/wp-json\/wp\/v2\/categories?post=2704"},{"taxonomy":"post_tag","embeddable":true,"href":"https:\/\/us.edu.pl\/instytut\/ismuz\/wp-json\/wp\/v2\/tags?post=2704"}],"curies":[{"name":"wp","href":"https:\/\/api.w.org\/{rel}","templated":true}]}}