{"id":2819,"date":"2022-07-04T09:29:06","date_gmt":"2022-07-04T07:29:06","guid":{"rendered":"https:\/\/us.edu.pl\/instytut\/ismuz\/?p=2819"},"modified":"2022-07-04T09:30:47","modified_gmt":"2022-07-04T07:30:47","slug":"spotkanie-absolwentow","status":"publish","type":"post","link":"https:\/\/us.edu.pl\/instytut\/ismuz\/2022\/07\/04\/spotkanie-absolwentow\/","title":{"rendered":"Spotkanie absolwent\u00f3w"},"content":{"rendered":"<p><span style=\"font-size: 12pt;\">We wtorek 14 czerwca 2022 roku w Instytucie Sztuk Muzycznych U\u015a mia\u0142o miejsce niecodzienne wydarzenie. W sali im. Jana Sztwiertni odby\u0142o si\u0119 spotkanie absolwent\u00f3w edukacji muzycznej, kt\u00f3rzy studiowali na naszej uczelni od 1975 do 1979 roku. Po 43 latach od uzyskania magisterium w Cieszynie spotka\u0142o si\u0119 ponad 20 os\u00f3b, kt\u00f3re na ten sentymentalny zjazd przyby\u0142y z r\u00f3\u017cnych rejon\u00f3w Polski, ale te\u017c z USA i Niemiec. Od\u015bpiewano uroczyste <em>Gaudeamus<\/em> (na g\u0142osy), uczczono te\u017c pami\u0119\u0107 zmar\u0142ych kole\u017canek, koleg\u00f3w i wyk\u0142adowc\u00f3w. Uda\u0142o si\u0119 zwiedzi\u0107 ciekawe miejsca cieszy\u0144skiego kampusu i powspomina\u0107 studenckie czasy. Z absolwentami spotka\u0142 si\u0119 tak\u017ce Dziekan Wydzia\u0142u Sztuki i Nauk o Edukacji dr hab. Krzysztof Marek B\u0105k prof. U\u015a.<\/span><\/p>","protected":false},"excerpt":{"rendered":"<p>We wtorek 14 czerwca 2022 roku w Instytucie Sztuk Muzycznych U\u015a mia\u0142o miejsce niecodzienne wydarzenie. W sali im. Jana Sztwiertni odby\u0142o si\u0119 spotkanie absolwent\u00f3w edukacji muzycznej, kt\u00f3rzy studiowali na naszej uczelni od 1975 do 1979 roku. Po 43 latach od uzyskania magisterium w Cieszynie spotka\u0142o si\u0119 ponad 20 os\u00f3b, kt\u00f3re na ten sentymentalny zjazd przyby\u0142y [&#8230;]<\/p>\n<p><a class=\"btn btn-secondary understrap-read-more-link\" href=\"https:\/\/us.edu.pl\/instytut\/ismuz\/2022\/07\/04\/spotkanie-absolwentow\/\">Read More&#8230;<\/a><\/p>\n","protected":false},"author":111,"featured_media":2820,"comment_status":"open","ping_status":"open","sticky":false,"template":"","format":"standard","meta":{"_expiration-date-status":"","_expiration-date":0,"_expiration-date-type":"","_expiration-date-categories":[],"_expiration-date-options":[]},"categories":[8],"tags":[],"acf":[],"_links":{"self":[{"href":"https:\/\/us.edu.pl\/instytut\/ismuz\/wp-json\/wp\/v2\/posts\/2819"}],"collection":[{"href":"https:\/\/us.edu.pl\/instytut\/ismuz\/wp-json\/wp\/v2\/posts"}],"about":[{"href":"https:\/\/us.edu.pl\/instytut\/ismuz\/wp-json\/wp\/v2\/types\/post"}],"author":[{"embeddable":true,"href":"https:\/\/us.edu.pl\/instytut\/ismuz\/wp-json\/wp\/v2\/users\/111"}],"replies":[{"embeddable":true,"href":"https:\/\/us.edu.pl\/instytut\/ismuz\/wp-json\/wp\/v2\/comments?post=2819"}],"version-history":[{"count":2,"href":"https:\/\/us.edu.pl\/instytut\/ismuz\/wp-json\/wp\/v2\/posts\/2819\/revisions"}],"predecessor-version":[{"id":2822,"href":"https:\/\/us.edu.pl\/instytut\/ismuz\/wp-json\/wp\/v2\/posts\/2819\/revisions\/2822"}],"wp:featuredmedia":[{"embeddable":true,"href":"https:\/\/us.edu.pl\/instytut\/ismuz\/wp-json\/wp\/v2\/media\/2820"}],"wp:attachment":[{"href":"https:\/\/us.edu.pl\/instytut\/ismuz\/wp-json\/wp\/v2\/media?parent=2819"}],"wp:term":[{"taxonomy":"category","embeddable":true,"href":"https:\/\/us.edu.pl\/instytut\/ismuz\/wp-json\/wp\/v2\/categories?post=2819"},{"taxonomy":"post_tag","embeddable":true,"href":"https:\/\/us.edu.pl\/instytut\/ismuz\/wp-json\/wp\/v2\/tags?post=2819"}],"curies":[{"name":"wp","href":"https:\/\/api.w.org\/{rel}","templated":true}]}}