{"id":2842,"date":"2022-09-26T13:50:28","date_gmt":"2022-09-26T11:50:28","guid":{"rendered":"https:\/\/us.edu.pl\/instytut\/ismuz\/?p=2842"},"modified":"2022-09-26T13:50:56","modified_gmt":"2022-09-26T11:50:56","slug":"kilar-w-serii-male-monografie-polskiego-wydawnictwa-muzycznego","status":"publish","type":"post","link":"https:\/\/us.edu.pl\/instytut\/ismuz\/2022\/09\/26\/kilar-w-serii-male-monografie-polskiego-wydawnictwa-muzycznego\/","title":{"rendered":"\u201eKilar\u201d w serii Ma\u0142e Monografie Polskiego Wydawnictwa Muzycznego"},"content":{"rendered":"<p>[vc_row][vc_column][vc_column_text]<span style=\"font-size: 12pt;\">Wojciech Kilar <em>uruchamia\u0142 w innych poczucie, \u017ce maj\u0105 do czynienia z kim\u015b lub czym\u015b znajomym<\/em> \u2013 tak na pierwszych stronach ksi\u0105\u017cki pisze Magda Mi\u015bka-Jackowska. Tak by\u0142o z Kilarem cz\u0142owiekiem, i tak samo jest z Kilarem kompozytorem. Jego <em>Orawa<\/em> znalaz\u0142a mi\u0142o\u015bnik\u00f3w w filharmonii, <em>Angelusem<\/em> ludzie si\u0119 modl\u0105, <em>Krzesany<\/em> jest niezmiennie synonimem zachwytu nad pot\u0119g\u0105 g\u00f3r. <em>Polonez<\/em> z <em>Pana Tadeusza<\/em> wyszed\u0142 dumnie poza kino, a <em>Pie\u015b\u0144 o ma\u0142ym rycerzu<\/em> sta\u0142a si\u0119 ballad\u0105-hymnem kadry siatkarzy. \u017badnemu innemu polskiemu tw\u00f3rcy nie uda\u0142o si\u0119 dotrze\u0107 do tak szerokiego grona odbiorc\u00f3w, a zainteresowanie jego muzyk\u0105 nie dotyczy wy\u0142\u0105cznie Polski \u2013 <em>Dracul\u0105<\/em> zrealizowa\u0142 przecie\u017c sw\u00f3j american dream.<\/span><\/p>\n<p><span style=\"font-size: 12pt;\">Autork\u0105 ksi\u0105\u017cki jest Magda Mi\u015bka-Jackowska, dziennikarka i prezenterka, autorka podcast\u00f3w i wyk\u0142adowczyni Uniwersytetu \u015al\u0105skiego oraz Akademii Muzycznej w \u0141odzi. Od ponad pi\u0119ciu lat zwi\u0105zana z Instytutem Sztuk Muzycznych w Cieszynie.<\/span><\/p>\n<p><span style=\"font-size: 12pt;\">\u201eKilar\u201d mia\u0142 ju\u017c swoj\u0105 promocj\u0119 na Festiwalu Stolica J\u0119zyka Polskiego w Szczebrzeszynie oraz na Festiwalu Polskich Film\u00f3w Fabularnych w Gdyni. W pa\u017adzierniku zaplanowano spotkanie na krakowskich Targach Ksi\u0105\u017cki. Ksi\u0105\u017cka dost\u0119pna jest w cieszy\u0144skich ksi\u0119garniach.<\/span><\/p>\n<p><span style=\"font-size: 12pt;\">\u201eMa\u0142e Monografie\u201d to barwna seria o znanych i lubianych kompozytorach polskich i zagranicznych r\u00f3\u017cnych epok. Lektura obowi\u0105zkowa dla meloman\u00f3w, mi\u0142o\u015bnik\u00f3w kultury, uczni\u00f3w i student\u00f3w. Ksi\u0105\u017cki wyr\u00f3\u017cnia oprawa i rozmiar, dzi\u0119ki czemu czytaj\u0105 si\u0119 dos\u0142ownie na jednym oddechu, \u0142atwo zabra\u0107 je te\u017c w podr\u00f3\u017c.<\/span>[\/vc_column_text][\/vc_column][\/vc_row][vc_row][vc_column]            \r\n                    <div class=\"container\">\r\n                        <div class=\"gallery gallery_2\" data-images-in-row=\"2\">\r\n                            \r\n                            <div class=\"row m-0\">\r\n                                <a data-fancybox-group=\"button\" title=\"\" data-fancybox=\"5973\" href=\"https:\/\/us.edu.pl\/instytut\/ismuz\/wp-content\/uploads\/sites\/54\/Bez-kategorii\/1.jpg\" class=\"gallery__item thumbnail\"\r\n                                    style=\"background-image: url(https:\/\/us.edu.pl\/instytut\/ismuz\/wp-content\/uploads\/sites\/54\/Bez-kategorii\/1-1200x1200.jpg)\"> <span class=\"d-none\">https:\/\/us.edu.pl\/instytut\/ismuz\/wp-content\/uploads\/sites\/54\/Bez-kategorii\/1.jpg<\/span> <\/a><a data-fancybox-group=\"button\" title=\"\" data-fancybox=\"5973\" href=\"https:\/\/us.edu.pl\/instytut\/ismuz\/wp-content\/uploads\/sites\/54\/Bez-kategorii\/2-1.jpg\" class=\"gallery__item thumbnail\"\r\n                                    style=\"background-image: url(https:\/\/us.edu.pl\/instytut\/ismuz\/wp-content\/uploads\/sites\/54\/Bez-kategorii\/2-1-788x1200.jpg)\"> <span class=\"d-none\">https:\/\/us.edu.pl\/instytut\/ismuz\/wp-content\/uploads\/sites\/54\/Bez-kategorii\/2-1.jpg<\/span> <\/a>\r\n                            <\/div>\r\n                    <\/div>\r\n                <\/div>[\/vc_column][\/vc_row]<\/p>","protected":false},"excerpt":{"rendered":"<p>[vc_row][vc_column][vc_column_text]Wojciech Kilar uruchamia\u0142 w innych poczucie, \u017ce maj\u0105 do czynienia z kim\u015b lub czym\u015b znajomym \u2013 tak na pierwszych stronach ksi\u0105\u017cki pisze Magda Mi\u015bka-Jackowska. Tak by\u0142o z Kilarem cz\u0142owiekiem, i tak samo jest z Kilarem kompozytorem. Jego Orawa znalaz\u0142a mi\u0142o\u015bnik\u00f3w w filharmonii, Angelusem ludzie si\u0119 modl\u0105, Krzesany jest niezmiennie synonimem zachwytu nad pot\u0119g\u0105 g\u00f3r. Polonez [&#8230;]<\/p>\n<p><a class=\"btn btn-secondary understrap-read-more-link\" href=\"https:\/\/us.edu.pl\/instytut\/ismuz\/2022\/09\/26\/kilar-w-serii-male-monografie-polskiego-wydawnictwa-muzycznego\/\">Read More&#8230;<\/a><\/p>\n","protected":false},"author":111,"featured_media":2843,"comment_status":"open","ping_status":"open","sticky":false,"template":"","format":"standard","meta":{"_expiration-date-status":"","_expiration-date":0,"_expiration-date-type":"","_expiration-date-categories":[],"_expiration-date-options":[]},"categories":[8],"tags":[],"acf":[],"_links":{"self":[{"href":"https:\/\/us.edu.pl\/instytut\/ismuz\/wp-json\/wp\/v2\/posts\/2842"}],"collection":[{"href":"https:\/\/us.edu.pl\/instytut\/ismuz\/wp-json\/wp\/v2\/posts"}],"about":[{"href":"https:\/\/us.edu.pl\/instytut\/ismuz\/wp-json\/wp\/v2\/types\/post"}],"author":[{"embeddable":true,"href":"https:\/\/us.edu.pl\/instytut\/ismuz\/wp-json\/wp\/v2\/users\/111"}],"replies":[{"embeddable":true,"href":"https:\/\/us.edu.pl\/instytut\/ismuz\/wp-json\/wp\/v2\/comments?post=2842"}],"version-history":[{"count":1,"href":"https:\/\/us.edu.pl\/instytut\/ismuz\/wp-json\/wp\/v2\/posts\/2842\/revisions"}],"predecessor-version":[{"id":2845,"href":"https:\/\/us.edu.pl\/instytut\/ismuz\/wp-json\/wp\/v2\/posts\/2842\/revisions\/2845"}],"wp:featuredmedia":[{"embeddable":true,"href":"https:\/\/us.edu.pl\/instytut\/ismuz\/wp-json\/wp\/v2\/media\/2843"}],"wp:attachment":[{"href":"https:\/\/us.edu.pl\/instytut\/ismuz\/wp-json\/wp\/v2\/media?parent=2842"}],"wp:term":[{"taxonomy":"category","embeddable":true,"href":"https:\/\/us.edu.pl\/instytut\/ismuz\/wp-json\/wp\/v2\/categories?post=2842"},{"taxonomy":"post_tag","embeddable":true,"href":"https:\/\/us.edu.pl\/instytut\/ismuz\/wp-json\/wp\/v2\/tags?post=2842"}],"curies":[{"name":"wp","href":"https:\/\/api.w.org\/{rel}","templated":true}]}}