{"id":2877,"date":"2022-10-24T14:28:44","date_gmt":"2022-10-24T12:28:44","guid":{"rendered":"https:\/\/us.edu.pl\/instytut\/ismuz\/?p=2877"},"modified":"2022-10-24T14:28:44","modified_gmt":"2022-10-24T12:28:44","slug":"warsztaty-wokalne","status":"publish","type":"post","link":"https:\/\/us.edu.pl\/instytut\/ismuz\/2022\/10\/24\/warsztaty-wokalne\/","title":{"rendered":"Warsztaty wokalne"},"content":{"rendered":"<p>[vc_row][vc_column][vc_column_text]<span style=\"font-size: 12pt;\"><strong>Warsztaty wokalne<\/strong><\/span><\/p>\n<p><span style=\"font-size: 12pt;\">25.10.2022 r. o godz. 19.00 w sali B-1.5, oraz 26.10.2022 r. o godz. 13.00 w sali B2.1 odb\u0119d\u0105 si\u0119 wyk\u0142ady i warsztaty pracownik\u00f3w Uniwersytetu w Hradec Kralove.<\/span><\/p>\n<p><span style=\"font-size: 12pt;\"><strong>Wyk\u0142ady<\/strong>:<\/span><\/p>\n<p><span style=\"font-size: 12pt;\">wtorek 25.10.2022 r. o godz. 19.00 w sali B-1.5 PhDr. Dana Sou<span id=\"page5R_mcid7\" class=\"markedContent\">\u0161ko<\/span><span id=\"page5R_mcid7\" class=\"markedContent\">v<\/span><span id=\"page5R_mcid7\" class=\"markedContent\">\u00e1, Ph.D. <em>&#8222;Czeski kompozytor <\/em><\/span><em><span id=\"page5R_mcid7\" class=\"markedContent\">Leo<\/span><\/em><span id=\"page5R_mcid7\" class=\"markedContent\"><span id=\"page5R_mcid8\" class=\"markedContent\"><em>\u0161 Jan<\/em><em>\u00e1\u010dek&#8221;<\/em>, Mgr. Kate<span id=\"page5R_mcid5\" class=\"markedContent\">\u0159ina Andr\u0161ov\u00e1, Ph.D. <em>&#8222;Muzyka Rom\u00f3w w Europie&#8221;<\/em><\/span><\/span><\/span><\/span><\/p>\n<p><span class=\"markedContent\" style=\"font-size: 12pt;\"><strong>Warsztaty wokalne<\/strong>:<\/span><\/p>\n<p><span class=\"markedContent\" style=\"font-size: 12pt;\">\u015broda 26.10.2022 r. o godz. 13.00 w sali B2.1<\/span><\/p>\n<p><span class=\"markedContent\" style=\"font-size: 12pt;\">PhDr. Mgr. Ludmila <span id=\"page5R_mcid3\" class=\"markedContent\">Kroupov\u00e1, Ph.D.<\/span><\/span><\/p>\n<p style=\"text-align: center;\"><img class=\"alignnone size-medium wp-image-2879\" src=\"https:\/\/us.edu.pl\/instytut\/ismuz\/wp-content\/uploads\/sites\/54\/Bez-kategorii\/Warsztaty-wokalne-Plakat-570x800.jpg\" alt=\"Warsztaty wokalne-Plakat\" width=\"570\" height=\"800\" srcset=\"https:\/\/us.edu.pl\/instytut\/ismuz\/wp-content\/uploads\/sites\/54\/Bez-kategorii\/Warsztaty-wokalne-Plakat-570x800.jpg 570w, https:\/\/us.edu.pl\/instytut\/ismuz\/wp-content\/uploads\/sites\/54\/Bez-kategorii\/Warsztaty-wokalne-Plakat-409x575.jpg 409w, https:\/\/us.edu.pl\/instytut\/ismuz\/wp-content\/uploads\/sites\/54\/Bez-kategorii\/Warsztaty-wokalne-Plakat.jpg 643w\" sizes=\"(max-width: 570px) 100vw, 570px\" \/><\/p>\n<p>[\/vc_column_text][\/vc_column][\/vc_row]<\/p>","protected":false},"excerpt":{"rendered":"<p>[vc_row][vc_column][vc_column_text]Warsztaty wokalne 25.10.2022 r. o godz. 19.00 w sali B-1.5, oraz 26.10.2022 r. o godz. 13.00 w sali B2.1 odb\u0119d\u0105 si\u0119 wyk\u0142ady i warsztaty pracownik\u00f3w Uniwersytetu w Hradec Kralove. Wyk\u0142ady: wtorek 25.10.2022 r. o godz. 19.00 w sali B-1.5 PhDr. Dana Sou\u0161kov\u00e1, Ph.D. &#8222;Czeski kompozytor Leo\u0161 Jan\u00e1\u010dek&#8221;, Mgr. Kate\u0159ina Andr\u0161ov\u00e1, Ph.D. &#8222;Muzyka Rom\u00f3w w Europie&#8221; [&#8230;]<\/p>\n<p><a class=\"btn btn-secondary understrap-read-more-link\" href=\"https:\/\/us.edu.pl\/instytut\/ismuz\/2022\/10\/24\/warsztaty-wokalne\/\">Read More&#8230;<\/a><\/p>\n","protected":false},"author":110,"featured_media":2879,"comment_status":"open","ping_status":"open","sticky":false,"template":"","format":"standard","meta":{"_expiration-date-status":"","_expiration-date":0,"_expiration-date-type":"","_expiration-date-categories":[],"_expiration-date-options":[]},"categories":[8],"tags":[],"acf":[],"_links":{"self":[{"href":"https:\/\/us.edu.pl\/instytut\/ismuz\/wp-json\/wp\/v2\/posts\/2877"}],"collection":[{"href":"https:\/\/us.edu.pl\/instytut\/ismuz\/wp-json\/wp\/v2\/posts"}],"about":[{"href":"https:\/\/us.edu.pl\/instytut\/ismuz\/wp-json\/wp\/v2\/types\/post"}],"author":[{"embeddable":true,"href":"https:\/\/us.edu.pl\/instytut\/ismuz\/wp-json\/wp\/v2\/users\/110"}],"replies":[{"embeddable":true,"href":"https:\/\/us.edu.pl\/instytut\/ismuz\/wp-json\/wp\/v2\/comments?post=2877"}],"version-history":[{"count":1,"href":"https:\/\/us.edu.pl\/instytut\/ismuz\/wp-json\/wp\/v2\/posts\/2877\/revisions"}],"predecessor-version":[{"id":2880,"href":"https:\/\/us.edu.pl\/instytut\/ismuz\/wp-json\/wp\/v2\/posts\/2877\/revisions\/2880"}],"wp:featuredmedia":[{"embeddable":true,"href":"https:\/\/us.edu.pl\/instytut\/ismuz\/wp-json\/wp\/v2\/media\/2879"}],"wp:attachment":[{"href":"https:\/\/us.edu.pl\/instytut\/ismuz\/wp-json\/wp\/v2\/media?parent=2877"}],"wp:term":[{"taxonomy":"category","embeddable":true,"href":"https:\/\/us.edu.pl\/instytut\/ismuz\/wp-json\/wp\/v2\/categories?post=2877"},{"taxonomy":"post_tag","embeddable":true,"href":"https:\/\/us.edu.pl\/instytut\/ismuz\/wp-json\/wp\/v2\/tags?post=2877"}],"curies":[{"name":"wp","href":"https:\/\/api.w.org\/{rel}","templated":true}]}}