{"id":2963,"date":"2022-12-19T13:21:14","date_gmt":"2022-12-19T12:21:14","guid":{"rendered":"https:\/\/us.edu.pl\/instytut\/ismuz\/?p=2963"},"modified":"2022-12-19T13:21:14","modified_gmt":"2022-12-19T12:21:14","slug":"koncert-w-ramach-cyklu-spotkania-z-muzyka-wokalna","status":"publish","type":"post","link":"https:\/\/us.edu.pl\/instytut\/ismuz\/2022\/12\/19\/koncert-w-ramach-cyklu-spotkania-z-muzyka-wokalna\/","title":{"rendered":"Koncert w ramach cyklu \u201eSpotkania z muzyk\u0105 wokaln\u0105\u201d"},"content":{"rendered":"<p>[vc_row][vc_column][vc_column_text]<span style=\"font-size: 12pt;\">Zapraszamy 20 grudnia 2022 o godz. 17.00 do Domu Narodowego w Cieszynie na przed\u015bwi\u0105teczny koncert kameralny, w kt\u00f3rym za\u015bpiewaj\u0105 polskie ch\u00f3ry dzia\u0142aj\u0105ce na Zaolziu w Republice Czeskiej: Kameralny Zesp\u00f3\u0142 \u015apiewaczy \u201eTA Grupa\u201d pod dyrekcj\u0105 dr Joanny Nowickiej, Ch\u00f3r \u017be\u0144ski \u201eMelodia\u201d pod dyrekcj\u0105 dr hab. Aleksandry Zeman prof. U\u015a, Polski Ch\u00f3r Mieszany \u201eCollegium Canticorum&#8221; pod dyrekcj\u0105 dr Anny Ko\u0142owskiej.<\/span><\/p>\n<p style=\"text-align: center;\"><img class=\"alignnone wp-image-2964 size-large\" src=\"https:\/\/us.edu.pl\/instytut\/ismuz\/wp-content\/uploads\/sites\/54\/Bez-kategorii\/Spotkania-z-muzyka-2022-847x1200.jpg\" alt=\"Spotkania z muzyka 2022\" width=\"640\" height=\"907\" srcset=\"https:\/\/us.edu.pl\/instytut\/ismuz\/wp-content\/uploads\/sites\/54\/Bez-kategorii\/Spotkania-z-muzyka-2022-847x1200.jpg 847w, https:\/\/us.edu.pl\/instytut\/ismuz\/wp-content\/uploads\/sites\/54\/Bez-kategorii\/Spotkania-z-muzyka-2022-565x800.jpg 565w, https:\/\/us.edu.pl\/instytut\/ismuz\/wp-content\/uploads\/sites\/54\/Bez-kategorii\/Spotkania-z-muzyka-2022-768x1088.jpg 768w, https:\/\/us.edu.pl\/instytut\/ismuz\/wp-content\/uploads\/sites\/54\/Bez-kategorii\/Spotkania-z-muzyka-2022-1084x1536.jpg 1084w, https:\/\/us.edu.pl\/instytut\/ismuz\/wp-content\/uploads\/sites\/54\/Bez-kategorii\/Spotkania-z-muzyka-2022-1445x2048.jpg 1445w, https:\/\/us.edu.pl\/instytut\/ismuz\/wp-content\/uploads\/sites\/54\/Bez-kategorii\/Spotkania-z-muzyka-2022-406x575.jpg 406w, https:\/\/us.edu.pl\/instytut\/ismuz\/wp-content\/uploads\/sites\/54\/Bez-kategorii\/Spotkania-z-muzyka-2022-scaled.jpg 1807w\" sizes=\"(max-width: 640px) 100vw, 640px\" \/><\/p>\n<p>[\/vc_column_text][\/vc_column][\/vc_row]<\/p>","protected":false},"excerpt":{"rendered":"<p>[vc_row][vc_column][vc_column_text]Zapraszamy 20 grudnia 2022 o godz. 17.00 do Domu Narodowego w Cieszynie na przed\u015bwi\u0105teczny koncert kameralny, w kt\u00f3rym za\u015bpiewaj\u0105 polskie ch\u00f3ry dzia\u0142aj\u0105ce na Zaolziu w Republice Czeskiej: Kameralny Zesp\u00f3\u0142 \u015apiewaczy \u201eTA Grupa\u201d pod dyrekcj\u0105 dr Joanny Nowickiej, Ch\u00f3r \u017be\u0144ski \u201eMelodia\u201d pod dyrekcj\u0105 dr hab. Aleksandry Zeman prof. U\u015a, Polski Ch\u00f3r Mieszany \u201eCollegium Canticorum&#8221; pod dyrekcj\u0105 [&#8230;]<\/p>\n<p><a class=\"btn btn-secondary understrap-read-more-link\" href=\"https:\/\/us.edu.pl\/instytut\/ismuz\/2022\/12\/19\/koncert-w-ramach-cyklu-spotkania-z-muzyka-wokalna\/\">Read More&#8230;<\/a><\/p>\n","protected":false},"author":110,"featured_media":2964,"comment_status":"open","ping_status":"open","sticky":false,"template":"","format":"standard","meta":{"_expiration-date-status":"","_expiration-date":0,"_expiration-date-type":"","_expiration-date-categories":[],"_expiration-date-options":[]},"categories":[8],"tags":[],"acf":[],"_links":{"self":[{"href":"https:\/\/us.edu.pl\/instytut\/ismuz\/wp-json\/wp\/v2\/posts\/2963"}],"collection":[{"href":"https:\/\/us.edu.pl\/instytut\/ismuz\/wp-json\/wp\/v2\/posts"}],"about":[{"href":"https:\/\/us.edu.pl\/instytut\/ismuz\/wp-json\/wp\/v2\/types\/post"}],"author":[{"embeddable":true,"href":"https:\/\/us.edu.pl\/instytut\/ismuz\/wp-json\/wp\/v2\/users\/110"}],"replies":[{"embeddable":true,"href":"https:\/\/us.edu.pl\/instytut\/ismuz\/wp-json\/wp\/v2\/comments?post=2963"}],"version-history":[{"count":1,"href":"https:\/\/us.edu.pl\/instytut\/ismuz\/wp-json\/wp\/v2\/posts\/2963\/revisions"}],"predecessor-version":[{"id":2965,"href":"https:\/\/us.edu.pl\/instytut\/ismuz\/wp-json\/wp\/v2\/posts\/2963\/revisions\/2965"}],"wp:featuredmedia":[{"embeddable":true,"href":"https:\/\/us.edu.pl\/instytut\/ismuz\/wp-json\/wp\/v2\/media\/2964"}],"wp:attachment":[{"href":"https:\/\/us.edu.pl\/instytut\/ismuz\/wp-json\/wp\/v2\/media?parent=2963"}],"wp:term":[{"taxonomy":"category","embeddable":true,"href":"https:\/\/us.edu.pl\/instytut\/ismuz\/wp-json\/wp\/v2\/categories?post=2963"},{"taxonomy":"post_tag","embeddable":true,"href":"https:\/\/us.edu.pl\/instytut\/ismuz\/wp-json\/wp\/v2\/tags?post=2963"}],"curies":[{"name":"wp","href":"https:\/\/api.w.org\/{rel}","templated":true}]}}