{"id":3191,"date":"2023-10-19T13:46:17","date_gmt":"2023-10-19T11:46:17","guid":{"rendered":"https:\/\/us.edu.pl\/instytut\/ismuz\/?p=3191"},"modified":"2023-10-20T10:52:50","modified_gmt":"2023-10-20T08:52:50","slug":"zmarl-prof-dr-hab-waldemar-sutryk","status":"publish","type":"post","link":"https:\/\/us.edu.pl\/instytut\/ismuz\/2023\/10\/19\/zmarl-prof-dr-hab-waldemar-sutryk\/","title":{"rendered":"Zmar\u0142 prof. dr hab. Waldemar Sutryk"},"content":{"rendered":"<p>[vc_row][vc_column]\r\n                <div class=\"text-modules \">\r\n                    <div class=\"container\">\r\n                         \r\n                        <div class=\"row m-0\">\r\n                            <div class=\"text-modules__content\">\r\n                                <\/p>\n<table style=\"border-collapse: collapse; width: 100%; height: 18px;\">\n<tbody>\n<tr style=\"height: 18px;\">\n<td style=\"width: 100%; height: 18px; border-style: solid;\">\n<p style=\"text-align: center;\"><span style=\"font-size: 12pt;\">Z b\u00f3lem i smutkiem<\/span><br \/>\n<span style=\"font-size: 12pt;\">przyj\u0119li\u015bmy wiadomo\u015b\u0107 o \u015bmierci<\/span><br \/>\n<strong><span style=\"font-size: 12pt;\">\u015bp.<\/span><\/strong><br \/>\n<strong><span style=\"font-size: 12pt;\">prof. dr. hab. Waldemara Sutryka<\/span><\/strong><\/p>\n<p style=\"text-align: center;\"><span style=\"font-size: 12pt;\">dyrygenta, kompozytora, ch\u00f3rmistrza, pedagoga, organisty,<br \/>\nw latach 2009\u20132012 Kierownika Katedry Dyrygowania i Dydaktyki Muzycznej<br \/>\nw Instytucie Muzyki, a nast\u0119pnie Kierownika Zak\u0142adu Dyrygowania<br \/>\ni Wokalistyki w Instytucie Muzyki,<br \/>\ncenionego nauczyciela akademickiego i znakomitego artysty.<br \/>\n<\/span><\/p>\n<p style=\"text-align: center;\"><span style=\"font-size: 12pt;\">Cze\u015b\u0107 jego pami\u0119ci.<\/span><br \/>\n<span style=\"font-size: 12pt;\"><strong>Rodzinie, Najbli\u017cszym oraz Wsp\u00f3\u0142pracownikom<br \/>\ni Przyjacio\u0142om Zmar\u0142ego<\/strong><\/span><br \/>\n<span style=\"font-size: 12pt;\">wyrazy wsp\u00f3\u0142czucia i \u017calu sk\u0142adaj\u0105,<br \/>\n\u0142\u0105cz\u0105c si\u0119 w b\u00f3lu i cierpieniu,<\/span><\/p>\n<p style=\"text-align: center;\"><strong><span style=\"font-size: 12pt;\">W\u0142adze Dzieka\u0144skie Wydzia\u0142u Sztuki i Nauk o Edukacji<\/span><\/strong><br \/>\n<strong><span style=\"font-size: 12pt;\">oraz ca\u0142a cieszy\u0144ska spo\u0142eczno\u015b\u0107 akademicka<\/span><\/strong><\/p>\n<\/td>\n<\/tr>\n<\/tbody>\n<\/table>\n<div class=\"mt-3\"><\/div>\r\n                            <\/div>\r\n                            \r\n                            \r\n                        <\/div>\r\n                    <\/div>\r\n                <\/div>[\/vc_column][\/vc_row]<\/p>","protected":false},"excerpt":{"rendered":"<p>[vc_row][vc_column][\/vc_column][\/vc_row] [&#8230;]<\/p>\n<p><a class=\"btn btn-secondary understrap-read-more-link\" href=\"https:\/\/us.edu.pl\/instytut\/ismuz\/2023\/10\/19\/zmarl-prof-dr-hab-waldemar-sutryk\/\">Read More&#8230;<\/a><\/p>\n","protected":false},"author":2966,"featured_media":2698,"comment_status":"open","ping_status":"open","sticky":false,"template":"","format":"standard","meta":{"_expiration-date-status":"","_expiration-date":0,"_expiration-date-type":"","_expiration-date-categories":[],"_expiration-date-options":[]},"categories":[8],"tags":[],"acf":[],"_links":{"self":[{"href":"https:\/\/us.edu.pl\/instytut\/ismuz\/wp-json\/wp\/v2\/posts\/3191"}],"collection":[{"href":"https:\/\/us.edu.pl\/instytut\/ismuz\/wp-json\/wp\/v2\/posts"}],"about":[{"href":"https:\/\/us.edu.pl\/instytut\/ismuz\/wp-json\/wp\/v2\/types\/post"}],"author":[{"embeddable":true,"href":"https:\/\/us.edu.pl\/instytut\/ismuz\/wp-json\/wp\/v2\/users\/2966"}],"replies":[{"embeddable":true,"href":"https:\/\/us.edu.pl\/instytut\/ismuz\/wp-json\/wp\/v2\/comments?post=3191"}],"version-history":[{"count":9,"href":"https:\/\/us.edu.pl\/instytut\/ismuz\/wp-json\/wp\/v2\/posts\/3191\/revisions"}],"predecessor-version":[{"id":3201,"href":"https:\/\/us.edu.pl\/instytut\/ismuz\/wp-json\/wp\/v2\/posts\/3191\/revisions\/3201"}],"wp:featuredmedia":[{"embeddable":true,"href":"https:\/\/us.edu.pl\/instytut\/ismuz\/wp-json\/wp\/v2\/media\/2698"}],"wp:attachment":[{"href":"https:\/\/us.edu.pl\/instytut\/ismuz\/wp-json\/wp\/v2\/media?parent=3191"}],"wp:term":[{"taxonomy":"category","embeddable":true,"href":"https:\/\/us.edu.pl\/instytut\/ismuz\/wp-json\/wp\/v2\/categories?post=3191"},{"taxonomy":"post_tag","embeddable":true,"href":"https:\/\/us.edu.pl\/instytut\/ismuz\/wp-json\/wp\/v2\/tags?post=3191"}],"curies":[{"name":"wp","href":"https:\/\/api.w.org\/{rel}","templated":true}]}}