{"id":3209,"date":"2023-11-16T10:15:44","date_gmt":"2023-11-16T09:15:44","guid":{"rendered":"https:\/\/us.edu.pl\/instytut\/ismuz\/?p=3209"},"modified":"2023-11-16T10:17:39","modified_gmt":"2023-11-16T09:17:39","slug":"3209","status":"publish","type":"post","link":"https:\/\/us.edu.pl\/instytut\/ismuz\/2023\/11\/16\/3209\/","title":{"rendered":"Zmar\u0142a Lucyna Paluch"},"content":{"rendered":"<p>[vc_row][vc_column][vc_column_text][\/vc_column_text][\/vc_column][\/vc_row][vc_row][vc_column][vc_column_text]<\/p>\n<table style=\"border-collapse: collapse; width: 100%; height: 18px;\">\n<tbody>\n<tr style=\"height: 18px;\">\n<td style=\"width: 100%; height: 18px; border-style: solid; text-align: center;\">&nbsp;<\/p>\n<p><span style=\"font-size: 12pt;\">Z b\u00f3lem i smutkiem przyj\u0119li\u015bmy wiadomo\u015b\u0107 o \u015bmierci<\/span><\/p>\n<p><span style=\"font-size: 12pt;\"><strong>\u015ap. Lucyny Paluch<\/strong><\/span><\/p>\n<p><span style=\"font-size: 12pt;\">cenionej pedago\u017cki, nauczycielki akademickiej zatrudnionej w Mi\u0119dzyinstytutowym Zak\u0142adzie Metodyki Wychowana Muzycznego<br \/>\nna Wydziale Pedagogiczno-Artystycznym w Cieszynie w latach 1989-1999<\/span><\/p>\n<p><span style=\"font-size: 12pt;\">W naszej pami\u0119ci pozostanie jako ceniony muzyk, wspania\u0142a kole\u017canka i ciep\u0142y, dobry cz\u0142owiek.<\/span><\/p>\n<p>&nbsp;<\/p>\n<p><span style=\"font-size: 12pt;\">Cze\u015b\u0107 jej pami\u0119ci.<\/span><\/p>\n<p><span style=\"font-size: 12pt;\"><strong>Rodzinie i najbli\u017cszym <\/strong><\/span><\/p>\n<p><span style=\"font-size: 12pt;\">Wyrazy wsp\u00f3\u0142czucia i \u017calu<\/span><\/p>\n<p><span style=\"font-size: 12pt;\">sk\u0142adaj\u0105<\/span><\/p>\n<p><span style=\"font-size: 12pt;\"><strong>W\u0142adze Dzieka\u0144skie Wydzia\u0142u Sztuki i Nauk o Edukacji<\/strong><\/span><\/p>\n<p><span style=\"font-size: 12pt;\"><strong>oraz ca\u0142a cieszy\u0144ska spo\u0142eczno\u015b\u0107 akademicka<\/strong><\/span><\/p>\n<p>&nbsp;<\/p>\n<p><span style=\"font-size: 12pt;\">Pogrzeb zmar\u0142ej odb\u0119dzie si\u0119 w sobot\u0119 18 listopada 2023, o godz. 12.00<\/span><\/p>\n<p><span style=\"font-size: 12pt;\">w ko\u015bciele pw. \u015bw. Stanis\u0142awa w Starym Bielsku<\/span><\/p>\n<p>&nbsp;<\/td>\n<\/tr>\n<\/tbody>\n<\/table>\n<p>[\/vc_column_text][\/vc_column][\/vc_row][vc_row][vc_column][vc_column_text][\/vc_column_text][\/vc_column][\/vc_row]<\/p>","protected":false},"excerpt":{"rendered":"<p>[vc_row][vc_column][vc_column_text][\/vc_column_text][\/vc_column][\/vc_row][vc_row][vc_column][vc_column_text] &nbsp; Z b\u00f3lem i smutkiem przyj\u0119li\u015bmy wiadomo\u015b\u0107 o \u015bmierci \u015ap. Lucyny Paluch cenionej pedago\u017cki, nauczycielki akademickiej zatrudnionej w Mi\u0119dzyinstytutowym Zak\u0142adzie Metodyki Wychowana Muzycznego na Wydziale Pedagogiczno-Artystycznym w Cieszynie w latach 1989-1999 W naszej pami\u0119ci pozostanie jako ceniony muzyk, wspania\u0142a kole\u017canka i ciep\u0142y, dobry cz\u0142owiek. &nbsp; Cze\u015b\u0107 jej pami\u0119ci. Rodzinie i najbli\u017cszym Wyrazy wsp\u00f3\u0142czucia i [&#8230;]<\/p>\n<p><a class=\"btn btn-secondary understrap-read-more-link\" href=\"https:\/\/us.edu.pl\/instytut\/ismuz\/2023\/11\/16\/3209\/\">Read More&#8230;<\/a><\/p>\n","protected":false},"author":110,"featured_media":2698,"comment_status":"open","ping_status":"open","sticky":false,"template":"","format":"standard","meta":{"_expiration-date-status":"","_expiration-date":0,"_expiration-date-type":"","_expiration-date-categories":[],"_expiration-date-options":[]},"categories":[8],"tags":[],"acf":[],"_links":{"self":[{"href":"https:\/\/us.edu.pl\/instytut\/ismuz\/wp-json\/wp\/v2\/posts\/3209"}],"collection":[{"href":"https:\/\/us.edu.pl\/instytut\/ismuz\/wp-json\/wp\/v2\/posts"}],"about":[{"href":"https:\/\/us.edu.pl\/instytut\/ismuz\/wp-json\/wp\/v2\/types\/post"}],"author":[{"embeddable":true,"href":"https:\/\/us.edu.pl\/instytut\/ismuz\/wp-json\/wp\/v2\/users\/110"}],"replies":[{"embeddable":true,"href":"https:\/\/us.edu.pl\/instytut\/ismuz\/wp-json\/wp\/v2\/comments?post=3209"}],"version-history":[{"count":3,"href":"https:\/\/us.edu.pl\/instytut\/ismuz\/wp-json\/wp\/v2\/posts\/3209\/revisions"}],"predecessor-version":[{"id":3212,"href":"https:\/\/us.edu.pl\/instytut\/ismuz\/wp-json\/wp\/v2\/posts\/3209\/revisions\/3212"}],"wp:featuredmedia":[{"embeddable":true,"href":"https:\/\/us.edu.pl\/instytut\/ismuz\/wp-json\/wp\/v2\/media\/2698"}],"wp:attachment":[{"href":"https:\/\/us.edu.pl\/instytut\/ismuz\/wp-json\/wp\/v2\/media?parent=3209"}],"wp:term":[{"taxonomy":"category","embeddable":true,"href":"https:\/\/us.edu.pl\/instytut\/ismuz\/wp-json\/wp\/v2\/categories?post=3209"},{"taxonomy":"post_tag","embeddable":true,"href":"https:\/\/us.edu.pl\/instytut\/ismuz\/wp-json\/wp\/v2\/tags?post=3209"}],"curies":[{"name":"wp","href":"https:\/\/api.w.org\/{rel}","templated":true}]}}