{"id":3221,"date":"2023-11-23T13:14:03","date_gmt":"2023-11-23T12:14:03","guid":{"rendered":"https:\/\/us.edu.pl\/instytut\/ismuz\/?p=3221"},"modified":"2023-11-23T13:19:43","modified_gmt":"2023-11-23T12:19:43","slug":"viii-miedzynarodowy-festiwal-muzyki-im-profesora-jozefa-swidra","status":"publish","type":"post","link":"https:\/\/us.edu.pl\/instytut\/ismuz\/2023\/11\/23\/viii-miedzynarodowy-festiwal-muzyki-im-profesora-jozefa-swidra\/","title":{"rendered":"VIII Mi\u0119dzynarodowy Festiwal Muzyki im. profesora J\u00f3zefa \u015awidra"},"content":{"rendered":"<p>[vc_row][vc_column][vc_column_text]<\/p>\n<p style=\"text-align: center;\"><span style=\"font-size: 12pt;\">THE PROF. J\u00d3ZEF \u015aWIDER 8th INTERNATIONAL FESTIVAL OF MUSIC<\/span><br \/>\n<span style=\"font-size: 12pt;\">VIII MI\u0118DZYNARODOWY FESTIWAL MUZYKI IM. PROF. J\u00d3ZEFA \u015aWIDRA<\/span><br \/>\n<span style=\"font-size: 12pt;\">PATRONAT HONOROWY<\/span><br \/>\n<span style=\"font-size: 12pt;\">J.M. REKTOR UNIWERSYTETU \u015aL\u0104SKIEGO prof. dr hab. Ryszard Kozio\u0142ek<\/span><br \/>\n<span style=\"font-size: 12pt;\">STAROSTA CIESZY\u0143SKI Mieczys\u0142aw Szczurek<\/span><br \/>\n<span style=\"font-size: 12pt;\">BURMISTRZ MIASTA CIESZYNA Gabriela Staszkiewicz<\/span><br \/>\n<span style=\"font-size: 12pt;\">J.E. KS. ARCYBISKUP METROPOLITA KATOWICKI Adrian J\u00f3zef Galbas SAC<\/span><br \/>\n<span style=\"font-size: 12pt;\">J.E. BISKUP DIECEZJI CIESZY\u0143SKIEJ KO\u015aCIO\u0141A EWANGELICKO-AUGSBURSKIEGO dr Adrian Korczago<\/span><\/p>\n<p><span style=\"font-size: 12pt;\">Od 6 do 10 grudnia, ponownie odb\u0119dzie si\u0119 w Cieszynie Mi\u0119dzynarodowy Festiwal Muzyki im. J\u00f3zefa \u015awidra \u2013 jednego z najbardziej rozpoznawalnych w \u015bwiecie kompozytora muzyki ch\u00f3ralnej.<\/span><br \/>\n<span style=\"font-size: 12pt;\">Zamiarem organizator\u00f3w od pocz\u0105tku istnienia Festiwalu jest, aby w ramach jednego wydarzenia muzycznego zjednoczy\u0107 wiele \u015brodowisk, w kt\u00f3rych spotykamy si\u0119 z dzia\u0142alno\u015bci\u0105<\/span><br \/>\n<span style=\"font-size: 12pt;\">umuzykalniaj\u0105ca spo\u0142ecze\u0144stwo przez ch\u00f3ralistyk\u0119. Festiwal w zamy\u015ble ma po\u0142\u0105czy\u0107 \u015brodowisko akademickie \u2013 naukowe, artystyczne, biznesowe, ma r\u00f3wnie\u017c propagowa\u0107 warto\u015bci<\/span><br \/>\n<span style=\"font-size: 12pt;\">tradycji historycznej, a tak\u017ce promowa\u0107 ch\u00f3ralistyk\u0119 w\u015br\u00f3d amatorskiego ruchu muzycznego.<\/span><\/p>\n<p><span style=\"font-size: 12pt;\">W programie tegorocznej edycji Festiwalu znajd\u0105 si\u0119:<\/span><\/p>\n<p><span style=\"font-size: 12pt;\">UNIWERSYTECKIE FORUM DYRYGENCKIE , CIESZYN 2023<\/span><br \/>\n<span style=\"font-size: 12pt;\">\u015broda, 6 grudnia 2023, Sala konferencyjna Wydzia\u0142u Sztuki i Nauk o Edukacji Uniwersytetu \u015al\u0105skiego<\/span><br \/>\n<span style=\"font-size: 12pt;\">9.30 \u2013 uroczyste rozpocz\u0119cie UFD Cieszyn 2023<\/span><br \/>\n<span style=\"font-size: 12pt;\">10.00-13.00 \u2013 I cz\u0119\u015b\u0107 konkursu \u2013 praca z ch\u00f3rem dzieci\u0119cym<\/span><br \/>\n<span style=\"font-size: 12pt;\">15.30-18.30 \u2013 II cz\u0119\u015b\u0107 konkursu \u2013 praca z ch\u00f3rem studenckim<\/span><br \/>\n<span style=\"font-size: 12pt;\">czwartek, 7 grudnia 2023, Sala konferencyjna Wydzia\u0142u Sztuki i Nauk o Edukacji Uniwersytetu \u015al\u0105skiego<\/span><br \/>\n<span style=\"font-size: 12pt;\">9.00-12.00 \u2013 III cz\u0119\u015b\u0107 konkursu \u2013 praca z orkiestr\u0105 smyczkow\u0105<\/span><br \/>\n<span style=\"font-size: 12pt;\">15.00-16.00 \u2013 og\u0142oszenie wynik\u00f3w<\/span><\/p>\n<p><span style=\"font-size: 12pt;\">IV OG\u00d3LNOPOLSKA KONFERENCJA NAUKOWO-ARTYSTYCZNA ORAZ WARSZTATY MISTRZOWSKIE<\/span><br \/>\n<span style=\"font-size: 12pt;\">PT: WYZWANIA WYKONAWCZE WSP\u00d3\u0141CZESNEJ CH\u00d3RALISTYKI<\/span><\/p>\n<p><span style=\"font-size: 12pt;\">pi\u0105tek, 8 grudnia 2023, Sala konferencyjna Wydzia\u0142u Sztuki i Nauk o Edukacji Uniwersytetu \u015al\u0105skiego<\/span><br \/>\n<span style=\"font-size: 12pt;\">9:00 \u2013 13:00 \u2013 wyk\u0142ady konferencyjne<\/span><br \/>\n<span style=\"font-size: 12pt;\">15:00 \u2013 17:00 \u2013 warsztaty mistrzowskie<\/span><\/p>\n<p><span style=\"font-size: 12pt;\">dr hab. Rafa\u0142 Rozmus, prof. UMCS (Uniwersytet M. Curie \u2013 Sk\u0142odowskiej w Lublinie)<\/span><\/p>\n<p><span style=\"font-size: 12pt;\">temat: Wsp\u00f3\u0142praca z ch\u00f3rem w projektach muzyki filmowej i rozrywkowej na przyk\u0142adzie w\u0142asnej dzia\u0142alno\u015bci artystycznej (Bankiet u Sanah, Golec uOrkiestra Symphoethnic oraz filmu Tryptyk Rzymski w re\u017c. Marka Luzara)<\/span><\/p>\n<p><span style=\"font-size: 12pt;\">sobota, 9 grudnia 2023, Cieszy\u0144ski O\u015brodek Kultury \u201eDom Narodowy\u201d<\/span><br \/>\n<span style=\"font-size: 12pt;\">godz. 15:30 \u2013 17:30 &#8211; warsztaty mistrzowskie<\/span><br \/>\n<span style=\"font-size: 12pt;\">PROF. DR HAB. KRZESIMIR D\u0118BSKI &#8211; SPOTKANIE Z MISTRZEM<\/span><br \/>\n<span style=\"font-size: 12pt;\">(Akademia Muzyczna im. J. Paderewskiego w Poznaniu)<\/span><\/p>\n<p><span style=\"font-size: 12pt;\">KONCERT W RAMACH KONFERENCJI<\/span><br \/>\n<span style=\"font-size: 12pt;\">pi\u0105tek, 8 grudnia 2023, godz:19:00, Cieszy\u0144ski O\u015brodek Kultury \u201eDom Narodowy\u201d<\/span><br \/>\n<span style=\"font-size: 12pt;\">SERIAL D\u0179WI\u0118K\u00d3W czyli\u2026 D\u0179WI\u0118KI Z SERIALI<\/span><br \/>\n<span style=\"font-size: 12pt;\">SILESIAN CHAMBER CHOIR AD LIBITUM<\/span><br \/>\n<span style=\"font-size: 12pt;\">Izabella Zielecka-Panek &#8211; dyrygent<\/span><br \/>\n<span style=\"font-size: 12pt;\">Magda Mi\u015bka Jackowska \u2013 prowadzenie koncertu<\/span><\/p>\n<p><span style=\"font-size: 12pt;\">PRZES\u0141UCHANIA KONKURSOWE\/ MI\u0118DZYNARODOWY KONKURS CH\u00d3RALNY IM. PROF. J\u00d3ZEFA \u015aWIDRA<\/span><br \/>\n<span style=\"font-size: 12pt;\">SOBOTA, 9 grudnia 2023, Cieszy\u0144ski O\u015brodek Kultury \u201eDom Narodowy\u201d<\/span><\/p>\n<p><span style=\"font-size: 12pt;\">1. Ch\u00f3r \u017be\u0144ski Kamerton, Starachowice\/Polska<\/span><br \/>\n<span style=\"font-size: 12pt;\">\u00a0\u00a0\u00a0 dyrygent: Bo\u017cena Magdalena Mr\u00f3zek<\/span><br \/>\n<span style=\"font-size: 12pt;\">\u00a0\u00a0\u00a0 kat. muzyka sakralna<\/span><br \/>\n<span style=\"font-size: 12pt;\">2. Akademicki Ch\u00f3r Uniwersytetu Gda\u0144skiego, Gda\u0144sk\/Polska<\/span><br \/>\n<span style=\"font-size: 12pt;\">\u00a0\u00a0\u00a0 dyrygent: Aneta Majda<\/span><br \/>\n<span style=\"font-size: 12pt;\">\u00a0\u00a0\u00a0 kat. muzyka wsp\u00f3\u0142czesna<\/span><br \/>\n<span style=\"font-size: 12pt;\">\u00a0\u00a0\u00a0 kat. ch\u00f3ry mieszane<\/span><br \/>\n<span style=\"font-size: 12pt;\">3. Ch\u00f3r Towarzystwa \u015apiewaczego Lutnia im. Jana Orszulika, Strumie\u0144\/Polska<\/span><br \/>\n<span style=\"font-size: 12pt;\">\u00a0\u00a0\u00a0 dyrygent: Nina Polczyk<\/span><br \/>\n<span style=\"font-size: 12pt;\">\u00a0\u00a0\u00a0 kat. muzyka sakralna<\/span><br \/>\n<span style=\"font-size: 12pt;\">\u00a0\u00a0\u00a0 kat. muzyka ludowa, etniczna<\/span><br \/>\n<span style=\"font-size: 12pt;\">4. Ch\u00f3r Dziewcz\u0119cy Narodowego Forum Muzyki, Wroc\u0142aw\/Polska<\/span><br \/>\n<span style=\"font-size: 12pt;\">\u00a0\u00a0\u00a0 dyrygent: Ma\u0142gorzata Podzielny<\/span><br \/>\n<span style=\"font-size: 12pt;\">\u00a0\u00a0\u00a0 kat. muz. sakralna<\/span><br \/>\n<span style=\"font-size: 12pt;\">\u00a0\u00a0\u00a0 kat. ch\u00f3ry dzieci\u0119ce i m\u0142odzie\u017cowe<\/span><br \/>\n<span style=\"font-size: 12pt;\">5. Ch\u00f3r Insieme, Krak\u00f3w\/Polska<\/span><br \/>\n<span style=\"font-size: 12pt;\">\u00a0\u00a0\u00a0 dyrygent: Monika Bachowska<\/span><br \/>\n<span style=\"font-size: 12pt;\">\u00a0\u00a0\u00a0 kat. muz. sakralna<\/span><br \/>\n<span style=\"font-size: 12pt;\">\u00a0\u00a0\u00a0 kat. muz. wsp\u00f3\u0142czesna<\/span><br \/>\n<span style=\"font-size: 12pt;\">6. Ch\u00f3r Katedry \u015awidnickiej Tactus Sonus, \u015awidnica\/Polska<\/span><br \/>\n<span style=\"font-size: 12pt;\">\u00a0\u00a0\u00a0 dyrygent: Marta Moneta<\/span><br \/>\n<span style=\"font-size: 12pt;\">\u00a0\u00a0\u00a0 kat. muz. sakralna<\/span><br \/>\n<span style=\"font-size: 12pt;\">7. Galician Chamber Choir Yevshan, Lw\u00f3w\/Ukraine<\/span><br \/>\n<span style=\"font-size: 12pt;\">\u00a0\u00a0\u00a0 dyrygent: Iryna Kreslenko<\/span><br \/>\n<span style=\"font-size: 12pt;\">\u00a0\u00a0\u00a0 kat. ch\u00f3ry mieszane<\/span><br \/>\n<span style=\"font-size: 12pt;\">8. Choir Allemanda, Jelgava\/\u0141otwa<\/span><br \/>\n<span style=\"font-size: 12pt;\">\u00a0\u00a0\u00a0 dyrygent: Edite Bergmane<\/span><br \/>\n<span style=\"font-size: 12pt;\">\u00a0\u00a0\u00a0 kat. ch\u00f3ry dzieci\u0119ce i m\u0142odzie\u017cowe<\/span><br \/>\n<span style=\"font-size: 12pt;\">9. Ch\u00f3r Cantores Graudentes Grudzi\u0105dz\/ Polska<\/span><br \/>\n<span style=\"font-size: 12pt;\">\u00a0\u00a0\u00a0 dyrygent: Micha\u0142 Rajewski<\/span><br \/>\n<span style=\"font-size: 12pt;\">\u00a0\u00a0\u00a0 kat. ch\u00f3ry kameralne<\/span><br \/>\n<span style=\"font-size: 12pt;\">\u00a0\u00a0\u00a0 kat. muzyka ludowa, etniczna<\/span><br \/>\n<span style=\"font-size: 12pt;\">10. Ch\u00f3r Omnia, \u017dilina\/ S\u0142owacja,<\/span><br \/>\n<span style=\"font-size: 12pt;\">\u00a0\u00a0\u00a0 dyrygent: Monika Ba\u017e\u00edkov\u00e1<\/span><br \/>\n<span style=\"font-size: 12pt;\">\u00a0\u00a0\u00a0 kat. ch\u00f3ry mieszane<\/span><br \/>\n<span style=\"font-size: 12pt;\">11. Ch\u00f3r Brioso, \u017dilina\/ S\u0142owacja,<\/span><br \/>\n<span style=\"font-size: 12pt;\">\u00a0\u00a0\u00a0 dyrygent: Monika Ba\u017e\u00edkov\u00e1<\/span><br \/>\n<span style=\"font-size: 12pt;\">\u00a0\u00a0\u00a0 kat. ch\u00f3ry dzieci\u0119ce i m\u0142odzie\u017cowe<\/span><\/p>\n<p><span style=\"font-size: 12pt;\">KONCERT LAUREAT\u00d3W MI\u0118DZYNARODOWEGO KONKURSU CH\u00d3RALNEGO IM. J\u00d3ZEFA \u015aWIDRA<\/span><\/p>\n<p><span style=\"font-size: 12pt;\">Sobota, 9 grudnia 2023, godz.18:30 Ko\u015bci\u00f3\u0142 Jezusowy w Cieszynie<\/span><\/p>\n<p><span style=\"font-size: 12pt;\">Wykonawcy:<\/span><br \/>\n<span style=\"font-size: 12pt;\">Laureaci Mi\u0119dzynarodowego Konkursu Ch\u00f3ralnego im. Prof. J\u00f3zefa \u015awidra<\/span><br \/>\n<span style=\"font-size: 12pt;\">Zesp\u00f3\u0142 Pie\u015bni i Ta\u0144ca Ziemi Cieszy\u0144skiej im. Janiny Marcinkowej<\/span><br \/>\n<span style=\"font-size: 12pt;\">Aleksandra Paszek \u2013 Trefon, Wojciech Trefom &#8211; dyrygent<\/span><br \/>\n<span style=\"font-size: 12pt;\">Ma\u0142gorzata Mendel- prowadzenie koncertu<\/span><\/p>\n<p><span style=\"font-size: 12pt;\">KONCERTY TOWARZYSZ\u0104CE W RAMACH MI\u0118DZYNARODOWEGO FESTIWALU MUZYKI IM. PROF. J\u00d3ZEFA \u015aWIDRA<\/span><\/p>\n<p><span style=\"font-size: 12pt;\">\u015broda, 6 grudnia 2023, godz. 18:00<\/span><br \/>\n<span style=\"font-size: 12pt;\">Gaulitanus Choir, Gozo\/Malta, dyrygent: Colin Attard<\/span><br \/>\n<span style=\"font-size: 12pt;\">Sala barokowa oo. Bernardyn\u00f3w w Krakowie<\/span><\/p>\n<p><span style=\"font-size: 12pt;\">czwartek, 7 grudnia 2023, godz. 18:00<\/span><br \/>\n<span style=\"font-size: 12pt;\">Gaulitanus Choir, Gozo\/Malta, dyrygent: Colin Attard<\/span><br \/>\n<span style=\"font-size: 12pt;\">Ko\u015bci\u00f3\u0142 Ewangelicko-Augsburski w Ustroniu<\/span><\/p>\n<p><span style=\"font-size: 12pt;\">Pi\u0105tek, 8 grudnia 2023, godz. 18:00<\/span><br \/>\n<span style=\"font-size: 12pt;\">Gaulitanus Choir, Gozo\/Malta, dyrygent: Colin Attard<\/span><br \/>\n<span style=\"font-size: 12pt;\">Ko\u015bci\u00f3\u0142 Anio\u0142a Str\u00f3\u017ca w Gorzycach<\/span><\/p>\n<p><span style=\"font-size: 12pt;\">Pi\u0105tek, 8 grudnia 2023, godz. 19:15<\/span><br \/>\n<span style=\"font-size: 12pt;\">Galician Chamber Choir Yevshan, Lw\u00f3w\/Ukraina, dyrygent: Iryna Kreslenko<\/span><br \/>\n<span style=\"font-size: 12pt;\">Ko\u015bci\u00f3\u0142 Matki Bo\u017cej Kr\u00f3lowej R\u00f3\u017ca\u0144ca \u015awi\u0119tego w \u0141aziskach G\u00f3rnych<\/span><\/p>\n<p><span style=\"font-size: 12pt;\">pi\u0105tek, 8 grudnia 2023, godz. 17:00<\/span><br \/>\n<span style=\"font-size: 12pt;\">Choir Allemanda, Jelgava\/\u0141otwa, dyrygent: Edite Bergmane<\/span><br \/>\n<span style=\"font-size: 12pt;\">Parafia Wniebowzi\u0119cia NMP w Zebrzydowicach<\/span><\/p>\n<p><span style=\"font-size: 12pt;\">ORGANIZATORZY FESTIWALU:<\/span><br \/>\n<span style=\"font-size: 12pt;\">Uniwersytet \u015al\u0105ski W Katowicach<\/span><br \/>\n<span style=\"font-size: 12pt;\">Wydzia\u0142 Sztuki i Nauk o Edukacji<\/span><br \/>\n<span style=\"font-size: 12pt;\">Instytut Sztuk Muzycznych w Cieszynie<\/span><br \/>\n<span style=\"font-size: 12pt;\">Fundacja Muzyka Bez Granic<\/span><br \/>\n<span style=\"font-size: 12pt;\">PARTNERZY FESTIWALU:<\/span><br \/>\n<span style=\"font-size: 12pt;\">Fundacja Profesora J\u00f3zefa \u015awidra<\/span><br \/>\n<span style=\"font-size: 12pt;\">Miasto Cieszyn<\/span><br \/>\n<span style=\"font-size: 12pt;\">Starostwo Powiatowe w Cieszynie<\/span><br \/>\n<span style=\"font-size: 12pt;\">Cieszy\u0144ski O\u015brodek Kultury Dom Narodowy<\/span><br \/>\n<span style=\"font-size: 12pt;\">Gminne Centrum Kultury w Gorzycach<\/span><br \/>\n<span style=\"font-size: 12pt;\">Gminny O\u015brodek Kultury w Zebrzydowicach<\/span><br \/>\n<span style=\"font-size: 12pt;\">Zarz\u0105d G\u0142\u00f3wny Polskiego Zwi\u0105zku Ch\u00f3r\u00f3w i Orkiestr<\/span><br \/>\n<span style=\"font-size: 12pt;\">Oddzia\u0142 Bielski Polskiego Zwi\u0105zku Ch\u00f3r\u00f3w i Orkiestr<\/span><br \/>\n<span style=\"font-size: 12pt;\">Browar Ustro\u0144 &amp; Karczma Wrzos Ustro\u0144<\/span><br \/>\n<span style=\"font-size: 12pt;\">Boundless Sound Records<\/span><br \/>\n<span style=\"font-size: 12pt;\">Kancelaria Audytorska Dudek i Partnerzy Biegli Rewidenci<\/span><br \/>\n<span style=\"font-size: 12pt;\">Parafia Ewangelicko-Augsburska w Cieszynie<\/span><br \/>\n<span style=\"font-size: 12pt;\">Parafia Matki Bo\u017cej Kr\u00f3lowej R\u00f3\u017ca\u0144ca \u015awi\u0119tego w \u0141aziskach G\u00f3rnych<\/span><br \/>\n<span style=\"font-size: 12pt;\">Parafia Wniebowzi\u0119cia NMP w Zebrzydowicach<\/span><br \/>\n<span style=\"font-size: 12pt;\">Parafia Anio\u0142a Str\u00f3\u017ca w Gorzycach<\/span><\/p>\n<p><span style=\"font-size: 12pt;\">PATRONAT MEDIALNY<\/span><br \/>\n<span style=\"font-size: 12pt;\">POLSKIE RADIO KATOWICE<\/span><br \/>\n<span style=\"font-size: 12pt;\">TELEWIZJA POLSKA KATOWICE<\/span><br \/>\n<span style=\"font-size: 12pt;\">PORTAL OX.PL<\/span><br \/>\n<span style=\"font-size: 12pt;\">PRESTOPORTAL.PL<\/span><br \/>\n<span style=\"font-size: 12pt;\">PORTAL POLMIC.PL &#8211; Polskie Centrum Informacji Muzycznej<\/span>[\/vc_column_text][\/vc_column][\/vc_row]<\/p>","protected":false},"excerpt":{"rendered":"<p>[vc_row][vc_column][vc_column_text] THE PROF. J\u00d3ZEF \u015aWIDER 8th INTERNATIONAL FESTIVAL OF MUSIC VIII MI\u0118DZYNARODOWY FESTIWAL MUZYKI IM. PROF. J\u00d3ZEFA \u015aWIDRA PATRONAT HONOROWY J.M. REKTOR UNIWERSYTETU \u015aL\u0104SKIEGO prof. dr hab. Ryszard Kozio\u0142ek STAROSTA CIESZY\u0143SKI Mieczys\u0142aw Szczurek BURMISTRZ MIASTA CIESZYNA Gabriela Staszkiewicz J.E. KS. ARCYBISKUP METROPOLITA KATOWICKI Adrian J\u00f3zef Galbas SAC J.E. BISKUP DIECEZJI CIESZY\u0143SKIEJ KO\u015aCIO\u0141A EWANGELICKO-AUGSBURSKIEGO dr Adrian [&#8230;]<\/p>\n<p><a class=\"btn btn-secondary understrap-read-more-link\" href=\"https:\/\/us.edu.pl\/instytut\/ismuz\/2023\/11\/23\/viii-miedzynarodowy-festiwal-muzyki-im-profesora-jozefa-swidra\/\">Read More&#8230;<\/a><\/p>\n","protected":false},"author":110,"featured_media":3222,"comment_status":"open","ping_status":"open","sticky":false,"template":"","format":"standard","meta":{"_expiration-date-status":"","_expiration-date":0,"_expiration-date-type":"","_expiration-date-categories":[],"_expiration-date-options":[]},"categories":[8],"tags":[],"acf":[],"_links":{"self":[{"href":"https:\/\/us.edu.pl\/instytut\/ismuz\/wp-json\/wp\/v2\/posts\/3221"}],"collection":[{"href":"https:\/\/us.edu.pl\/instytut\/ismuz\/wp-json\/wp\/v2\/posts"}],"about":[{"href":"https:\/\/us.edu.pl\/instytut\/ismuz\/wp-json\/wp\/v2\/types\/post"}],"author":[{"embeddable":true,"href":"https:\/\/us.edu.pl\/instytut\/ismuz\/wp-json\/wp\/v2\/users\/110"}],"replies":[{"embeddable":true,"href":"https:\/\/us.edu.pl\/instytut\/ismuz\/wp-json\/wp\/v2\/comments?post=3221"}],"version-history":[{"count":3,"href":"https:\/\/us.edu.pl\/instytut\/ismuz\/wp-json\/wp\/v2\/posts\/3221\/revisions"}],"predecessor-version":[{"id":3225,"href":"https:\/\/us.edu.pl\/instytut\/ismuz\/wp-json\/wp\/v2\/posts\/3221\/revisions\/3225"}],"wp:featuredmedia":[{"embeddable":true,"href":"https:\/\/us.edu.pl\/instytut\/ismuz\/wp-json\/wp\/v2\/media\/3222"}],"wp:attachment":[{"href":"https:\/\/us.edu.pl\/instytut\/ismuz\/wp-json\/wp\/v2\/media?parent=3221"}],"wp:term":[{"taxonomy":"category","embeddable":true,"href":"https:\/\/us.edu.pl\/instytut\/ismuz\/wp-json\/wp\/v2\/categories?post=3221"},{"taxonomy":"post_tag","embeddable":true,"href":"https:\/\/us.edu.pl\/instytut\/ismuz\/wp-json\/wp\/v2\/tags?post=3221"}],"curies":[{"name":"wp","href":"https:\/\/api.w.org\/{rel}","templated":true}]}}