{"id":3240,"date":"2023-12-20T10:56:06","date_gmt":"2023-12-20T09:56:06","guid":{"rendered":"https:\/\/us.edu.pl\/instytut\/ismuz\/?p=3240"},"modified":"2023-12-20T14:51:10","modified_gmt":"2023-12-20T13:51:10","slug":"viii-miedzynarodowy-festiwal-muzyki-im-jozefa-swidra-w-cieszynie","status":"publish","type":"post","link":"https:\/\/us.edu.pl\/instytut\/ismuz\/2023\/12\/20\/viii-miedzynarodowy-festiwal-muzyki-im-jozefa-swidra-w-cieszynie\/","title":{"rendered":"VIII Mi\u0119dzynarodowy Festiwal Muzyki im. J\u00f3zefa \u015awidra w Cieszynie"},"content":{"rendered":"<p>[vc_row][vc_column][vc_column_text]<span style=\"font-size: 12pt;\">MUZYKA CH\u00d3RALNA JAK\u0104 LUBIMY \u2013 ZAUROCZENI CH\u00d3RALISTYK\u0104<\/span><br \/>\n<span style=\"font-size: 12pt;\">ZAKO\u0143CZY\u0141 SI\u0118 VIII MI\u0118DZYNARODOWY FESTIWAL MUZYKI IM. J\u00d3ZEFA \u015aWIDRA W CIESZYNIE<\/span><\/p>\n<p><span style=\"font-size: 12pt;\">Muzyka ch\u00f3ralna odgrywa znacz\u0105c\u0105 rol\u0119 w tradycji \u015al\u0105ska Cieszy\u0144skiego. Bogata historia \u015bpiewacza tego regionu w istotny spos\u00f3b wp\u0142ywa\u0142a \u2013 i wci\u0105\u017c wp\u0142ywa \u2013 na edukacj\u0119, wychowanie zainteresowanie kultur\u0105, a tak\u017ce \u017cycie codzienne jego mieszka\u0144c\u00f3w.<\/span><\/p>\n<p><span style=\"font-size: 12pt;\">W dniach 6-10 grudnia na \u015al\u0105sk zawita\u0142 Mi\u0119dzynarodowy Festiwal Muzyki im. Profesora J\u00f3zefa \u015awidra w Cieszynie (w angielskim brzmieniu: The Professor Jozef Swider International Festival of Music in Cieszyn).<\/span><\/p>\n<p><span style=\"font-size: 12pt;\">W ramach tegorocznej edycji Festiwalu odby\u0142o si\u0119: Uniwersyteckie Forum Dyrygent\u00f3w, warsztaty mistrzowskie Spotkanie z Mistrzami Krzesimirem D\u0119bskim oraz Mistrzem Rafa\u0142em Rozmusem, koncerty festiwalowe w Cieszynie, Krakowie, Ustroniu, Zebrzydowicach, Gorzycach i \u0141aziskach G\u00f3rnych oraz Mi\u0119dzynarodowy Konkurs Ch\u00f3ralny im. J\u00f3zefa \u015awidra<\/span><\/p>\n<p><span style=\"font-size: 12pt;\">Organizatorem Festiwalu od 2015 jest Uniwersytet \u015al\u0105ski w Katowicach, Wydzia\u0142 Sztuki i Nauk o Edukacji, Instytut Sztuk Muzycznych oraz Fundacja Muzyka Bez Granic. Pomys\u0142odawc\u0105 oraz<\/span><br \/>\n<span style=\"font-size: 12pt;\">dyrektorem Mi\u0119dzynarodowego Festiwalu Muzyki im. J\u00f3zefa \u015awidra jest prof. dr hab. Izabella Zielecka-Panek, przy wsp\u00f3\u0142pracy z dyrektor organizacyjn\u0105 Festiwalu dr Mari\u0105 Zuber<\/span><\/p>\n<p><span style=\"font-size: 12pt;\">Tegoroczna edycja mia\u0142a na celu ukazanie ch\u00f3ralistyki jako przyst\u0119pnej dziedziny sztuki muzycznej, otwartej i wzbudzaj\u0105cej zainteresowanie ka\u017cdego s\u0142uchacza.<\/span><\/p>\n<p><span style=\"font-size: 12pt;\">Patronat honorowy nad wydarzeniem obj\u0119li: J.M. Rektor Uniwersytetu \u015al\u0105skiego Prof. dr hab. Ryszard Kozio\u0142ek, Starosta Cieszy\u0144ski Mieczys\u0142aw Szczurek, Burmistrz Miasta Cieszyna Gabriela Staszkiewicz, J.E. Ks. Arcybiskup Metropolita Katowicki Adrian J\u00f3zef Galbas Sac, J.E. Biskup Diecezji Cieszy\u0144skiej Ko\u015bcio\u0142a Ewangelicko-Augsburskiego dr Adrian Korczago.<\/span><\/p>\n<p><span style=\"font-size: 12pt;\">Tegoroczny Festiwal rozpocz\u0105\u0142 si\u0119 6 grudnia na terenie Kampusu Uniwersyteckiego \u015al\u0105skiego w Cieszynie Uniwersyteckim Forum Dyrygenckim \u2013 Konfrontacjami M\u0142odych Dyrygent\u00f3w. Podczas Forum m\u0142odzi dyrygenci z muzycznych kierunk\u00f3w uniwersyteckich (Bydgoszczy, Cieszyna Cz\u0119stochowy Kielc, Lublina, Olsztyna, Zielonej G\u00f3ry) wsp\u00f3\u0142zawodniczyli o tytu\u0142 najlepszego dyrygenta prowadz\u0105c ch\u00f3r dzieci\u0119cy, ch\u00f3r studencki oraz orkiestr\u0119 smyczkow\u0105. Najlepszym dyrygentem Konfrontacji okaza\u0142 si\u0119 Micha\u0142 Miszczenkow reprezentuj\u0105cy Uniwersytet Marii Curie-Sk\u0142odowskiej w Lublinie, a przygotowany przez prof. dr hab. Monik\u0119 Mielko \u2013 Remiszewsk\u0105. Nast\u0119pna edycja Uniwersyteckiego Forum Dyrygent\u00f3w odb\u0119dzie si\u0119 w Rzeszowie w 2024 roku.<\/span><\/p>\n<p><span style=\"font-size: 12pt;\">W pi\u0105tek 8 grudnia odby\u0142o si\u0119 Spotkanie z Mistrzem, doktorem habilitowanym Rafa\u0142em Rozmusem, prof. U\u015a &#8211; kompozytorem, dyrygent, producent muzycznym. Jest autorem muzyki do ponad 100 film\u00f3w, seriali i spektakli teatralnych (m.in. Tajemnice Watykanu) Cz\u0119sto wsp\u00f3\u0142tworzy projekty z artystami estradowymi m.in. z Sanah, Golec uOrkiestra, Piotrem Cugowskim, Gromeem i in. Podczas spotkania w Cieszy\u0144skim O\u015brodku Kultury Daom Narodowy opowiada\u0142 o projektach muzyki filmowej i rozrywkowej na przyk\u0142adzie w\u0142asnej dzia\u0142alno\u015bci artystycznej Bankiet u Sanah, Golec uOrkiestra Symphoethnic oraz filmu Tryptyk Rzymski w re\u017c. Marka Luzara. W drugiej cz\u0119\u015bci spotkania s\u0142uchacze pytali o sposoby realizacji przedsi\u0119wzi\u0119\u0107, rodzaje wykorzystywanych program\u00f3w realizatorskich, wsp\u00f3\u0142prac\u0119 z gwiazdami. By\u0142a to bardzo tw\u00f3rcza dyskusja , z kt\u00f3rej m\u0142odzi adepci kierunku Muzyka w multimediach U\u015a mieli mo\u017cliwo\u015b\u0107 podpatrzenia pracy Mistrza Rafa\u0142a Rozmusa.<\/span><\/p>\n<p><span style=\"font-size: 12pt;\">W sobot\u0119 9 grudnia w \u201eDomu Narodowym\u201d odby\u0142o si\u0119 drugie Spotkanie z Mistrzem. Tego dnia go\u015bcili\u015bmy Prof. dra hab. Krzesimira D\u0119bskiego, wybitnego polskiego kompozytora, uznanego dyrygenta, a tak\u017ce wirtuoza jazzowych skrzypiec i pianist\u0119, muzyka genialnego, poruszaj\u0105cego si\u0119 r\u00f3wnie swobodnie w \u015bwiecie jazzu, jak i muzyki klasycznej. Krzesimir D\u0119bski znany jest przede wszystkim z licznych i ciesz\u0105cych si\u0119 du\u017c\u0105 popularno\u015bci\u0105 kompozycji muzyki filmowej oraz autorstwa piosenek ( Czas nas uczy pogody, Dumka na dwa serca, \u017bycie jest nowel\u0105) Pe\u0142ne dowcipu, konfrontacji, opowie\u015bci o \u017cyciu kompozytora spotkanie z Mieszka\u0144cami Cieszyna oraz m\u0142odzie\u017c\u0105, uczestnikami konkursu ch\u00f3ralnego.<\/span><\/p>\n<p><span style=\"font-size: 12pt;\">G\u0142\u00f3wnym wydarzeniem VIII edycji Festiwalu by\u0142 Mi\u0119dzynarodowy Konkurs Ch\u00f3ralny im. J\u00f3zefa \u015awidra o nagrod\u0119 Grand Prix JM Rektora Uniwersytetu \u015al\u0105skiego. Jury w sk\u0142adzie: <\/span><\/p>\n<ul>\n<li><span style=\"font-size: 12pt;\">Prof. dr hab. Dariusz Dyczewski, Akademia Sztuki w Szczecinie \u2013 przewodnicz\u0105cy Jury,<\/span><\/li>\n<li><span style=\"font-size: 12pt;\">Prof. dr hab. Izabella Zielecka-Panek, Uniwersytet \u015al\u0105ski w Katowicach,<\/span><\/li>\n<li><span style=\"font-size: 12pt;\">Prof. dr hab. Monika Mielko-Remiszewska, Uniwersytet Marii Curie-Sk\u0142odowskiej w Lublinie,<\/span><\/li>\n<li><span style=\"font-size: 12pt;\">Prof. Rolandas Daugela, Uniwersytet Witolda Wielkiego w Kownie, Litwa, <\/span><\/li>\n<\/ul>\n<p><span style=\"font-size: 12pt;\">po wys\u0142uchaniu 10 zespo\u0142\u00f3w w 14 prezentacjach konkursowych postanowi\u0142o przyzna\u0107 nast\u0119puj\u0105ce nagrody regulaminowe i wyr\u00f3\u017cnienia: <\/span><\/p>\n<p><span style=\"font-size: 12pt;\">1. NAGROD\u0118 SPECJALN\u0104 za najciekawsze wykonanie utworu kompozytora zwi\u0105zanego z G\u00f3rnym \u015al\u0105skiem lub ze \u015al\u0105skiem Cieszy\u0144skim \u2013 nagrod\u0119 pieni\u0119\u017cn\u0105 oraz PUCHAR STAROSTY CIESZY\u0143SKIEGO otrzyma\u0142<\/span><br \/>\n<span style=\"font-size: 12pt;\">Ch\u00f3r Towarzystwa \u015apiewaczego \u201eLutnia\u201d im. Jana Orszulika, Strumie\u0144\/Polska dyr. Nina Polczyk<\/span><\/p>\n<p><span style=\"font-size: 12pt;\">2. NAGROD\u0118 SPECJALN\u0104 za najlepsze wykonanie utworu inspirowanego folklorem \u2013 nagrod\u0119 pieni\u0119\u017cna oraz PUCHAR DZIEKANA WYDZIA\u0141U SZTUKI I NAUK O EDUKACJI UNIWERSYTETU \u015aL\u0104SKIEGO W CIESZYNIE otrzyma\u0142<\/span><br \/>\n<span style=\"font-size: 12pt;\">Galician Chamber Choir \u201eYevshan\u201d, Lw\u00f3w\/Ukraina dyr. Iryna Kreslenko<\/span><\/p>\n<p><span style=\"font-size: 12pt;\">3. NAGROD\u0118 SPECJALN\u0104 za najlepsze wykonanie utworu o charakterze sakralnym \u2013 nagrod\u0119 pieni\u0119\u017cn\u0105 oraz PUCHAR J.E. KS. BISKUPA DIECEZJI CIESZY\u0143SKIEJ Ko\u015bcio\u0142a Ewangelicko-Augsburskiego J. E. KS. ARCYBISKUPA METROPOLITY KATOWICKIEGO otrzyma\u0142<\/span><br \/>\n<span style=\"font-size: 12pt;\">Ch\u00f3r Dziewcz\u0119cy Narodowego Forum Muzyki, Wroc\u0142aw\/Polska dyr. Ma\u0142gorzata Podzielny<\/span><\/p>\n<p><span style=\"font-size: 12pt;\">4. NAGROD\u0118 SPECJALN\u0104 za najciekawsze wykonanie utworu wsp\u00f3\u0142czesnego kompozytora nagrod\u0119 pieni\u0119\u017cn\u0105 w wysoko\u015bci 1000 z\u0142 oraz PUCHAR BURMISTRZA MIASTA CIESZYNA otrzyma\u0142<\/span><br \/>\n<span style=\"font-size: 12pt;\">Chamber Choir \u201eOmnia\u201d, Zilina\/Slovakia dyr. Monika Ba\u017e\u00edkov\u00e1<\/span><\/p>\n<p><span style=\"font-size: 12pt;\">5. NAGROD\u0118 SPECJALN\u0104 za najlepsze wykonanie utworu Prof. J\u00f3zefa \u015awidra \u2013 nagrod\u0119 pieni\u0119\u017cn\u0105 oraz STATUETK\u0118 CANTUS UFUNDOWAN\u0104 PRZEZ FUNDACJ\u0118 J\u00d3ZEFA \u015aWIDRA\/ NAJBLI\u017bSZ\u0104 RODZIN\u0118 PROFESORA otrzyma\u0142<\/span><br \/>\n<span style=\"font-size: 12pt;\">Akademicki Ch\u00f3r Uniwersytetu Gda\u0144skiego, Gda\u0144sk\/Polska dyr. Aneta Majda<\/span><\/p>\n<p><span style=\"font-size: 12pt;\">6. NAGRODA SPECJALNA w roku 2023 za najlepsze prawykonanie utworu polskiego, \u017cyj\u0105cego kompozytora, \u2013 nagrod\u0119 pieni\u0119\u017cn\u0105 otrzyma\u0142<\/span><br \/>\n<span style=\"font-size: 12pt;\">Akademicki Ch\u00f3r Uniwersytetu Gda\u0144skiego, Gda\u0144sk\/Polska dyr. Aneta Majda ZA UTW\u00d3R FILIPA CIESZY\u0143SKIEGO: O LUX BEATA TRINITAS<\/span><\/p>\n<p><span style=\"font-size: 12pt;\">7. NAGRODA SPECJALNA dla najlepszego dyrygenta Festiwalu \u2013 roczna prenumerata czasopisma PRESTO otrzyma\u0142a <\/span><br \/>\n<span style=\"font-size: 12pt;\">Ma\u0142gorzata Podzielny \u2013 dyrygentka Ch\u00f3ru Dziewcz\u0119cego NFM w Wroc\u0142awiu<\/span><\/p>\n<p><span style=\"font-size: 12pt;\"><strong>8. GRAND PRIX MI\u0118DZYNARODOWEGO FESTIWALU MUZYKI IM. PROFESORA J\u00d3ZEFA \u015aWIDRA, PUCHAR JM REKTORA UNIWERSYTETU \u015aL\u0104SKIEGO PROF. DR HAB. RYSZARDA KOZIO\u0141KA, ORAZ NAGROD\u0118 PIENI\u0118\u017bN\u0104 10.000 z\u0142otych OTRZYMA\u0141<\/strong><\/span><br \/>\n<span style=\"font-size: 12pt;\"><strong>Ch\u00f3r Dziewcz\u0119cy Narodowego Forum Muzyki, Wroc\u0142aw\/Polska dyr. Ma\u0142gorzata Podzielny<\/strong><\/span><\/p>\n<p><span style=\"font-size: 12pt;\">Wieczorem w sobot\u0119 , 9 grudnia w Ko\u015bciele Jezusowym odby\u0142 si\u0119 Koncert Galowy VIII mi\u0119dzynarodowego Konkursu Ch\u00f3ralnego im. Profesora J\u00f3zefa \u015awidra w Cieszynie. Podczas koncertu wyst\u0105pi\u0142y wszystkie ch\u00f3ry festiwalowe:<\/span><\/p>\n<ol>\n<li><span style=\"font-size: 12pt;\">Ch\u00f3r \u017be\u0144ski \u201eKamerton\u201d, Starachowice\/Polska, dyrygent: Bo\u017cena Magdalena Mr\u00f3zek<\/span><\/li>\n<li><span style=\"font-size: 12pt;\">Akademicki Ch\u00f3r Uniwersytetu Gda\u0144skiego, Gda\u0144sk\/Polska, dyrygent: Aneta Majda<\/span><\/li>\n<li><span style=\"font-size: 12pt;\">Ch\u00f3r Towarzystwa \u015apiewaczego \u201eLutnia\u201d im. Jana Orszulika, Strumie\u0144\/Polska, dyrygent: Nina Polczyk<\/span><\/li>\n<li><span style=\"font-size: 12pt;\">Ch\u00f3r Dziewcz\u0119cy Narodowego Forum Muzyki, Wroc\u0142aw\/Polska, dyrygent: Ma\u0142gorzata Podzielny<\/span><\/li>\n<li><span style=\"font-size: 12pt;\">Ch\u00f3r \u201eInsieme\u201d, Krak\u00f3w\/Polska, dyrygent: Monika Bachowska<\/span><\/li>\n<li><span style=\"font-size: 12pt;\">Ch\u00f3r Katedry \u015awidnickiej \u201eTactus Sonus\u201d, \u015awidnica\/Polska, dyrygent: Marta Moneta<\/span><\/li>\n<li><span style=\"font-size: 12pt;\">Galician Chamber Choir \u201eYevshan\u201d, Lw\u00f3w\/Ukraina, dyrygent: Iryna Kreslenko<\/span><\/li>\n<li><span style=\"font-size: 12pt;\">Choir \u201cAllemanda\u201d, Jelgava\/\u0141otwa, dyrygent: Edite Bergmane<\/span><\/li>\n<li><span style=\"font-size: 12pt;\">Ch\u00f3r Omnia, \u017dilina\/ S\u0142owacja, dyrygent: Monika Ba\u017e\u00edkov\u00e1<\/span><\/li>\n<li><span style=\"font-size: 12pt;\">Ch\u00f3r Brioso, \u017dilina\/ S\u0142owacja, dyrygent: Monika Ba\u017e\u00edkov\u00e1<\/span><\/li>\n<li><span style=\"font-size: 12pt;\">Gaulitanus Choir Gozo\/ Malta, dyrygent: Colin Attard<\/span><\/li>\n<\/ol>\n<p><span style=\"font-size: 12pt;\">Zosta\u0142y wr\u0119czone dyplomy, nagrody specjalne oraz puchary. <\/span><br \/>\n<span style=\"font-size: 12pt;\">Wa\u017cnym punktem Koncertu Galowego by\u0142o za\u015bpiewanie przez wszystkie zespo\u0142y tradycyjnej pie\u015bni \u015al\u0105ska Cieszy\u0144skiego P\u0142yniesz Olzo w opracowaniu Karola H\u0142awiczki, jednego z dw\u00f3ch nieoficjalnych hymn\u00f3w \u015al\u0105ska Cieszy\u0144skiego, b\u0119d\u0105cy manifestacj\u0105 polsko\u015bci tego regionu. <\/span><br \/>\n<span style=\"font-size: 12pt;\">Wykonawc\u00f3w wspiera\u0142 Ch\u00f3r Zespo\u0142u Pie\u015bni i Ta\u0144ca Ziemi Cieszy\u0144skiej im. J. Marcinkowej pod dyrekcj\u0105 prof. Aleksandry Paszek-Trefon. <\/span><br \/>\n<span style=\"font-size: 12pt;\">Koncert Galowy zako\u0144czy\u0142 si\u0119 przepi\u0119knym wykonaniem przez Ch\u00f3r Zespo\u0142u Pie\u015bni i Ta\u0144ca Ziemi Cieszy\u0144skiej pie\u015bni Ojcowski dom, kt\u00f3ra zajmuje do dzisiaj niezwykle wa\u017cne miejsce w poczuciu to\u017csamo\u015bci narodowej spo\u0142ecze\u0144stwa. To nieoficjalny hymn \u015al\u0105ska Cieszy\u0144skiego, \u015bpiewany zawsze w postawie stoj\u0105cej. Pi\u0119kno cieszy\u0144skich stroj\u00f3w ludowych zespo\u0142u zachwyci\u0142o i doda\u0142o Festiwalowi powagi i wznios\u0142o\u015bci.<\/span><\/p>\n<p><span style=\"font-size: 12pt;\">Podczas Mi\u0119dzynarodowego Festiwalu Muzyki im . Profesora J\u00f3zefa \u015awidra odby\u0142y si\u0119 r\u00f3wnie\u017c koncerty towarzysz\u0105ce w r\u00f3\u017cnych miejscowo\u015bciach Polski Po\u0142udniowej.<\/span><br \/>\n<span style=\"font-size: 12pt;\">W wi\u0119kszo\u015bci wyst\u0105pi\u0142y ch\u00f3ry zagraniczne, kt\u00f3re poprzez udzia\u0142 w koncertach dla Mieszka\u0144c\u00f3w \u015al\u0105ska zechcia\u0142y przedstawi\u0107 muzyk\u0119 ch\u00f3raln\u0105 swoich kraj\u00f3w. Koncerty cieszy\u0142y si\u0119 olbrzymim zainteresowaniem publiczno\u015bci. W tym miejscu pragniemy najserdeczniej podzi\u0119kowa\u0107 wsp\u00f3\u0142organizatorom koncert\u00f3w za umo\u017cliwienie koncertowania oraz za okazanie naszej \u015bl\u0105skiej go\u015bcinno\u015bci\ud83d\ude0a: Ojcowie Bernardyni w Krakowie, Parafia Ewangelicko-Augsburska w Ustroniu, Parafia Anio\u0142a Str\u00f3\u017ca w Gorzycach, GCK w Gorzycach, Parafia Matki Bo\u017cej Kr\u00f3lowej R\u00f3\u017ca\u0144ca \u015awi\u0119tego w \u0141aziskach G\u00f3rnych, Parafia Wniebowzi\u0119cia NMP w Zebrzydowicach, GOK w Zebrzydowicach.<\/span><\/p>\n<p><span style=\"font-size: 12pt;\">PATRONAT MEDIALNY nad wydarzeniem obj\u0119li:<\/span><\/p>\n<ul>\n<li><span style=\"font-size: 12pt;\">POLSKIE RADIO KATOWICE<\/span><\/li>\n<li><span style=\"font-size: 12pt;\">TELEWIZJA POLSKA KATOWICE<\/span><\/li>\n<li><span style=\"font-size: 12pt;\">PORTAL OX.PL<\/span><\/li>\n<li><span style=\"font-size: 12pt;\">PRESTOPORTAL.PL<\/span><\/li>\n<li><span style=\"font-size: 12pt;\">PORTAL POLMIC.PL &#8211; Polskie Centrum Informacji Muzycznej<\/span><\/li>\n<\/ul>\n<p><span style=\"font-size: 12pt;\">Profesor J\u00f3zef \u015awider, kompozytor i wyk\u0142adowca akademicki, inspirowa\u0142 i nadal inspiruje rzesze student\u00f3w i dojrza\u0142ych artyst\u00f3w-muzyk\u00f3w. Jego utwory s\u0105 obiektem podziwu krytyk\u00f3w i wyzwaniem dla wykonawc\u00f3w, a przyznawan\u0105 mu opini\u0119 wybitnego pedagoga potwierdzaj\u0105 s\u0142owa tych, kt\u00f3rzy mieli zaszczyt i przyjemno\u015b\u0107 by\u0107 jego uczniami.<\/span><br \/>\n<span style=\"font-size: 12pt;\">Mi\u0119dzynarodowy Festiwal Muzyki, przyjmuj\u0105c imi\u0119 Profesora J\u00f3zefa \u015awidra, sta\u0142 si\u0119 niejako \u201ewizyt\u00f3wk\u0105\u201d \u015bl\u0105skiej ch\u00f3ralistyki. Na festiwal sk\u0142ada si\u0119 komplet r\u00f3\u017cnorodnych wydarze\u0144, jak: przes\u0142uchania konkursowe, koncerty, konferencje, seminaria i warsztaty. Konkursy anga\u017cuj\u0105 zespo\u0142y ch\u00f3ralne r\u00f3\u017cnych generacji: od dzieci\u0119cych, przez m\u0142odzie\u017cowe, akademickie, a\u017c po te z\u0142o\u017cone z dojrza\u0142ych \u015bpiewak\u00f3w. Zespo\u0142y prezentuj\u0105 wysoki poziom wykonawstwa muzycznego, a w\u015br\u00f3d laureat\u00f3w festiwalowych nagr\u00f3d nie brak ch\u00f3r\u00f3w o ugruntowanej ju\u017c pozycji, odnosz\u0105cych liczne sukcesy na rozmaitych presti\u017cowych konkursach. Zmaganiom konkursowym podczas festiwalu towarzyszy wymiana do\u015bwiadcze\u0144 artystycznych i edukacyjnych, popularyzacja literatury ch\u00f3ralnej r\u00f3\u017cnych styl\u00f3w i epok oraz konfrontacja wynik\u00f3w bada\u0144 naukowych. Wszystko to s\u0142u\u017cy\u0107 ma kultywowaniu sztuki muzycznej regionu i rozpowszechnianiu mi\u0142o\u015bci do \u015bpiewu \u2013 bez wzgl\u0119du na wiek, umiej\u0119tno\u015bci czy przynale\u017cno\u015b\u0107 narodow\u0105 \u015bpiewaj\u0105cych.<\/span><\/p>\n<p><span style=\"font-size: 12pt;\">Mi\u0119dzynarodowy Festiwal Muzyki im. Profesora J\u00f3zefa \u015awidra niew\u0105tpliwie odnalaz\u0142 swoje miejsce w kalendarzu imprez kulturalnych w Polsce.<\/span><br \/>\n<span style=\"font-size: 12pt;\">Dzi\u0119ki temu wydarzeniu, \u015al\u0105sk Cieszy\u0144ski, a tym samym Uniwersytet \u015al\u0105ski w grudniowy czas staj\u0105 si\u0119 na chwil\u0119 \u201emuzycznym sercem\u201d Polski.<\/span><\/p>\n<p><span style=\"font-size: 12pt;\">Foto. Krzysztof Puda<\/span>[\/vc_column_text][\/vc_column][\/vc_row][vc_row][vc_column]            \r\n                    <div class=\"container\">\r\n                        <div class=\"gallery gallery_4\" data-images-in-row=\"4\">\r\n                            \r\n                            <div class=\"row m-0\">\r\n                                <a data-fancybox-group=\"button\" title=\"\" data-fancybox=\"9719\" href=\"https:\/\/us.edu.pl\/instytut\/ismuz\/wp-content\/uploads\/sites\/54\/Bez-kategorii\/VIII-MIEDZYNARODOWY-FESTIWAL-MUZYKI-IM.-JOZEFA-SWIDRA-W-CIESZYNIE-1.jpg\" class=\"gallery__item thumbnail\"\r\n                                    style=\"background-image: url(https:\/\/us.edu.pl\/instytut\/ismuz\/wp-content\/uploads\/sites\/54\/Bez-kategorii\/VIII-MIEDZYNARODOWY-FESTIWAL-MUZYKI-IM.-JOZEFA-SWIDRA-W-CIESZYNIE-1.jpg)\"> <span class=\"d-none\">https:\/\/us.edu.pl\/instytut\/ismuz\/wp-content\/uploads\/sites\/54\/Bez-kategorii\/VIII-MIEDZYNARODOWY-FESTIWAL-MUZYKI-IM.-JOZEFA-SWIDRA-W-CIESZYNIE-1.jpg<\/span> <\/a><a data-fancybox-group=\"button\" title=\"\" data-fancybox=\"9719\" href=\"https:\/\/us.edu.pl\/instytut\/ismuz\/wp-content\/uploads\/sites\/54\/Bez-kategorii\/VIII-MIEDZYNARODOWY-FESTIWAL-MUZYKI-IM.-JOZEFA-SWIDRA-W-CIESZYNIE-2.jpg\" class=\"gallery__item thumbnail\"\r\n                                    style=\"background-image: url(https:\/\/us.edu.pl\/instytut\/ismuz\/wp-content\/uploads\/sites\/54\/Bez-kategorii\/VIII-MIEDZYNARODOWY-FESTIWAL-MUZYKI-IM.-JOZEFA-SWIDRA-W-CIESZYNIE-2.jpg)\"> <span class=\"d-none\">https:\/\/us.edu.pl\/instytut\/ismuz\/wp-content\/uploads\/sites\/54\/Bez-kategorii\/VIII-MIEDZYNARODOWY-FESTIWAL-MUZYKI-IM.-JOZEFA-SWIDRA-W-CIESZYNIE-2.jpg<\/span> <\/a><a data-fancybox-group=\"button\" title=\"\" data-fancybox=\"9719\" href=\"https:\/\/us.edu.pl\/instytut\/ismuz\/wp-content\/uploads\/sites\/54\/Bez-kategorii\/VIII-MIEDZYNARODOWY-FESTIWAL-MUZYKI-IM.-JOZEFA-SWIDRA-W-CIESZYNIE-3.jpg\" class=\"gallery__item thumbnail\"\r\n                                    style=\"background-image: url(https:\/\/us.edu.pl\/instytut\/ismuz\/wp-content\/uploads\/sites\/54\/Bez-kategorii\/VIII-MIEDZYNARODOWY-FESTIWAL-MUZYKI-IM.-JOZEFA-SWIDRA-W-CIESZYNIE-3.jpg)\"> <span class=\"d-none\">https:\/\/us.edu.pl\/instytut\/ismuz\/wp-content\/uploads\/sites\/54\/Bez-kategorii\/VIII-MIEDZYNARODOWY-FESTIWAL-MUZYKI-IM.-JOZEFA-SWIDRA-W-CIESZYNIE-3.jpg<\/span> <\/a><a data-fancybox-group=\"button\" title=\"\" data-fancybox=\"9719\" href=\"https:\/\/us.edu.pl\/instytut\/ismuz\/wp-content\/uploads\/sites\/54\/Bez-kategorii\/VIII-MIEDZYNARODOWY-FESTIWAL-MUZYKI-IM.-JOZEFA-SWIDRA-W-CIESZYNIE-4.jpg\" class=\"gallery__item thumbnail\"\r\n                                    style=\"background-image: url(https:\/\/us.edu.pl\/instytut\/ismuz\/wp-content\/uploads\/sites\/54\/Bez-kategorii\/VIII-MIEDZYNARODOWY-FESTIWAL-MUZYKI-IM.-JOZEFA-SWIDRA-W-CIESZYNIE-4.jpg)\"> <span class=\"d-none\">https:\/\/us.edu.pl\/instytut\/ismuz\/wp-content\/uploads\/sites\/54\/Bez-kategorii\/VIII-MIEDZYNARODOWY-FESTIWAL-MUZYKI-IM.-JOZEFA-SWIDRA-W-CIESZYNIE-4.jpg<\/span> <\/a><a data-fancybox-group=\"button\" title=\"\" data-fancybox=\"9719\" href=\"https:\/\/us.edu.pl\/instytut\/ismuz\/wp-content\/uploads\/sites\/54\/Bez-kategorii\/VIII-MIEDZYNARODOWY-FESTIWAL-MUZYKI-IM.-JOZEFA-SWIDRA-W-CIESZYNIE-5.jpg\" class=\"gallery__item thumbnail\"\r\n                                    style=\"background-image: url(https:\/\/us.edu.pl\/instytut\/ismuz\/wp-content\/uploads\/sites\/54\/Bez-kategorii\/VIII-MIEDZYNARODOWY-FESTIWAL-MUZYKI-IM.-JOZEFA-SWIDRA-W-CIESZYNIE-5.jpg)\"> <span class=\"d-none\">https:\/\/us.edu.pl\/instytut\/ismuz\/wp-content\/uploads\/sites\/54\/Bez-kategorii\/VIII-MIEDZYNARODOWY-FESTIWAL-MUZYKI-IM.-JOZEFA-SWIDRA-W-CIESZYNIE-5.jpg<\/span> <\/a><a data-fancybox-group=\"button\" title=\"\" data-fancybox=\"9719\" href=\"https:\/\/us.edu.pl\/instytut\/ismuz\/wp-content\/uploads\/sites\/54\/Bez-kategorii\/VIII-MIEDZYNARODOWY-FESTIWAL-MUZYKI-IM.-JOZEFA-SWIDRA-W-CIESZYNIE-6.jpg\" class=\"gallery__item thumbnail\"\r\n                                    style=\"background-image: url(https:\/\/us.edu.pl\/instytut\/ismuz\/wp-content\/uploads\/sites\/54\/Bez-kategorii\/VIII-MIEDZYNARODOWY-FESTIWAL-MUZYKI-IM.-JOZEFA-SWIDRA-W-CIESZYNIE-6.jpg)\"> <span class=\"d-none\">https:\/\/us.edu.pl\/instytut\/ismuz\/wp-content\/uploads\/sites\/54\/Bez-kategorii\/VIII-MIEDZYNARODOWY-FESTIWAL-MUZYKI-IM.-JOZEFA-SWIDRA-W-CIESZYNIE-6.jpg<\/span> <\/a><a data-fancybox-group=\"button\" title=\"\" data-fancybox=\"9719\" href=\"https:\/\/us.edu.pl\/instytut\/ismuz\/wp-content\/uploads\/sites\/54\/Bez-kategorii\/Festiwal-Muzyki-im.-Jozefa-Swidra-001.jpg\" class=\"gallery__item thumbnail\"\r\n                                    style=\"background-image: url(https:\/\/us.edu.pl\/instytut\/ismuz\/wp-content\/uploads\/sites\/54\/Bez-kategorii\/Festiwal-Muzyki-im.-Jozefa-Swidra-001.jpg)\"> <span class=\"d-none\">https:\/\/us.edu.pl\/instytut\/ismuz\/wp-content\/uploads\/sites\/54\/Bez-kategorii\/Festiwal-Muzyki-im.-Jozefa-Swidra-001.jpg<\/span> <\/a><a data-fancybox-group=\"button\" title=\"\" data-fancybox=\"9719\" href=\"https:\/\/us.edu.pl\/instytut\/ismuz\/wp-content\/uploads\/sites\/54\/Bez-kategorii\/Festiwal-Muzyki-im.-Jozefa-Swidra-002.jpg\" class=\"gallery__item thumbnail\"\r\n                                    style=\"background-image: url(https:\/\/us.edu.pl\/instytut\/ismuz\/wp-content\/uploads\/sites\/54\/Bez-kategorii\/Festiwal-Muzyki-im.-Jozefa-Swidra-002.jpg)\"> <span class=\"d-none\">https:\/\/us.edu.pl\/instytut\/ismuz\/wp-content\/uploads\/sites\/54\/Bez-kategorii\/Festiwal-Muzyki-im.-Jozefa-Swidra-002.jpg<\/span> <\/a><a data-fancybox-group=\"button\" title=\"\" data-fancybox=\"9719\" href=\"https:\/\/us.edu.pl\/instytut\/ismuz\/wp-content\/uploads\/sites\/54\/Bez-kategorii\/Festiwal-Muzyki-im.-Jozefa-Swidra-003.jpg\" class=\"gallery__item thumbnail\"\r\n                                    style=\"background-image: url(https:\/\/us.edu.pl\/instytut\/ismuz\/wp-content\/uploads\/sites\/54\/Bez-kategorii\/Festiwal-Muzyki-im.-Jozefa-Swidra-003.jpg)\"> <span class=\"d-none\">https:\/\/us.edu.pl\/instytut\/ismuz\/wp-content\/uploads\/sites\/54\/Bez-kategorii\/Festiwal-Muzyki-im.-Jozefa-Swidra-003.jpg<\/span> <\/a><a data-fancybox-group=\"button\" title=\"\" data-fancybox=\"9719\" href=\"https:\/\/us.edu.pl\/instytut\/ismuz\/wp-content\/uploads\/sites\/54\/Bez-kategorii\/Festiwal-Muzyki-im.-Jozefa-Swidra-004.jpg\" class=\"gallery__item thumbnail\"\r\n                                    style=\"background-image: url(https:\/\/us.edu.pl\/instytut\/ismuz\/wp-content\/uploads\/sites\/54\/Bez-kategorii\/Festiwal-Muzyki-im.-Jozefa-Swidra-004.jpg)\"> <span class=\"d-none\">https:\/\/us.edu.pl\/instytut\/ismuz\/wp-content\/uploads\/sites\/54\/Bez-kategorii\/Festiwal-Muzyki-im.-Jozefa-Swidra-004.jpg<\/span> <\/a><a data-fancybox-group=\"button\" title=\"\" data-fancybox=\"9719\" href=\"https:\/\/us.edu.pl\/instytut\/ismuz\/wp-content\/uploads\/sites\/54\/Bez-kategorii\/Festiwal-Muzyki-im.-Jozefa-Swidra-005.jpg\" class=\"gallery__item thumbnail\"\r\n                                    style=\"background-image: url(https:\/\/us.edu.pl\/instytut\/ismuz\/wp-content\/uploads\/sites\/54\/Bez-kategorii\/Festiwal-Muzyki-im.-Jozefa-Swidra-005.jpg)\"> <span class=\"d-none\">https:\/\/us.edu.pl\/instytut\/ismuz\/wp-content\/uploads\/sites\/54\/Bez-kategorii\/Festiwal-Muzyki-im.-Jozefa-Swidra-005.jpg<\/span> <\/a><a data-fancybox-group=\"button\" title=\"\" data-fancybox=\"9719\" href=\"https:\/\/us.edu.pl\/instytut\/ismuz\/wp-content\/uploads\/sites\/54\/Bez-kategorii\/Festiwal-Muzyki-im.-Jozefa-Swidra-006.jpg\" class=\"gallery__item thumbnail\"\r\n                                    style=\"background-image: url(https:\/\/us.edu.pl\/instytut\/ismuz\/wp-content\/uploads\/sites\/54\/Bez-kategorii\/Festiwal-Muzyki-im.-Jozefa-Swidra-006.jpg)\"> <span class=\"d-none\">https:\/\/us.edu.pl\/instytut\/ismuz\/wp-content\/uploads\/sites\/54\/Bez-kategorii\/Festiwal-Muzyki-im.-Jozefa-Swidra-006.jpg<\/span> <\/a><a data-fancybox-group=\"button\" title=\"\" data-fancybox=\"9719\" href=\"https:\/\/us.edu.pl\/instytut\/ismuz\/wp-content\/uploads\/sites\/54\/Bez-kategorii\/Festiwal-Muzyki-im.-Jozefa-Swidra-007.jpg\" class=\"gallery__item thumbnail\"\r\n                                    style=\"background-image: url(https:\/\/us.edu.pl\/instytut\/ismuz\/wp-content\/uploads\/sites\/54\/Bez-kategorii\/Festiwal-Muzyki-im.-Jozefa-Swidra-007.jpg)\"> <span class=\"d-none\">https:\/\/us.edu.pl\/instytut\/ismuz\/wp-content\/uploads\/sites\/54\/Bez-kategorii\/Festiwal-Muzyki-im.-Jozefa-Swidra-007.jpg<\/span> <\/a><a data-fancybox-group=\"button\" title=\"\" data-fancybox=\"9719\" href=\"https:\/\/us.edu.pl\/instytut\/ismuz\/wp-content\/uploads\/sites\/54\/Bez-kategorii\/Festiwal-Muzyki-im.-Jozefa-Swidra-008.jpg\" class=\"gallery__item thumbnail\"\r\n                                    style=\"background-image: url(https:\/\/us.edu.pl\/instytut\/ismuz\/wp-content\/uploads\/sites\/54\/Bez-kategorii\/Festiwal-Muzyki-im.-Jozefa-Swidra-008.jpg)\"> <span class=\"d-none\">https:\/\/us.edu.pl\/instytut\/ismuz\/wp-content\/uploads\/sites\/54\/Bez-kategorii\/Festiwal-Muzyki-im.-Jozefa-Swidra-008.jpg<\/span> <\/a><a data-fancybox-group=\"button\" title=\"\" data-fancybox=\"9719\" href=\"https:\/\/us.edu.pl\/instytut\/ismuz\/wp-content\/uploads\/sites\/54\/Bez-kategorii\/Festiwal-Muzyki-im.-Jozefa-Swidra-009.jpg\" class=\"gallery__item thumbnail\"\r\n                                    style=\"background-image: url(https:\/\/us.edu.pl\/instytut\/ismuz\/wp-content\/uploads\/sites\/54\/Bez-kategorii\/Festiwal-Muzyki-im.-Jozefa-Swidra-009.jpg)\"> <span class=\"d-none\">https:\/\/us.edu.pl\/instytut\/ismuz\/wp-content\/uploads\/sites\/54\/Bez-kategorii\/Festiwal-Muzyki-im.-Jozefa-Swidra-009.jpg<\/span> <\/a><a data-fancybox-group=\"button\" title=\"\" data-fancybox=\"9719\" href=\"https:\/\/us.edu.pl\/instytut\/ismuz\/wp-content\/uploads\/sites\/54\/Bez-kategorii\/Festiwal-Muzyki-im.-Jozefa-Swidra-010.jpg\" class=\"gallery__item thumbnail\"\r\n                                    style=\"background-image: url(https:\/\/us.edu.pl\/instytut\/ismuz\/wp-content\/uploads\/sites\/54\/Bez-kategorii\/Festiwal-Muzyki-im.-Jozefa-Swidra-010.jpg)\"> <span class=\"d-none\">https:\/\/us.edu.pl\/instytut\/ismuz\/wp-content\/uploads\/sites\/54\/Bez-kategorii\/Festiwal-Muzyki-im.-Jozefa-Swidra-010.jpg<\/span> <\/a><a data-fancybox-group=\"button\" title=\"\" data-fancybox=\"9719\" href=\"https:\/\/us.edu.pl\/instytut\/ismuz\/wp-content\/uploads\/sites\/54\/Bez-kategorii\/Festiwal-Muzyki-im.-Jozefa-Swidra-011.jpg\" class=\"gallery__item thumbnail\"\r\n                                    style=\"background-image: url(https:\/\/us.edu.pl\/instytut\/ismuz\/wp-content\/uploads\/sites\/54\/Bez-kategorii\/Festiwal-Muzyki-im.-Jozefa-Swidra-011.jpg)\"> <span class=\"d-none\">https:\/\/us.edu.pl\/instytut\/ismuz\/wp-content\/uploads\/sites\/54\/Bez-kategorii\/Festiwal-Muzyki-im.-Jozefa-Swidra-011.jpg<\/span> <\/a><a data-fancybox-group=\"button\" title=\"\" data-fancybox=\"9719\" href=\"https:\/\/us.edu.pl\/instytut\/ismuz\/wp-content\/uploads\/sites\/54\/Bez-kategorii\/Festiwal-Muzyki-im.-Jozefa-Swidra-012.jpg\" class=\"gallery__item thumbnail\"\r\n                                    style=\"background-image: url(https:\/\/us.edu.pl\/instytut\/ismuz\/wp-content\/uploads\/sites\/54\/Bez-kategorii\/Festiwal-Muzyki-im.-Jozefa-Swidra-012.jpg)\"> <span class=\"d-none\">https:\/\/us.edu.pl\/instytut\/ismuz\/wp-content\/uploads\/sites\/54\/Bez-kategorii\/Festiwal-Muzyki-im.-Jozefa-Swidra-012.jpg<\/span> <\/a><a data-fancybox-group=\"button\" title=\"\" data-fancybox=\"9719\" href=\"https:\/\/us.edu.pl\/instytut\/ismuz\/wp-content\/uploads\/sites\/54\/Bez-kategorii\/Festiwal-Muzyki-im.-Jozefa-Swidra-013.jpg\" class=\"gallery__item thumbnail\"\r\n                                    style=\"background-image: url(https:\/\/us.edu.pl\/instytut\/ismuz\/wp-content\/uploads\/sites\/54\/Bez-kategorii\/Festiwal-Muzyki-im.-Jozefa-Swidra-013.jpg)\"> <span class=\"d-none\">https:\/\/us.edu.pl\/instytut\/ismuz\/wp-content\/uploads\/sites\/54\/Bez-kategorii\/Festiwal-Muzyki-im.-Jozefa-Swidra-013.jpg<\/span> <\/a><a data-fancybox-group=\"button\" title=\"\" data-fancybox=\"9719\" href=\"https:\/\/us.edu.pl\/instytut\/ismuz\/wp-content\/uploads\/sites\/54\/Bez-kategorii\/Festiwal-Muzyki-im.-Jozefa-Swidra-014.jpg\" class=\"gallery__item thumbnail\"\r\n                                    style=\"background-image: url(https:\/\/us.edu.pl\/instytut\/ismuz\/wp-content\/uploads\/sites\/54\/Bez-kategorii\/Festiwal-Muzyki-im.-Jozefa-Swidra-014.jpg)\"> <span class=\"d-none\">https:\/\/us.edu.pl\/instytut\/ismuz\/wp-content\/uploads\/sites\/54\/Bez-kategorii\/Festiwal-Muzyki-im.-Jozefa-Swidra-014.jpg<\/span> <\/a><a data-fancybox-group=\"button\" title=\"\" data-fancybox=\"9719\" href=\"https:\/\/us.edu.pl\/instytut\/ismuz\/wp-content\/uploads\/sites\/54\/Bez-kategorii\/Festiwal-Muzyki-im.-Jozefa-Swidra-015.jpg\" class=\"gallery__item thumbnail\"\r\n                                    style=\"background-image: url(https:\/\/us.edu.pl\/instytut\/ismuz\/wp-content\/uploads\/sites\/54\/Bez-kategorii\/Festiwal-Muzyki-im.-Jozefa-Swidra-015.jpg)\"> <span class=\"d-none\">https:\/\/us.edu.pl\/instytut\/ismuz\/wp-content\/uploads\/sites\/54\/Bez-kategorii\/Festiwal-Muzyki-im.-Jozefa-Swidra-015.jpg<\/span> <\/a><a data-fancybox-group=\"button\" title=\"\" data-fancybox=\"9719\" href=\"https:\/\/us.edu.pl\/instytut\/ismuz\/wp-content\/uploads\/sites\/54\/Bez-kategorii\/Festiwal-Muzyki-im.-Jozefa-Swidra-016.jpg\" class=\"gallery__item thumbnail\"\r\n                                    style=\"background-image: url(https:\/\/us.edu.pl\/instytut\/ismuz\/wp-content\/uploads\/sites\/54\/Bez-kategorii\/Festiwal-Muzyki-im.-Jozefa-Swidra-016.jpg)\"> <span class=\"d-none\">https:\/\/us.edu.pl\/instytut\/ismuz\/wp-content\/uploads\/sites\/54\/Bez-kategorii\/Festiwal-Muzyki-im.-Jozefa-Swidra-016.jpg<\/span> <\/a><a data-fancybox-group=\"button\" title=\"\" data-fancybox=\"9719\" href=\"https:\/\/us.edu.pl\/instytut\/ismuz\/wp-content\/uploads\/sites\/54\/Bez-kategorii\/Festiwal-Muzyki-im.-Jozefa-Swidra-017.jpg\" class=\"gallery__item thumbnail\"\r\n                                    style=\"background-image: url(https:\/\/us.edu.pl\/instytut\/ismuz\/wp-content\/uploads\/sites\/54\/Bez-kategorii\/Festiwal-Muzyki-im.-Jozefa-Swidra-017.jpg)\"> <span class=\"d-none\">https:\/\/us.edu.pl\/instytut\/ismuz\/wp-content\/uploads\/sites\/54\/Bez-kategorii\/Festiwal-Muzyki-im.-Jozefa-Swidra-017.jpg<\/span> <\/a><a data-fancybox-group=\"button\" title=\"\" data-fancybox=\"9719\" href=\"https:\/\/us.edu.pl\/instytut\/ismuz\/wp-content\/uploads\/sites\/54\/Bez-kategorii\/Festiwal-Muzyki-im.-Jozefa-Swidra-019.jpg\" class=\"gallery__item thumbnail\"\r\n                                    style=\"background-image: url(https:\/\/us.edu.pl\/instytut\/ismuz\/wp-content\/uploads\/sites\/54\/Bez-kategorii\/Festiwal-Muzyki-im.-Jozefa-Swidra-019.jpg)\"> <span class=\"d-none\">https:\/\/us.edu.pl\/instytut\/ismuz\/wp-content\/uploads\/sites\/54\/Bez-kategorii\/Festiwal-Muzyki-im.-Jozefa-Swidra-019.jpg<\/span> <\/a><a data-fancybox-group=\"button\" title=\"\" data-fancybox=\"9719\" href=\"https:\/\/us.edu.pl\/instytut\/ismuz\/wp-content\/uploads\/sites\/54\/Bez-kategorii\/Festiwal-Muzyki-im.-Jozefa-Swidra-020.jpg\" class=\"gallery__item thumbnail\"\r\n                                    style=\"background-image: url(https:\/\/us.edu.pl\/instytut\/ismuz\/wp-content\/uploads\/sites\/54\/Bez-kategorii\/Festiwal-Muzyki-im.-Jozefa-Swidra-020.jpg)\"> <span class=\"d-none\">https:\/\/us.edu.pl\/instytut\/ismuz\/wp-content\/uploads\/sites\/54\/Bez-kategorii\/Festiwal-Muzyki-im.-Jozefa-Swidra-020.jpg<\/span> <\/a><a data-fancybox-group=\"button\" title=\"\" data-fancybox=\"9719\" href=\"https:\/\/us.edu.pl\/instytut\/ismuz\/wp-content\/uploads\/sites\/54\/Bez-kategorii\/Festiwal-Muzyki-im.-Jozefa-Swidra-021.jpg\" class=\"gallery__item thumbnail\"\r\n                                    style=\"background-image: url(https:\/\/us.edu.pl\/instytut\/ismuz\/wp-content\/uploads\/sites\/54\/Bez-kategorii\/Festiwal-Muzyki-im.-Jozefa-Swidra-021.jpg)\"> <span class=\"d-none\">https:\/\/us.edu.pl\/instytut\/ismuz\/wp-content\/uploads\/sites\/54\/Bez-kategorii\/Festiwal-Muzyki-im.-Jozefa-Swidra-021.jpg<\/span> <\/a><a data-fancybox-group=\"button\" title=\"\" data-fancybox=\"9719\" href=\"https:\/\/us.edu.pl\/instytut\/ismuz\/wp-content\/uploads\/sites\/54\/Bez-kategorii\/Festiwal-Muzyki-im.-Jozefa-Swidra-022.jpg\" class=\"gallery__item thumbnail\"\r\n                                    style=\"background-image: url(https:\/\/us.edu.pl\/instytut\/ismuz\/wp-content\/uploads\/sites\/54\/Bez-kategorii\/Festiwal-Muzyki-im.-Jozefa-Swidra-022.jpg)\"> <span class=\"d-none\">https:\/\/us.edu.pl\/instytut\/ismuz\/wp-content\/uploads\/sites\/54\/Bez-kategorii\/Festiwal-Muzyki-im.-Jozefa-Swidra-022.jpg<\/span> <\/a><a data-fancybox-group=\"button\" title=\"\" data-fancybox=\"9719\" href=\"https:\/\/us.edu.pl\/instytut\/ismuz\/wp-content\/uploads\/sites\/54\/Bez-kategorii\/Festiwal-Muzyki-im.-Jozefa-Swidra-023.jpg\" class=\"gallery__item thumbnail\"\r\n                                    style=\"background-image: url(https:\/\/us.edu.pl\/instytut\/ismuz\/wp-content\/uploads\/sites\/54\/Bez-kategorii\/Festiwal-Muzyki-im.-Jozefa-Swidra-023.jpg)\"> <span class=\"d-none\">https:\/\/us.edu.pl\/instytut\/ismuz\/wp-content\/uploads\/sites\/54\/Bez-kategorii\/Festiwal-Muzyki-im.-Jozefa-Swidra-023.jpg<\/span> <\/a><a data-fancybox-group=\"button\" title=\"\" data-fancybox=\"9719\" href=\"https:\/\/us.edu.pl\/instytut\/ismuz\/wp-content\/uploads\/sites\/54\/Bez-kategorii\/Festiwal-Muzyki-im.-Jozefa-Swidra-024.jpg\" class=\"gallery__item thumbnail\"\r\n                                    style=\"background-image: url(https:\/\/us.edu.pl\/instytut\/ismuz\/wp-content\/uploads\/sites\/54\/Bez-kategorii\/Festiwal-Muzyki-im.-Jozefa-Swidra-024.jpg)\"> <span class=\"d-none\">https:\/\/us.edu.pl\/instytut\/ismuz\/wp-content\/uploads\/sites\/54\/Bez-kategorii\/Festiwal-Muzyki-im.-Jozefa-Swidra-024.jpg<\/span> <\/a><a data-fancybox-group=\"button\" title=\"\" data-fancybox=\"9719\" href=\"https:\/\/us.edu.pl\/instytut\/ismuz\/wp-content\/uploads\/sites\/54\/Bez-kategorii\/Festiwal-Muzyki-im.-Jozefa-Swidra-025.jpg\" class=\"gallery__item thumbnail\"\r\n                                    style=\"background-image: url(https:\/\/us.edu.pl\/instytut\/ismuz\/wp-content\/uploads\/sites\/54\/Bez-kategorii\/Festiwal-Muzyki-im.-Jozefa-Swidra-025.jpg)\"> <span class=\"d-none\">https:\/\/us.edu.pl\/instytut\/ismuz\/wp-content\/uploads\/sites\/54\/Bez-kategorii\/Festiwal-Muzyki-im.-Jozefa-Swidra-025.jpg<\/span> <\/a><a data-fancybox-group=\"button\" title=\"\" data-fancybox=\"9719\" href=\"https:\/\/us.edu.pl\/instytut\/ismuz\/wp-content\/uploads\/sites\/54\/Bez-kategorii\/Festiwal-Muzyki-im.-Jozefa-Swidra-026.jpg\" class=\"gallery__item thumbnail\"\r\n                                    style=\"background-image: url(https:\/\/us.edu.pl\/instytut\/ismuz\/wp-content\/uploads\/sites\/54\/Bez-kategorii\/Festiwal-Muzyki-im.-Jozefa-Swidra-026.jpg)\"> <span class=\"d-none\">https:\/\/us.edu.pl\/instytut\/ismuz\/wp-content\/uploads\/sites\/54\/Bez-kategorii\/Festiwal-Muzyki-im.-Jozefa-Swidra-026.jpg<\/span> <\/a><a data-fancybox-group=\"button\" title=\"\" data-fancybox=\"9719\" href=\"https:\/\/us.edu.pl\/instytut\/ismuz\/wp-content\/uploads\/sites\/54\/Bez-kategorii\/Festiwal-Muzyki-im.-Jozefa-Swidra-027.jpg\" class=\"gallery__item thumbnail\"\r\n                                    style=\"background-image: url(https:\/\/us.edu.pl\/instytut\/ismuz\/wp-content\/uploads\/sites\/54\/Bez-kategorii\/Festiwal-Muzyki-im.-Jozefa-Swidra-027.jpg)\"> <span class=\"d-none\">https:\/\/us.edu.pl\/instytut\/ismuz\/wp-content\/uploads\/sites\/54\/Bez-kategorii\/Festiwal-Muzyki-im.-Jozefa-Swidra-027.jpg<\/span> <\/a><a data-fancybox-group=\"button\" title=\"\" data-fancybox=\"9719\" href=\"https:\/\/us.edu.pl\/instytut\/ismuz\/wp-content\/uploads\/sites\/54\/Bez-kategorii\/Festiwal-Muzyki-im.-Jozefa-Swidra-028.jpg\" class=\"gallery__item thumbnail\"\r\n                                    style=\"background-image: url(https:\/\/us.edu.pl\/instytut\/ismuz\/wp-content\/uploads\/sites\/54\/Bez-kategorii\/Festiwal-Muzyki-im.-Jozefa-Swidra-028.jpg)\"> <span class=\"d-none\">https:\/\/us.edu.pl\/instytut\/ismuz\/wp-content\/uploads\/sites\/54\/Bez-kategorii\/Festiwal-Muzyki-im.-Jozefa-Swidra-028.jpg<\/span> <\/a>\r\n                            <\/div>\r\n                    <\/div>\r\n                <\/div>[\/vc_column][\/vc_row]<\/p>","protected":false},"excerpt":{"rendered":"<p>[vc_row][vc_column][vc_column_text]MUZYKA CH\u00d3RALNA JAK\u0104 LUBIMY \u2013 ZAUROCZENI CH\u00d3RALISTYK\u0104 ZAKO\u0143CZY\u0141 SI\u0118 VIII MI\u0118DZYNARODOWY FESTIWAL MUZYKI IM. J\u00d3ZEFA \u015aWIDRA W CIESZYNIE Muzyka ch\u00f3ralna odgrywa znacz\u0105c\u0105 rol\u0119 w tradycji \u015al\u0105ska Cieszy\u0144skiego. Bogata historia \u015bpiewacza tego regionu w istotny spos\u00f3b wp\u0142ywa\u0142a \u2013 i wci\u0105\u017c wp\u0142ywa \u2013 na edukacj\u0119, wychowanie zainteresowanie kultur\u0105, a tak\u017ce \u017cycie codzienne jego mieszka\u0144c\u00f3w. W dniach 6-10 [&#8230;]<\/p>\n<p><a class=\"btn btn-secondary understrap-read-more-link\" href=\"https:\/\/us.edu.pl\/instytut\/ismuz\/2023\/12\/20\/viii-miedzynarodowy-festiwal-muzyki-im-jozefa-swidra-w-cieszynie\/\">Read More&#8230;<\/a><\/p>\n","protected":false},"author":110,"featured_media":3243,"comment_status":"open","ping_status":"open","sticky":false,"template":"","format":"standard","meta":{"_expiration-date-status":"","_expiration-date":0,"_expiration-date-type":"","_expiration-date-categories":[],"_expiration-date-options":[]},"categories":[8],"tags":[],"acf":[],"_links":{"self":[{"href":"https:\/\/us.edu.pl\/instytut\/ismuz\/wp-json\/wp\/v2\/posts\/3240"}],"collection":[{"href":"https:\/\/us.edu.pl\/instytut\/ismuz\/wp-json\/wp\/v2\/posts"}],"about":[{"href":"https:\/\/us.edu.pl\/instytut\/ismuz\/wp-json\/wp\/v2\/types\/post"}],"author":[{"embeddable":true,"href":"https:\/\/us.edu.pl\/instytut\/ismuz\/wp-json\/wp\/v2\/users\/110"}],"replies":[{"embeddable":true,"href":"https:\/\/us.edu.pl\/instytut\/ismuz\/wp-json\/wp\/v2\/comments?post=3240"}],"version-history":[{"count":4,"href":"https:\/\/us.edu.pl\/instytut\/ismuz\/wp-json\/wp\/v2\/posts\/3240\/revisions"}],"predecessor-version":[{"id":3284,"href":"https:\/\/us.edu.pl\/instytut\/ismuz\/wp-json\/wp\/v2\/posts\/3240\/revisions\/3284"}],"wp:featuredmedia":[{"embeddable":true,"href":"https:\/\/us.edu.pl\/instytut\/ismuz\/wp-json\/wp\/v2\/media\/3243"}],"wp:attachment":[{"href":"https:\/\/us.edu.pl\/instytut\/ismuz\/wp-json\/wp\/v2\/media?parent=3240"}],"wp:term":[{"taxonomy":"category","embeddable":true,"href":"https:\/\/us.edu.pl\/instytut\/ismuz\/wp-json\/wp\/v2\/categories?post=3240"},{"taxonomy":"post_tag","embeddable":true,"href":"https:\/\/us.edu.pl\/instytut\/ismuz\/wp-json\/wp\/v2\/tags?post=3240"}],"curies":[{"name":"wp","href":"https:\/\/api.w.org\/{rel}","templated":true}]}}