{"id":3249,"date":"2023-12-20T14:26:42","date_gmt":"2023-12-20T13:26:42","guid":{"rendered":"https:\/\/us.edu.pl\/instytut\/ismuz\/?p=3249"},"modified":"2023-12-20T14:26:42","modified_gmt":"2023-12-20T13:26:42","slug":"swiateczne-prawykonanie","status":"publish","type":"post","link":"https:\/\/us.edu.pl\/instytut\/ismuz\/2023\/12\/20\/swiateczne-prawykonanie\/","title":{"rendered":"\u015awi\u0105teczne prawykonanie"},"content":{"rendered":"<p>[vc_row][vc_column][vc_column_text]<span style=\"font-size: 12pt;\">W ramach wsp\u00f3\u0142pracy Wydzia\u0142u Sztuki i Nauk o Edukacji Uniwersytetu \u015al\u0105skiego w Katowicach z Bibliotek\u0105 regionaln\u0105 w Karwinie (Region\u00e1ln\u00ed knihovna Karvin\u00e1), w dniu 18.12.2023 odby\u0142 si\u0119 uroczysty koncert \u015bwi\u0105teczny, w kt\u00f3rym wzi\u0119li udzia\u0142: Akademicka Orkiestra Smyczkowa pod dyrekcj\u0105 dr hab. prof. U\u015a Ma\u0142gorzaty Kaniowskiej oraz dr hab. prof. U\u015a Sabina Olbrich-Szafraniec, prof. dr hab. Hubert Mi\u015bka, kt\u00f3rym przy fortepianie towarzyszy\u0142a studentka Martyna Uchman. Licznie zgromadzonej publiczno\u015bci zaprezentowano wybrane kol\u0119dy polskie w opracowaniu Stanis\u0142awa Niewiadomskiego oraz kompozycje bo\u017conarodzeniowe i pastora\u0142ki z r\u00f3\u017cnych kraj\u00f3w Europy. Szczeg\u00f3lnym wydarzeniem wieczoru by\u0142o pierwsze \u015bwiatowe wykonanie kol\u0119dy &#8222;An der Krippe&#8221; autorstwa dr hab. Karola Pyki, napisanej do s\u0142\u00f3w niemieckiego poety Angelusa Silesiusa. Kompozycj\u0119 prawykonali: Sabina Olbrich-Szafraniec &#8211; sopran, Martyna Uchman \u2013 fortepian oraz Akademicka Orkiestra Smyczkowa pod dyrekcj\u0105 Ma\u0142gorzaty Kaniowskiej. Inicjatork\u0105 i koordynatork\u0105 projektu ze strony Uniwersytetu \u015al\u0105skiego w Katowicach jest dr hab. prof. U\u015a Aleksandra Zeman.<\/span><\/p>\n<p><span style=\"font-size: 12pt;\">Foto. Bogus\u0142aw Dziadzia<\/span>[\/vc_column_text][\/vc_column][\/vc_row][vc_row][vc_column]            \r\n                    <div class=\"container\">\r\n                        <div class=\"gallery gallery_2\" data-images-in-row=\"2\">\r\n                            \r\n                            <div class=\"row m-0\">\r\n                                <a data-fancybox-group=\"button\" title=\"\" data-fancybox=\"7107\" href=\"https:\/\/us.edu.pl\/instytut\/ismuz\/wp-content\/uploads\/sites\/54\/Bez-kategorii\/33-2.jpg\" class=\"gallery__item thumbnail\"\r\n                                    style=\"background-image: url(https:\/\/us.edu.pl\/instytut\/ismuz\/wp-content\/uploads\/sites\/54\/Bez-kategorii\/33-2-1200x900.jpg)\"> <span class=\"d-none\">https:\/\/us.edu.pl\/instytut\/ismuz\/wp-content\/uploads\/sites\/54\/Bez-kategorii\/33-2.jpg<\/span> <\/a><a data-fancybox-group=\"button\" title=\"\" data-fancybox=\"7107\" href=\"https:\/\/us.edu.pl\/instytut\/ismuz\/wp-content\/uploads\/sites\/54\/Bez-kategorii\/33-1.jpg\" class=\"gallery__item thumbnail\"\r\n                                    style=\"background-image: url(https:\/\/us.edu.pl\/instytut\/ismuz\/wp-content\/uploads\/sites\/54\/Bez-kategorii\/33-1-1200x879.jpg)\"> <span class=\"d-none\">https:\/\/us.edu.pl\/instytut\/ismuz\/wp-content\/uploads\/sites\/54\/Bez-kategorii\/33-1.jpg<\/span> <\/a>\r\n                            <\/div>\r\n                    <\/div>\r\n                <\/div>[\/vc_column][\/vc_row]<\/p>","protected":false},"excerpt":{"rendered":"<p>[vc_row][vc_column][vc_column_text]W ramach wsp\u00f3\u0142pracy Wydzia\u0142u Sztuki i Nauk o Edukacji Uniwersytetu \u015al\u0105skiego w Katowicach z Bibliotek\u0105 regionaln\u0105 w Karwinie (Region\u00e1ln\u00ed knihovna Karvin\u00e1), w dniu 18.12.2023 odby\u0142 si\u0119 uroczysty koncert \u015bwi\u0105teczny, w kt\u00f3rym wzi\u0119li udzia\u0142: Akademicka Orkiestra Smyczkowa pod dyrekcj\u0105 dr hab. prof. U\u015a Ma\u0142gorzaty Kaniowskiej oraz dr hab. prof. U\u015a Sabina Olbrich-Szafraniec, prof. dr hab. Hubert [&#8230;]<\/p>\n<p><a class=\"btn btn-secondary understrap-read-more-link\" href=\"https:\/\/us.edu.pl\/instytut\/ismuz\/2023\/12\/20\/swiateczne-prawykonanie\/\">Read More&#8230;<\/a><\/p>\n","protected":false},"author":110,"featured_media":3251,"comment_status":"open","ping_status":"open","sticky":false,"template":"","format":"standard","meta":{"_expiration-date-status":"","_expiration-date":0,"_expiration-date-type":"","_expiration-date-categories":[],"_expiration-date-options":[]},"categories":[8],"tags":[],"acf":[],"_links":{"self":[{"href":"https:\/\/us.edu.pl\/instytut\/ismuz\/wp-json\/wp\/v2\/posts\/3249"}],"collection":[{"href":"https:\/\/us.edu.pl\/instytut\/ismuz\/wp-json\/wp\/v2\/posts"}],"about":[{"href":"https:\/\/us.edu.pl\/instytut\/ismuz\/wp-json\/wp\/v2\/types\/post"}],"author":[{"embeddable":true,"href":"https:\/\/us.edu.pl\/instytut\/ismuz\/wp-json\/wp\/v2\/users\/110"}],"replies":[{"embeddable":true,"href":"https:\/\/us.edu.pl\/instytut\/ismuz\/wp-json\/wp\/v2\/comments?post=3249"}],"version-history":[{"count":1,"href":"https:\/\/us.edu.pl\/instytut\/ismuz\/wp-json\/wp\/v2\/posts\/3249\/revisions"}],"predecessor-version":[{"id":3253,"href":"https:\/\/us.edu.pl\/instytut\/ismuz\/wp-json\/wp\/v2\/posts\/3249\/revisions\/3253"}],"wp:featuredmedia":[{"embeddable":true,"href":"https:\/\/us.edu.pl\/instytut\/ismuz\/wp-json\/wp\/v2\/media\/3251"}],"wp:attachment":[{"href":"https:\/\/us.edu.pl\/instytut\/ismuz\/wp-json\/wp\/v2\/media?parent=3249"}],"wp:term":[{"taxonomy":"category","embeddable":true,"href":"https:\/\/us.edu.pl\/instytut\/ismuz\/wp-json\/wp\/v2\/categories?post=3249"},{"taxonomy":"post_tag","embeddable":true,"href":"https:\/\/us.edu.pl\/instytut\/ismuz\/wp-json\/wp\/v2\/tags?post=3249"}],"curies":[{"name":"wp","href":"https:\/\/api.w.org\/{rel}","templated":true}]}}