{"id":3529,"date":"2024-03-25T13:18:35","date_gmt":"2024-03-25T12:18:35","guid":{"rendered":"https:\/\/us.edu.pl\/instytut\/ismuz\/?p=3529"},"modified":"2024-03-25T13:49:04","modified_gmt":"2024-03-25T12:49:04","slug":"warsztaty-dla-kandydatow-na-studia-muzyczne","status":"publish","type":"post","link":"https:\/\/us.edu.pl\/instytut\/ismuz\/2024\/03\/25\/warsztaty-dla-kandydatow-na-studia-muzyczne\/","title":{"rendered":"Warsztaty dla kandydat\u00f3w na studia muzyczne"},"content":{"rendered":"<p>[vc_row][vc_column][vc_column_text]<\/p>\n<p style=\"text-align: center;\"><strong>UNIWERSYTET \u015aL\u0104SKI W KATOWICACH FILIA W CIESZYNIE<br \/>\n<\/strong><strong>WYDZIA\u0141 SZTUKI I NAUK O EDUKACJI<br \/>\n<\/strong><strong>INSTYTUT SZTUK MUZYCZNYCH<\/strong><\/p>\n<p style=\"text-align: center;\"><span style=\"font-size: 14pt;\"><strong>\u00a0<\/strong><strong>WARSZTATY MISTRZOWSKIE<br \/>\n<\/strong><\/span><span style=\"font-size: 14pt;\"><strong>DLA KANDYDAT\u00d3W NA STUDIA MUZYCZNE<br \/>\n<\/strong><\/span><span style=\"font-size: 14pt;\"><strong>W CIESZYNIE<br \/>\n<\/strong><\/span><strong>(nieodp\u0142atne)<\/strong><\/p>\n<p><strong>\u00a0<\/strong>9 kwietnia 2024 r. (wtorek), godz. 16.00 \u2013 20.00, sala B4.36<\/p>\n<p><span style=\"font-size: 14pt;\"><strong>WARSZTATY PIANISTYCZNE<\/strong><strong><br \/>\n<\/strong><strong>dr GRZEGORZ NIEMCZUK<\/strong><\/span><\/p>\n<p>Formularz zg\u0142oszeniowy: <a href=\"https:\/\/tiny.pl\/dg9hj\">https:\/\/tiny.pl\/dg9hj<\/a><\/p>\n<p><strong>dr Grzegorz Niemczuk<\/strong> znajduje si\u0119 w czo\u0142\u00f3wce najbardziej aktywnych polskich pianist\u00f3w klasycznych. Jego bogata, mi\u0119dzynarodowa kariera solowa, to jak dot\u0105d wyst\u0119py na scenach i estradach koncertowych na<br \/>\n6 kontynentach, w 34 krajach. Muzyka jest wielk\u0105 pasj\u0105 artysty.<\/p>\n<p>Podzieli si\u0119 ni\u0105 ch\u0119tnie tak\u017ce z Wami. Do\u0142\u0105cz!<\/p>\n<p>_____________________________________________________________________________________<\/p>\n<p>12 kwietnia 2024 r. (pi\u0105tek), godz. 12.00 \u2013 14.00, sala B-1.16<\/p>\n<p><span style=\"font-size: 14pt;\"><strong>WARSZTATY REALIZACJI D\u0179WI\u0118KU W FORMACH AUDIOWIZUALNYCH<br \/>\n<\/strong><\/span><strong style=\"font-size: 14pt;\">dr hab. JACEK HAMELA, prof. U\u015a<\/strong><\/p>\n<p>Formularz zg\u0142oszeniowy: <a href=\"https:\/\/tiny.pl\/dg9hr\">https:\/\/tiny.pl\/dg9hr<\/a><\/p>\n<p><strong>dr hab. Jacek Hamela, prof.<\/strong> U\u015a jest re\u017cyserem, realizatorem i operatorem d\u017awi\u0119ku w filmie, autorem oraz wsp\u00f3\u0142autorem warstwy d\u017awi\u0119ku wielu znacz\u0105cych dzie\u0142 audiowizualnych polskiej kinematografii, m.in. \u201eKaty\u0144\u201d w re\u017cyserii Andrzeja Wajdy, \u201eWo\u0142y\u0144\u201d w re\u017cyserii Wojciecha Smarzowskiego, \u201ePornografia\u201d<br \/>\ni \u201eJasminum\u201d w re\u017cyserii Jana Jakuba Kolskiego, \u201eImagine\u201d Andrzeja Jakimowskiego i wielu innych. To siedmiokrotny laureat Polskiej Nagrody Filmowej Orze\u0142 w kategorii najlepszy d\u017awi\u0119k, dwukrotny laureat Indywidualnej Nagrody za d\u017awi\u0119k na Festiwalu Polskich Film\u00f3w Fabularnych w Gdyni, cz\u0142onek Polskiej Akademii Filmowej oraz Europejskiej Akademii Filmowej EFA.<\/p>\n<p>Do\u0142\u0105cz! Spotkaj si\u0119 z Mistrzem!<\/p>\n<p>_____________________________________________________________________________________<\/p>\n<p>16 kwietnia 2024 r., (wtorek), godz. 11.00 \u2013 13.00, sala Biblioteka 0.11<\/p>\n<p><span style=\"font-size: 14pt;\"><strong>WARSZTATY WOKALNE (jazz i muzyka rozrywkowa)<br \/>\n<\/strong><strong>dr hab. BARTOSZ LISTWAN, prof. U\u015a<\/strong><\/span><\/p>\n<p>Formularz zg\u0142oszeniowy: <a href=\"https:\/\/tiny.pl\/dgjkx\">https:\/\/tiny.pl\/dgjkx<\/a><\/p>\n<p><strong>dr hab. Bartosz Listwan<\/strong> jest wokalist\u0105, pedagogiem, kompozytorem, autorem tekst\u00f3w i solowych projekt\u00f3w muzycznych, a tak\u017ce konsultantem wokalnym w chorzowskim Teatrze Rozrywki. Od kilkunastu lat uczy student\u00f3w \u015bpiewu solowego i zespo\u0142owego oraz zami\u0142owania do sztuki scenicznej.<\/p>\n<p>Sprawd\u017a jak pracuje! Do\u0142\u0105cz!<\/p>\n<p>______________________________________________________________________________<\/p>\n<p>25 kwietnia 2024 r., (czwartek), godz. 15.00 \u2013 18.00, sala C1.11<\/p>\n<p><span style=\"font-size: 14pt;\"><strong>WARSZTATY PRODUKCJI MUZYCZNEJ<br \/>\n<\/strong><strong>mgr PIOTR KOMINEK<\/strong><\/span><\/p>\n<p>Formularz zg\u0142oszeniowy: <a href=\"https:\/\/l.facebook.com\/l.php?u=https%3A%2F%2Ftiny.pl%2Fdgjnv%3Ffbclid%3DIwAR1t-swUVhaSUPtKl9kFpcNyQqqosU92DDPD0ehjEnRgmqg-3507vx0IUpM&amp;h=AT28cly8j1EluIGnzwdRlnqb15cJDNTpcIaHO1PIhXSI6sfCXSwr-rieG1mSW7Oqo7NYH32AZmEus6Pw1SLIRjhKiPPlC2vPWSv9jpH8-7r20MYicAcH8sScb0RojIx2CFN0&amp;__tn__=-UK-R&amp;c%5b0%5d=AT076Mcch0r2P0lGVqZP8neFrxHt8xlYsggJwxRryK3IPQKzWKi2Ct6-wlCPb-NCfDffKLzw0N5wIctDXKLCJAn5AuKGklM3F3tYp9mXponlscdBoIn53ITyk3jytmfJ5WRO-4KXgZuIo9m5Ad3Xz_jyJfI2K8r6n7mRYLsdHMF4USKliT0RccxogDdh6MCRZ0tzsYIyOL1xVpg7quT51B-6yw\">https:\/\/tiny.pl\/dgjnv<\/a><\/p>\n<p><strong>mgr Piotr Kominek<\/strong> to specjalista w zakresie aran\u017cacji i realizacji profesjonalnych sesji nagraniowych, nagra\u0144 studyjnych, technik nagrywania, edycji i obr\u00f3bki materia\u0142u muzycznego, mixu<br \/>\ni masteringu, kompozycji i aran\u017cacji komputerowej z wykorzystaniem instrument\u00f3w wirtualnych na najwy\u017cszym wsp\u00f3\u0142czesnym poziomie. Przez wiele muzyk Budki Suflera i Mieczys\u0142awa Szcze\u015bniaka, wyst\u0119powa\u0142 USA, Kanadzie Niemczech, Holandii, Grecji, Hiszpani, W\u0142oszech. Jest akustykiem live zespo\u0142u VOLOSI. W swoim prywatnym studiu pracuje z czo\u0142owymi artystami scen polskich i zagranicznych.<\/p>\n<p>Do\u0142\u0105cz i sprawd\u017a swoje umiej\u0119tno\u015bci pod okiem Mistrza!<\/p>\n<p style=\"text-align: center;\"><img class=\"alignnone wp-image-3530 size-full\" src=\"https:\/\/us.edu.pl\/instytut\/ismuz\/wp-content\/uploads\/sites\/54\/Bez-kategorii\/afisz--scaled.jpg\" alt=\"Afisz-Warsztaty dla kandydat\u00f3w na studia muzyczne\" width=\"1792\" height=\"2560\" srcset=\"https:\/\/us.edu.pl\/instytut\/ismuz\/wp-content\/uploads\/sites\/54\/Bez-kategorii\/afisz--scaled.jpg 1792w, https:\/\/us.edu.pl\/instytut\/ismuz\/wp-content\/uploads\/sites\/54\/Bez-kategorii\/afisz--560x800.jpg 560w, https:\/\/us.edu.pl\/instytut\/ismuz\/wp-content\/uploads\/sites\/54\/Bez-kategorii\/afisz--840x1200.jpg 840w, https:\/\/us.edu.pl\/instytut\/ismuz\/wp-content\/uploads\/sites\/54\/Bez-kategorii\/afisz--768x1097.jpg 768w, https:\/\/us.edu.pl\/instytut\/ismuz\/wp-content\/uploads\/sites\/54\/Bez-kategorii\/afisz--1075x1536.jpg 1075w, https:\/\/us.edu.pl\/instytut\/ismuz\/wp-content\/uploads\/sites\/54\/Bez-kategorii\/afisz--1434x2048.jpg 1434w, https:\/\/us.edu.pl\/instytut\/ismuz\/wp-content\/uploads\/sites\/54\/Bez-kategorii\/afisz--403x575.jpg 403w\" sizes=\"(max-width: 1792px) 100vw, 1792px\" \/><\/p>\n<p>[\/vc_column_text][\/vc_column][\/vc_row]<\/p>","protected":false},"excerpt":{"rendered":"<p>[vc_row][vc_column][vc_column_text] UNIWERSYTET \u015aL\u0104SKI W KATOWICACH FILIA W CIESZYNIE WYDZIA\u0141 SZTUKI I NAUK O EDUKACJI INSTYTUT SZTUK MUZYCZNYCH \u00a0WARSZTATY MISTRZOWSKIE DLA KANDYDAT\u00d3W NA STUDIA MUZYCZNE W CIESZYNIE (nieodp\u0142atne) \u00a09 kwietnia 2024 r. (wtorek), godz. 16.00 \u2013 20.00, sala B4.36 WARSZTATY PIANISTYCZNE dr GRZEGORZ NIEMCZUK Formularz zg\u0142oszeniowy: https:\/\/tiny.pl\/dg9hj dr Grzegorz Niemczuk znajduje si\u0119 w czo\u0142\u00f3wce najbardziej aktywnych [&#8230;]<\/p>\n<p><a class=\"btn btn-secondary understrap-read-more-link\" href=\"https:\/\/us.edu.pl\/instytut\/ismuz\/2024\/03\/25\/warsztaty-dla-kandydatow-na-studia-muzyczne\/\">Read More&#8230;<\/a><\/p>\n","protected":false},"author":110,"featured_media":3530,"comment_status":"open","ping_status":"open","sticky":false,"template":"","format":"standard","meta":{"_expiration-date-status":"","_expiration-date":0,"_expiration-date-type":"","_expiration-date-categories":[],"_expiration-date-options":[]},"categories":[8],"tags":[],"acf":[],"_links":{"self":[{"href":"https:\/\/us.edu.pl\/instytut\/ismuz\/wp-json\/wp\/v2\/posts\/3529"}],"collection":[{"href":"https:\/\/us.edu.pl\/instytut\/ismuz\/wp-json\/wp\/v2\/posts"}],"about":[{"href":"https:\/\/us.edu.pl\/instytut\/ismuz\/wp-json\/wp\/v2\/types\/post"}],"author":[{"embeddable":true,"href":"https:\/\/us.edu.pl\/instytut\/ismuz\/wp-json\/wp\/v2\/users\/110"}],"replies":[{"embeddable":true,"href":"https:\/\/us.edu.pl\/instytut\/ismuz\/wp-json\/wp\/v2\/comments?post=3529"}],"version-history":[{"count":2,"href":"https:\/\/us.edu.pl\/instytut\/ismuz\/wp-json\/wp\/v2\/posts\/3529\/revisions"}],"predecessor-version":[{"id":3532,"href":"https:\/\/us.edu.pl\/instytut\/ismuz\/wp-json\/wp\/v2\/posts\/3529\/revisions\/3532"}],"wp:featuredmedia":[{"embeddable":true,"href":"https:\/\/us.edu.pl\/instytut\/ismuz\/wp-json\/wp\/v2\/media\/3530"}],"wp:attachment":[{"href":"https:\/\/us.edu.pl\/instytut\/ismuz\/wp-json\/wp\/v2\/media?parent=3529"}],"wp:term":[{"taxonomy":"category","embeddable":true,"href":"https:\/\/us.edu.pl\/instytut\/ismuz\/wp-json\/wp\/v2\/categories?post=3529"},{"taxonomy":"post_tag","embeddable":true,"href":"https:\/\/us.edu.pl\/instytut\/ismuz\/wp-json\/wp\/v2\/tags?post=3529"}],"curies":[{"name":"wp","href":"https:\/\/api.w.org\/{rel}","templated":true}]}}