{"id":4009,"date":"2024-10-01T12:29:41","date_gmt":"2024-10-01T10:29:41","guid":{"rendered":"https:\/\/us.edu.pl\/instytut\/ismuz\/?p=4009"},"modified":"2024-10-09T13:07:32","modified_gmt":"2024-10-09T11:07:32","slug":"miedzynarodowa-konferencja-musicalive","status":"publish","type":"post","link":"https:\/\/us.edu.pl\/instytut\/ismuz\/2024\/10\/01\/miedzynarodowa-konferencja-musicalive\/","title":{"rendered":"Mi\u0119dzynarodowa konferencja \u201eMusicAlive\u201d"},"content":{"rendered":"<p>[vc_row][vc_column][vc_column_text]<span style=\"font-size: 12pt;\">9\u201311 pa\u017adziernika 2024 roku w Instytucie Sztuk Muzycznych na Wydziale Sztuki i Nauk o Edukacji U\u015a b\u0119dzie si\u0119 odbywa\u0142a mi\u0119dzynarodowa konferencja \u201eMusicAlive\u201d.\u00a0<\/span><\/p>\n<p><span style=\"font-size: 12pt;\"><strong>Linki do transmisji konferencji MusicAlive:<\/strong><\/span><\/p>\n<ul>\n<li><strong><span style=\"font-size: 12pt;\">Transmisja \u2013 dzie\u0144 1:\u00a0<a href=\"https:\/\/youtube.com\/live\/3KfKm6R7Qjc?feature=share\" target=\"_blank\" rel=\"noopener noreferrer\">https:\/\/youtube.com\/live\/3KfKm6R7Qjc?feature=share<\/a>\u00a0<\/span><\/strong><\/li>\n<li><strong><span style=\"font-size: 12pt;\">Transmisja \u2013 dzie\u0144 2:\u00a0<a href=\"https:\/\/youtube.com\/live\/_jr2ecOSkcI?feature=share\" target=\"_blank\" rel=\"noopener noreferrer\">https:\/\/youtube.com\/live\/_jr2ecOSkcI?feature=share<\/a>\u00a0<\/span><\/strong><\/li>\n<li><strong><span style=\"font-size: 12pt;\">Link do po\u0142\u0105czenia hybrydowego przez Zoom:\u00a0<a href=\"https:\/\/zoom.us\/j\/97007389072?pwd=kuFLMOLDCeTNwsZWjTTp7twYSvQ6EX.1\" target=\"_blank\" rel=\"noopener noreferrer\">https:\/\/zoom.us\/j\/97007389072?pwd=kuFLMOLDCeTNwsZWjTTp7twYSvQ6EX.1<\/a><\/span><\/strong><\/li>\n<\/ul>\n<p><span style=\"font-size: 12pt;\">Projekt MusicAlive, zainicjowany przez Ann\u0119 Kijanowsk\u0105 i Agnieszk\u0119 Lasko, pierwotnie obejmowa\u0142 Mi\u0119dzynarodowy Konkurs Pianistyczny oraz Mi\u0119dzynarodowe Sympozjum Pianistyki i Edukacji Muzycznej. Kolejn\u0105 ods\u0142on\u0105 tego projektu jest Mi\u0119dzynarodowa Konferencja MusicAlive: \u201eRola muzyki i sztuki we wsp\u00f3\u0142czesnym \u015bwiecie\u201d.<\/span><\/p>\n<p><span style=\"font-size: 12pt;\">Konferencja oferuje okazj\u0119 do zg\u0142\u0119bienia wp\u0142ywu muzyki i sztuki na wsp\u00f3\u0142czesne spo\u0142ecze\u0144stwo. Mi\u0119dzynarodowa inicjatywa ma na celu ukazanie r\u00f3\u017cnorodno\u015bci kulturowej poprzez prezentacj\u0119 r\u00f3\u017cnych gatunk\u00f3w muzycznych oraz form artystycznych z r\u00f3\u017cnych zak\u0105tk\u00f3w \u015bwiata.<\/span><\/p>\n<p><span style=\"font-size: 12pt;\">Mi\u0119dzynarodowa Konferencja MusicAlive podkre\u015bla otwarto\u015b\u0107 na poznawanie innych kultur i sztuk, wspieraj\u0105c inkluzj\u0119 spo\u0142eczn\u0105. Przyk\u0142ady temat\u00f3w obejmuj\u0105 eksperymenty z \u0142\u0105czeniem r\u00f3\u017cnych tradycji muzycznych lub wsp\u00f3\u0142prac\u0119 mi\u0119dzy artystami z r\u00f3\u017cnych kraj\u00f3w. W ten spos\u00f3b kultura staje si\u0119 pomostem \u0142\u0105cz\u0105cym r\u00f3\u017cne narody i spo\u0142eczno\u015bci. W dzisiejszym zglobalizowanym \u015bwiecie sztuka jest kluczem do budowania jedno\u015bci i porozumienia mi\u0119dzy lud\u017ami. Na tym poziomie mo\u017cemy szuka\u0107 wsp\u00f3lnoty z innymi kulturami, ucz\u0105c si\u0119 zar\u00f3wno tolerancji, jak i wsp\u00f3\u0142istnienia.<\/span><\/p>\n<p><span style=\"font-size: 12pt;\"><strong>Prelegenci<\/strong><\/span><\/p>\n<ul>\n<li><span style=\"font-size: 12pt;\">Gayle Murchinson \u2013 Associate Professor \u2013 College of William and Mary, USA, The British Academy, UK<\/span><\/li>\n<li><span style=\"font-size: 12pt;\">John Muniz \u2013 Associate Professor \u2013 University of Arizona, USA<\/span><\/li>\n<li><span style=\"font-size: 12pt;\">Matthew Bengtson \u2013 Associate Professor \u2013 University of Michigan School of Music, Theatre, and Dance, USA<\/span><\/li>\n<li><span style=\"font-size: 12pt;\">Jeremy Gill \u2013 New York City, USA<\/span><\/li>\n<li><span style=\"font-size: 12pt;\">S\u0142awomir Dobrza\u0144ski \u2013 Professor \u2013 Kansas State University \u2013 Poland\/USA<\/span><\/li>\n<li><span style=\"font-size: 12pt;\">Po Sim Head \u2013 Adjunct Professor \u2013 Missouri Western State University, Metropolitan Community College Kansas City \u2013 Hong Kong\/USA<\/span><\/li>\n<li><span style=\"font-size: 12pt;\">J\u00e1nos K\u00e9ry \u2013 Associate Professor \u2013 Franz Liszt Music Academy in Budapest, Hungary<\/span><\/li>\n<li><span style=\"font-size: 12pt;\">Anna Kijanowska \u2013 Associate Professor \u2013 Institute of Music in Cieszyn, University of Silesia \u2013 Poland\/USA<\/span><\/li>\n<li><span style=\"font-size: 12pt;\">Diego Mac\u00edas Steiner \u2013 Professor \u2013 Music Conservatory in Buenos Aires, Argentina<\/span><\/li>\n<li><span style=\"font-size: 12pt;\">Agnieszka Zick \u2013 Adjunct Professor \u2013 State College of Florida Manatee-Sarasota \u2013 Poland\/USA<\/span><\/li>\n<li><span style=\"font-size: 12pt;\">Olivia Grace Bradstreet Colomaio \u2013 University of South Carolina, USA<\/span><\/li>\n<li><span style=\"font-size: 12pt;\">Thomas Fortmann \u2013 Switzerland<\/span><\/li>\n<li><span style=\"font-size: 12pt;\">Ethan Fox \u2013 New York City, USA<\/span><\/li>\n<li><span style=\"font-size: 12pt;\">Mirta G\u00f3mez and Sahily C\u00e1novas \u2013 Cuba\/USA<\/span><\/li>\n<li><span style=\"font-size: 12pt;\">Agnieszka Lasko \u2013 University of South Carolina, Poland\/USA<\/span><\/li>\n<li><span style=\"font-size: 12pt;\">Christian Alberto Restrepo S\u00e1nchez \u2013 Colombia\/USA<\/span><\/li>\n<\/ul>\n<p><span style=\"font-size: 12pt;\">Konferencja b\u0119dzie mia\u0142a charakter hybrydowy. Oficjalnym j\u0119zykiem b\u0119dzie r\u00f3wnie\u017c j\u0119zyk angielski.<\/span><\/p>\n<p><span style=\"font-size: 12pt;\">Szczeg\u00f3\u0142owe informacje znajduj\u0105 si\u0119 na <a href=\"https:\/\/us.edu.pl\/instytut\/ismuz\">stronie wydarzenia.\u00a0<\/a><\/span><\/p>\n<p style=\"text-align: center;\"><strong><span style=\"font-size: 14pt;\"><a href=\"https:\/\/us.edu.pl\/instytut\/ismuz\/wp-content\/uploads\/sites\/54\/Bez-kategorii\/MusicAlive-Conference-Bulletin-2024-City-Region-Academia-.pdf\" class=\"mtli_attachment mtli_pdf\" data-mtli=\"mtli_filesize17,61MB\">MusicAlive Conference Bulletin 2024 City Region Academia<\/a><\/span><\/strong><\/p>\n<p style=\"text-align: center;\"><a href=\"https:\/\/us.edu.pl\/instytut\/ismuz\/wp-content\/uploads\/sites\/54\/Bez-kategorii\/MusicAlive-Conference-Bulletin-2024-City-Region-Academia-.pdf\" class=\"mtli_attachment mtli_pdf\" data-mtli=\"mtli_filesize17,61MB\"><img class=\"alignnone size-medium wp-image-4100\" src=\"https:\/\/us.edu.pl\/instytut\/ismuz\/wp-content\/uploads\/sites\/54\/Bez-kategorii\/MusicAlive-Conference-Bulletin-2024-City-Region-Academia-800x673.jpg\" alt=\"MusicAlive Conference Bulletin 2024 City Region Academia\" width=\"800\" height=\"673\" srcset=\"https:\/\/us.edu.pl\/instytut\/ismuz\/wp-content\/uploads\/sites\/54\/Bez-kategorii\/MusicAlive-Conference-Bulletin-2024-City-Region-Academia-800x673.jpg 800w, https:\/\/us.edu.pl\/instytut\/ismuz\/wp-content\/uploads\/sites\/54\/Bez-kategorii\/MusicAlive-Conference-Bulletin-2024-City-Region-Academia-768x646.jpg 768w, https:\/\/us.edu.pl\/instytut\/ismuz\/wp-content\/uploads\/sites\/54\/Bez-kategorii\/MusicAlive-Conference-Bulletin-2024-City-Region-Academia-575x484.jpg 575w, https:\/\/us.edu.pl\/instytut\/ismuz\/wp-content\/uploads\/sites\/54\/Bez-kategorii\/MusicAlive-Conference-Bulletin-2024-City-Region-Academia.jpg 929w\" sizes=\"(max-width: 800px) 100vw, 800px\" \/><\/a><\/p>\n<p>[\/vc_column_text][\/vc_column][\/vc_row]<\/p>\n<style type=\"text\/css\">a[data-mtli~=\"mtli_filesize17,61MB\"]:after {content:\" (17,61 MB)\"}<\/style>","protected":false},"excerpt":{"rendered":"<p>[vc_row][vc_column][vc_column_text]9\u201311 pa\u017adziernika 2024 roku w Instytucie Sztuk Muzycznych na Wydziale Sztuki i Nauk o Edukacji U\u015a b\u0119dzie si\u0119 odbywa\u0142a mi\u0119dzynarodowa konferencja \u201eMusicAlive\u201d.\u00a0 Linki do transmisji konferencji MusicAlive: Transmisja \u2013 dzie\u0144 1:\u00a0https:\/\/youtube.com\/live\/3KfKm6R7Qjc?feature=share\u00a0 Transmisja \u2013 dzie\u0144 2:\u00a0https:\/\/youtube.com\/live\/_jr2ecOSkcI?feature=share\u00a0 Link do po\u0142\u0105czenia hybrydowego przez Zoom:\u00a0https:\/\/zoom.us\/j\/97007389072?pwd=kuFLMOLDCeTNwsZWjTTp7twYSvQ6EX.1 Projekt MusicAlive, zainicjowany przez Ann\u0119 Kijanowsk\u0105 i Agnieszk\u0119 Lasko, pierwotnie obejmowa\u0142 Mi\u0119dzynarodowy Konkurs Pianistyczny [&#8230;]<\/p>\n<p><a class=\"btn btn-secondary understrap-read-more-link\" href=\"https:\/\/us.edu.pl\/instytut\/ismuz\/2024\/10\/01\/miedzynarodowa-konferencja-musicalive\/\">Read More&#8230;<\/a><\/p>\n","protected":false},"author":110,"featured_media":4010,"comment_status":"open","ping_status":"open","sticky":false,"template":"","format":"standard","meta":{"_expiration-date-status":"","_expiration-date":0,"_expiration-date-type":"","_expiration-date-categories":[],"_expiration-date-options":[]},"categories":[8],"tags":[],"acf":[],"_links":{"self":[{"href":"https:\/\/us.edu.pl\/instytut\/ismuz\/wp-json\/wp\/v2\/posts\/4009"}],"collection":[{"href":"https:\/\/us.edu.pl\/instytut\/ismuz\/wp-json\/wp\/v2\/posts"}],"about":[{"href":"https:\/\/us.edu.pl\/instytut\/ismuz\/wp-json\/wp\/v2\/types\/post"}],"author":[{"embeddable":true,"href":"https:\/\/us.edu.pl\/instytut\/ismuz\/wp-json\/wp\/v2\/users\/110"}],"replies":[{"embeddable":true,"href":"https:\/\/us.edu.pl\/instytut\/ismuz\/wp-json\/wp\/v2\/comments?post=4009"}],"version-history":[{"count":6,"href":"https:\/\/us.edu.pl\/instytut\/ismuz\/wp-json\/wp\/v2\/posts\/4009\/revisions"}],"predecessor-version":[{"id":4110,"href":"https:\/\/us.edu.pl\/instytut\/ismuz\/wp-json\/wp\/v2\/posts\/4009\/revisions\/4110"}],"wp:featuredmedia":[{"embeddable":true,"href":"https:\/\/us.edu.pl\/instytut\/ismuz\/wp-json\/wp\/v2\/media\/4010"}],"wp:attachment":[{"href":"https:\/\/us.edu.pl\/instytut\/ismuz\/wp-json\/wp\/v2\/media?parent=4009"}],"wp:term":[{"taxonomy":"category","embeddable":true,"href":"https:\/\/us.edu.pl\/instytut\/ismuz\/wp-json\/wp\/v2\/categories?post=4009"},{"taxonomy":"post_tag","embeddable":true,"href":"https:\/\/us.edu.pl\/instytut\/ismuz\/wp-json\/wp\/v2\/tags?post=4009"}],"curies":[{"name":"wp","href":"https:\/\/api.w.org\/{rel}","templated":true}]}}