{"id":4165,"date":"2024-10-15T10:45:21","date_gmt":"2024-10-15T08:45:21","guid":{"rendered":"https:\/\/us.edu.pl\/instytut\/ismuz\/?p=4165"},"modified":"2024-10-15T16:08:37","modified_gmt":"2024-10-15T14:08:37","slug":"4165","status":"publish","type":"post","link":"https:\/\/us.edu.pl\/instytut\/ismuz\/2024\/10\/15\/4165\/","title":{"rendered":"Wyr\u00f3\u017cnienia i nagroda dla prof. dr hab. Anny Szostak \u2013 Myrczek  i Zespo\u0142u \u015apiewak\u00f3w Miasta Katowice \u201eCamerata Silesia\u201d"},"content":{"rendered":"<p>[vc_row][vc_column][vc_column_text]<span style=\"font-size: 12pt;\"><strong>ANNA SZOSTAK-MYRCZEK Z NOMINACJ\u0104 DO NAGRODY KORYFEUSZ MUZYKI POLSKIEJ !<\/strong><\/span><\/p>\n<p><span style=\"font-size: 12pt;\">Pani Dyrektor i Dyrygent \u2013 Z\u015aMK \u201eCamerata Silesia\u201d Anna Szosta-Myrczek, zosta\u0142a nominowana do presti\u017cowej nagrody Koryfeusz Muzyki Polskiej w kategorii &#8222;Osobowo\u015b\u0107 roku&#8221;! Nominacja przyznana zosta\u0142a za \u201eza utrzymywanie wysokiego poziomu artystycznego Zespo\u0142u \u015apiewak\u00f3w Miasta Katowice \u201eCamerata Silesia\u201d oraz szereg nagra\u0144 p\u0142ytowych i koncert\u00f3w w sezonie artystycznym 2023\/2024.\u201d Wyniki poznamy 4 listopada podczas Gali w Filharmonii Narodowej w Warszawie. To du\u017ce wyr\u00f3\u017cnienie dla Pani Dyrektor i Zespo\u0142u!<\/span><\/p>\n<p style=\"text-align: center;\"><img class=\"alignnone size-medium wp-image-4166\" src=\"https:\/\/us.edu.pl\/instytut\/ismuz\/wp-content\/uploads\/sites\/54\/Bez-kategorii\/1-5-800x800.jpg\" alt=\"Anna Szostak-zdj\u0119cie\" width=\"800\" height=\"800\" srcset=\"https:\/\/us.edu.pl\/instytut\/ismuz\/wp-content\/uploads\/sites\/54\/Bez-kategorii\/1-5-800x800.jpg 800w, https:\/\/us.edu.pl\/instytut\/ismuz\/wp-content\/uploads\/sites\/54\/Bez-kategorii\/1-5-150x150.jpg 150w, https:\/\/us.edu.pl\/instytut\/ismuz\/wp-content\/uploads\/sites\/54\/Bez-kategorii\/1-5-768x768.jpg 768w, https:\/\/us.edu.pl\/instytut\/ismuz\/wp-content\/uploads\/sites\/54\/Bez-kategorii\/1-5-575x575.jpg 575w, https:\/\/us.edu.pl\/instytut\/ismuz\/wp-content\/uploads\/sites\/54\/Bez-kategorii\/1-5.jpg 1080w\" sizes=\"(max-width: 800px) 100vw, 800px\" \/><\/p>\n<p><span style=\"font-size: 12pt;\"><strong>Tytu\u0142 Cz\u0142onkini Honorowej dla Pani prof. dr hab. Anny Szostak-Myrczek<\/strong><\/span><\/p>\n<p><span style=\"font-size: 12pt;\">Stowarzyszenie Mi\u0142o\u015bnik\u00f3w Muzyki \u015awi\u0119tog\u00f3rskiej im. J\u00f3zefa Zeidlera przyzna\u0142o tytu\u0142 Cz\u0142onkini Honorowej Pani prof. dr hab. Annie Szostak-Myrczek! To wyr\u00f3\u017cnienie jest wyrazem uznania za jej wybitne zas\u0142ugi na rzecz Festiwalu Muzyki Oratoryjnej MUSICA SACROMONTANA oraz dzia\u0142alno\u015bci Stowarzyszenia. \u201e<em>To wybitna posta\u0107 na scenie muzycznej, wielokrotnie nagradzana. Wspaniale przygotowuje ch\u00f3r do koncert\u00f3w i nagra\u0144 p\u0142ytowych. Udziela\u0142a Stowarzyszeniu wsparcia merytorycznego i rekomendacji prawie wszystkich projekt\u00f3w muzycznych<\/em>.\u201d<\/span><\/p>\n<p style=\"text-align: center;\"><img class=\"alignnone size-medium wp-image-4168\" src=\"https:\/\/us.edu.pl\/instytut\/ismuz\/wp-content\/uploads\/sites\/54\/Bez-kategorii\/2-3-556x800.jpg\" alt=\"dyplom\" width=\"556\" height=\"800\" srcset=\"https:\/\/us.edu.pl\/instytut\/ismuz\/wp-content\/uploads\/sites\/54\/Bez-kategorii\/2-3-556x800.jpg 556w, https:\/\/us.edu.pl\/instytut\/ismuz\/wp-content\/uploads\/sites\/54\/Bez-kategorii\/2-3-835x1200.jpg 835w, https:\/\/us.edu.pl\/instytut\/ismuz\/wp-content\/uploads\/sites\/54\/Bez-kategorii\/2-3-768x1104.jpg 768w, https:\/\/us.edu.pl\/instytut\/ismuz\/wp-content\/uploads\/sites\/54\/Bez-kategorii\/2-3-1068x1536.jpg 1068w, https:\/\/us.edu.pl\/instytut\/ismuz\/wp-content\/uploads\/sites\/54\/Bez-kategorii\/2-3-400x575.jpg 400w, https:\/\/us.edu.pl\/instytut\/ismuz\/wp-content\/uploads\/sites\/54\/Bez-kategorii\/2-3.jpg 1117w\" sizes=\"(max-width: 556px) 100vw, 556px\" \/><\/p>\n<p><span style=\"font-size: 12pt;\"><strong>NAGRODA MUZYCZNE OR\u0141Y DLA<\/strong> <strong>ZESPO\u0141U \u015aPIEWAK\u00d3W MIASTA KATOWICE \u201eCAMERATA SILESIA\u201d POD DYREKCJ\u0104 ANNY SZOSTAK &#8211; MYRCZEK<\/strong><\/span><\/p>\n<p><span style=\"font-size: 12pt;\">Camerata zdoby\u0142a br\u0105zowy medal w konkursie &#8222;Muzyczne Or\u0142y&#8221; w kategorii <em>Prawykonanie<\/em> za utw\u00f3r &#8222;Respira&#8221; autorstwa Agnieszki Stulgi\u0144skiej.<strong> \u201e<em>Respira<\/em>\u201d<\/strong> skupi\u0142a si\u0119 na relacjach kobiet \u2013 si\u0119gn\u0119\u0142a po inuicki \u015bpiew gard\u0142owy oraz biblijny w\u0105tek spotkania brzemiennych kobiet, Marii i \u015bw. El\u017cbiety. To wyj\u0105tkowe dzie\u0142o mia\u0142o swoj\u0105 premier\u0119 podczas <strong>Festiwalu Prawykona\u0144<\/strong> w Narodowej Orkiestrze Symfonicznej Polskiego Radia (NOSPR) 11 marca 2023 roku.<\/span><\/p>\n<p style=\"text-align: center;\"><img class=\"alignnone size-medium wp-image-4172\" src=\"https:\/\/us.edu.pl\/instytut\/ismuz\/wp-content\/uploads\/sites\/54\/Bez-kategorii\/3-3-800x419.jpg\" alt=\"dyplom\" width=\"800\" height=\"419\" srcset=\"https:\/\/us.edu.pl\/instytut\/ismuz\/wp-content\/uploads\/sites\/54\/Bez-kategorii\/3-3-800x419.jpg 800w, https:\/\/us.edu.pl\/instytut\/ismuz\/wp-content\/uploads\/sites\/54\/Bez-kategorii\/3-3-1200x629.jpg 1200w, https:\/\/us.edu.pl\/instytut\/ismuz\/wp-content\/uploads\/sites\/54\/Bez-kategorii\/3-3-768x402.jpg 768w, https:\/\/us.edu.pl\/instytut\/ismuz\/wp-content\/uploads\/sites\/54\/Bez-kategorii\/3-3-1100x575.jpg 1100w, https:\/\/us.edu.pl\/instytut\/ismuz\/wp-content\/uploads\/sites\/54\/Bez-kategorii\/3-3-575x301.jpg 575w, https:\/\/us.edu.pl\/instytut\/ismuz\/wp-content\/uploads\/sites\/54\/Bez-kategorii\/3-3.jpg 1500w\" sizes=\"(max-width: 800px) 100vw, 800px\" \/><\/p>\n<p>[\/vc_column_text][\/vc_column][\/vc_row]<\/p>","protected":false},"excerpt":{"rendered":"<p>[vc_row][vc_column][vc_column_text]ANNA SZOSTAK-MYRCZEK Z NOMINACJ\u0104 DO NAGRODY KORYFEUSZ MUZYKI POLSKIEJ ! Pani Dyrektor i Dyrygent \u2013 Z\u015aMK \u201eCamerata Silesia\u201d Anna Szosta-Myrczek, zosta\u0142a nominowana do presti\u017cowej nagrody Koryfeusz Muzyki Polskiej w kategorii &#8222;Osobowo\u015b\u0107 roku&#8221;! Nominacja przyznana zosta\u0142a za \u201eza utrzymywanie wysokiego poziomu artystycznego Zespo\u0142u \u015apiewak\u00f3w Miasta Katowice \u201eCamerata Silesia\u201d oraz szereg nagra\u0144 p\u0142ytowych i koncert\u00f3w w sezonie [&#8230;]<\/p>\n<p><a class=\"btn btn-secondary understrap-read-more-link\" href=\"https:\/\/us.edu.pl\/instytut\/ismuz\/2024\/10\/15\/4165\/\">Read More&#8230;<\/a><\/p>\n","protected":false},"author":110,"featured_media":4172,"comment_status":"open","ping_status":"open","sticky":false,"template":"","format":"standard","meta":{"_expiration-date-status":"","_expiration-date":0,"_expiration-date-type":"","_expiration-date-categories":[],"_expiration-date-options":[]},"categories":[8],"tags":[],"acf":[],"_links":{"self":[{"href":"https:\/\/us.edu.pl\/instytut\/ismuz\/wp-json\/wp\/v2\/posts\/4165"}],"collection":[{"href":"https:\/\/us.edu.pl\/instytut\/ismuz\/wp-json\/wp\/v2\/posts"}],"about":[{"href":"https:\/\/us.edu.pl\/instytut\/ismuz\/wp-json\/wp\/v2\/types\/post"}],"author":[{"embeddable":true,"href":"https:\/\/us.edu.pl\/instytut\/ismuz\/wp-json\/wp\/v2\/users\/110"}],"replies":[{"embeddable":true,"href":"https:\/\/us.edu.pl\/instytut\/ismuz\/wp-json\/wp\/v2\/comments?post=4165"}],"version-history":[{"count":2,"href":"https:\/\/us.edu.pl\/instytut\/ismuz\/wp-json\/wp\/v2\/posts\/4165\/revisions"}],"predecessor-version":[{"id":4176,"href":"https:\/\/us.edu.pl\/instytut\/ismuz\/wp-json\/wp\/v2\/posts\/4165\/revisions\/4176"}],"wp:featuredmedia":[{"embeddable":true,"href":"https:\/\/us.edu.pl\/instytut\/ismuz\/wp-json\/wp\/v2\/media\/4172"}],"wp:attachment":[{"href":"https:\/\/us.edu.pl\/instytut\/ismuz\/wp-json\/wp\/v2\/media?parent=4165"}],"wp:term":[{"taxonomy":"category","embeddable":true,"href":"https:\/\/us.edu.pl\/instytut\/ismuz\/wp-json\/wp\/v2\/categories?post=4165"},{"taxonomy":"post_tag","embeddable":true,"href":"https:\/\/us.edu.pl\/instytut\/ismuz\/wp-json\/wp\/v2\/tags?post=4165"}],"curies":[{"name":"wp","href":"https:\/\/api.w.org\/{rel}","templated":true}]}}