{"id":4236,"date":"2024-10-15T16:19:51","date_gmt":"2024-10-15T14:19:51","guid":{"rendered":"https:\/\/us.edu.pl\/instytut\/ismuz\/?p=4236"},"modified":"2024-10-15T16:19:51","modified_gmt":"2024-10-15T14:19:51","slug":"dr-hab-wojciech-golec-laureatem-iv-miedzynarodowego-konkursu-muzyczne-orly","status":"publish","type":"post","link":"https:\/\/us.edu.pl\/instytut\/ismuz\/2024\/10\/15\/dr-hab-wojciech-golec-laureatem-iv-miedzynarodowego-konkursu-muzyczne-orly\/","title":{"rendered":"Dr hab. Wojciech Golec laureatem IV Mi\u0119dzynarodowego Konkursu \u201eMuzyczne Or\u0142y&#8221;"},"content":{"rendered":"<p>[vc_row][vc_column][vc_column_text]<span style=\"font-size: 12pt;\">P\u0142yta CD Variability \u2013 Wojciech Golec zosta\u0142a uznana przez mi\u0119dzynarodow\u0105 Kapitu\u0142\u0119 za wybitne osi\u0105gni\u0119cie w dyscyplinie artystycznej sztuki muzyczne zrealizowane w roku 2023 i otrzyma\u0142a w IV Mi\u0119dzynarodowym Konkursie \u201eMuzyczne Or\u0142y&#8221; Dyplom Br\u0105zowy w kategorii I \u2013 p\u0142yta fonograficzna!<\/span><\/p>\n<p style=\"text-align: center;\"><img class=\"alignnone size-medium wp-image-4240\" src=\"https:\/\/us.edu.pl\/instytut\/ismuz\/wp-content\/uploads\/sites\/54\/Bez-kategorii\/Wojciech-Golec-zdjecie-716x800.jpg\" alt=\"Wojciech Golec-zdj\u0119cie\" width=\"716\" height=\"800\" srcset=\"https:\/\/us.edu.pl\/instytut\/ismuz\/wp-content\/uploads\/sites\/54\/Bez-kategorii\/Wojciech-Golec-zdjecie-716x800.jpg 716w, https:\/\/us.edu.pl\/instytut\/ismuz\/wp-content\/uploads\/sites\/54\/Bez-kategorii\/Wojciech-Golec-zdjecie-1073x1200.jpg 1073w, https:\/\/us.edu.pl\/instytut\/ismuz\/wp-content\/uploads\/sites\/54\/Bez-kategorii\/Wojciech-Golec-zdjecie-768x859.jpg 768w, https:\/\/us.edu.pl\/instytut\/ismuz\/wp-content\/uploads\/sites\/54\/Bez-kategorii\/Wojciech-Golec-zdjecie-514x575.jpg 514w, https:\/\/us.edu.pl\/instytut\/ismuz\/wp-content\/uploads\/sites\/54\/Bez-kategorii\/Wojciech-Golec-zdjecie.jpg 1338w\" sizes=\"(max-width: 716px) 100vw, 716px\" \/><\/p>\n<p style=\"text-align: center;\"><img class=\"alignnone size-medium wp-image-4242\" src=\"https:\/\/us.edu.pl\/instytut\/ismuz\/wp-content\/uploads\/sites\/54\/Bez-kategorii\/Dyplom-533x800.jpg\" alt=\"Dyplom\" width=\"533\" height=\"800\" srcset=\"https:\/\/us.edu.pl\/instytut\/ismuz\/wp-content\/uploads\/sites\/54\/Bez-kategorii\/Dyplom-533x800.jpg 533w, https:\/\/us.edu.pl\/instytut\/ismuz\/wp-content\/uploads\/sites\/54\/Bez-kategorii\/Dyplom-383x575.jpg 383w, https:\/\/us.edu.pl\/instytut\/ismuz\/wp-content\/uploads\/sites\/54\/Bez-kategorii\/Dyplom.jpg 675w\" sizes=\"(max-width: 533px) 100vw, 533px\" \/><\/p>\n<p>[\/vc_column_text][\/vc_column][\/vc_row]<\/p>","protected":false},"excerpt":{"rendered":"<p>[vc_row][vc_column][vc_column_text]P\u0142yta CD Variability \u2013 Wojciech Golec zosta\u0142a uznana przez mi\u0119dzynarodow\u0105 Kapitu\u0142\u0119 za wybitne osi\u0105gni\u0119cie w dyscyplinie artystycznej sztuki muzyczne zrealizowane w roku 2023 i otrzyma\u0142a w IV Mi\u0119dzynarodowym Konkursie \u201eMuzyczne Or\u0142y&#8221; Dyplom Br\u0105zowy w kategorii I \u2013 p\u0142yta fonograficzna! [\/vc_column_text][\/vc_column][\/vc_row] [&#8230;]<\/p>\n<p><a class=\"btn btn-secondary understrap-read-more-link\" href=\"https:\/\/us.edu.pl\/instytut\/ismuz\/2024\/10\/15\/dr-hab-wojciech-golec-laureatem-iv-miedzynarodowego-konkursu-muzyczne-orly\/\">Read More&#8230;<\/a><\/p>\n","protected":false},"author":110,"featured_media":4242,"comment_status":"open","ping_status":"open","sticky":false,"template":"","format":"standard","meta":{"_expiration-date-status":"","_expiration-date":0,"_expiration-date-type":"","_expiration-date-categories":[],"_expiration-date-options":[]},"categories":[8],"tags":[],"acf":[],"_links":{"self":[{"href":"https:\/\/us.edu.pl\/instytut\/ismuz\/wp-json\/wp\/v2\/posts\/4236"}],"collection":[{"href":"https:\/\/us.edu.pl\/instytut\/ismuz\/wp-json\/wp\/v2\/posts"}],"about":[{"href":"https:\/\/us.edu.pl\/instytut\/ismuz\/wp-json\/wp\/v2\/types\/post"}],"author":[{"embeddable":true,"href":"https:\/\/us.edu.pl\/instytut\/ismuz\/wp-json\/wp\/v2\/users\/110"}],"replies":[{"embeddable":true,"href":"https:\/\/us.edu.pl\/instytut\/ismuz\/wp-json\/wp\/v2\/comments?post=4236"}],"version-history":[{"count":1,"href":"https:\/\/us.edu.pl\/instytut\/ismuz\/wp-json\/wp\/v2\/posts\/4236\/revisions"}],"predecessor-version":[{"id":4245,"href":"https:\/\/us.edu.pl\/instytut\/ismuz\/wp-json\/wp\/v2\/posts\/4236\/revisions\/4245"}],"wp:featuredmedia":[{"embeddable":true,"href":"https:\/\/us.edu.pl\/instytut\/ismuz\/wp-json\/wp\/v2\/media\/4242"}],"wp:attachment":[{"href":"https:\/\/us.edu.pl\/instytut\/ismuz\/wp-json\/wp\/v2\/media?parent=4236"}],"wp:term":[{"taxonomy":"category","embeddable":true,"href":"https:\/\/us.edu.pl\/instytut\/ismuz\/wp-json\/wp\/v2\/categories?post=4236"},{"taxonomy":"post_tag","embeddable":true,"href":"https:\/\/us.edu.pl\/instytut\/ismuz\/wp-json\/wp\/v2\/tags?post=4236"}],"curies":[{"name":"wp","href":"https:\/\/api.w.org\/{rel}","templated":true}]}}