{"id":4249,"date":"2024-10-15T17:06:47","date_gmt":"2024-10-15T15:06:47","guid":{"rendered":"https:\/\/us.edu.pl\/instytut\/ismuz\/?p=4249"},"modified":"2024-10-15T17:06:47","modified_gmt":"2024-10-15T15:06:47","slug":"chor-uniwersytetu-slaskiego-harmonia-na-inauguracjach-roku-akademickiego-w-katowicach-i-w-cieszynie","status":"publish","type":"post","link":"https:\/\/us.edu.pl\/instytut\/ismuz\/2024\/10\/15\/chor-uniwersytetu-slaskiego-harmonia-na-inauguracjach-roku-akademickiego-w-katowicach-i-w-cieszynie\/","title":{"rendered":"Ch\u00f3r Uniwersytetu \u015al\u0105skiego \u201eHarmonia\u201d na  Inauguracjach Roku Akademickiego w Katowicach i w Cieszynie!"},"content":{"rendered":"<p>[vc_row][vc_column][vc_column_text]<span style=\"font-size: 12pt;\">Na zaproszenie JM Rektora U\u015a prof. dr hab. Ryszarda Kozio\u0142ka Ch\u00f3r U\u015a Harmonia wzi\u0105\u0142 udzia\u0142 w uroczystej Mi\u0119dzyuczelnianej Inauguracji Roku Akademickiego 2024\/2025, kt\u00f3ra odby\u0142a si\u0119 27 wrze\u015bnia br. \u00a0<strong>Oficjalna cz\u0119\u015b\u0107 mia\u0142a miejsce w siedzibie Narodowej Orkiestry Symfonicznej Polskiego Radia. Wydarzenie zorganizowane zosta\u0142o wsp\u00f3lnie z siedmioma uczelniami wy\u017cszymi zrzeszonymi w Konsorcjum Katowice \u2013 Miasto Nauki we wsp\u00f3\u0142pracy z miastem Katowice, Wojew\u00f3dztwem \u015al\u0105skim, G\u00f3rno\u015bl\u0105sko-Zag\u0142\u0119biowsk\u0105 Metropoli\u0105. <\/strong>U\u015bwietniaj\u0105c tak wa\u017cn\u0105 dla spo\u0142eczno\u015bci akademickiej uroczysto\u015b\u0107, <strong>z<\/strong>gromadzone ch\u00f3ry (Ch\u00f3r Uniwersytetu \u015al\u0105skiego \u201eHarmonia\u201d, Ch\u00f3r Politechniki \u015al\u0105skiej, Ch\u00f3r Uniwersytetu Ekonomicznego, Ch\u00f3r \u015al\u0105skiego Uniwersytetu Medycznego) wykona\u0142y \u201eGaude Mater Polonia\u201d pod dyrekcj\u0105 prof. dr hab. Joanny Glenc. \u00a0W cz\u0119\u015bci koncertowej, odbywaj\u0105cej si\u0119 tak\u017ce w siedzibie NOSPR, w wykonaniu ch\u00f3r\u00f3w oraz Narodowej Orkiestry Symfonicznej \u00a0Polskiego Radia pod dyrekcj\u0105 Szymona Bywalca zabrzmia\u0142 <em>Mazur<\/em> z opery \u201e<em>Straszny Dw\u00f3r\u201d <\/em>\u00a0S. Moniuszki. We wtorek \u00a008.10.2024 \u201eHarmonia\u201d za\u015bpiewa\u0142a w czasie Inauguracji Roku Akademickiego\u00a0 na Wydziale Sztuki i Nauk o Edukacji, w Cieszynie. Poza \u015bpiewem \u201eGaudeamus<em> igitur<\/em>\u201d i \u201eGaude Mater Polonia\u201d oprawa muzyczna tej uroczysto\u015bci zosta\u0142a dope\u0142niona wykonaniem przez ch\u00f3r pod dyrekcj\u0105 prof. J. Glenc dw\u00f3ch utwor\u00f3w a cappella: J. \u015awider \u2013 \u201ePory roku\u201d oraz M. Wawruk \u2013 \u201eLe\u0107 g\u0142osie po rosie\u201d.<\/span>[\/vc_column_text][\/vc_column][\/vc_row][vc_row][vc_column]            \r\n                    <div class=\"container\">\r\n                        <div class=\"gallery gallery_3\" data-images-in-row=\"3\">\r\n                            \r\n                            <div class=\"row m-0\">\r\n                                <a data-fancybox-group=\"button\" title=\"\" data-fancybox=\"1655\" href=\"https:\/\/us.edu.pl\/instytut\/ismuz\/wp-content\/uploads\/sites\/54\/Bez-kategorii\/11_plakat_B1_MIRA_18_09-1.png\" class=\"gallery__item thumbnail\"\r\n                                    style=\"background-image: url(https:\/\/us.edu.pl\/instytut\/ismuz\/wp-content\/uploads\/sites\/54\/Bez-kategorii\/11_plakat_B1_MIRA_18_09-1.png)\"> <span class=\"d-none\">https:\/\/us.edu.pl\/instytut\/ismuz\/wp-content\/uploads\/sites\/54\/Bez-kategorii\/11_plakat_B1_MIRA_18_09-1.png<\/span> <\/a><a data-fancybox-group=\"button\" title=\"\" data-fancybox=\"1655\" href=\"https:\/\/us.edu.pl\/instytut\/ismuz\/wp-content\/uploads\/sites\/54\/Bez-kategorii\/2024.09.27-Katowice-MIRA-2024-2025.png\" class=\"gallery__item thumbnail\"\r\n                                    style=\"background-image: url(https:\/\/us.edu.pl\/instytut\/ismuz\/wp-content\/uploads\/sites\/54\/Bez-kategorii\/2024.09.27-Katowice-MIRA-2024-2025.png)\"> <span class=\"d-none\">https:\/\/us.edu.pl\/instytut\/ismuz\/wp-content\/uploads\/sites\/54\/Bez-kategorii\/2024.09.27-Katowice-MIRA-2024-2025.png<\/span> <\/a><a data-fancybox-group=\"button\" title=\"\" data-fancybox=\"1655\" href=\"https:\/\/us.edu.pl\/instytut\/ismuz\/wp-content\/uploads\/sites\/54\/Bez-kategorii\/WSNE-Inauguracja-2024-2025-Fot.-WSNE.jpg\" class=\"gallery__item thumbnail\"\r\n                                    style=\"background-image: url(https:\/\/us.edu.pl\/instytut\/ismuz\/wp-content\/uploads\/sites\/54\/Bez-kategorii\/WSNE-Inauguracja-2024-2025-Fot.-WSNE.jpg)\"> <span class=\"d-none\">https:\/\/us.edu.pl\/instytut\/ismuz\/wp-content\/uploads\/sites\/54\/Bez-kategorii\/WSNE-Inauguracja-2024-2025-Fot.-WSNE.jpg<\/span> <\/a>\r\n                            <\/div>\r\n                    <\/div>\r\n                <\/div>[\/vc_column][\/vc_row]<\/p>","protected":false},"excerpt":{"rendered":"<p>[vc_row][vc_column][vc_column_text]Na zaproszenie JM Rektora U\u015a prof. dr hab. Ryszarda Kozio\u0142ka Ch\u00f3r U\u015a Harmonia wzi\u0105\u0142 udzia\u0142 w uroczystej Mi\u0119dzyuczelnianej Inauguracji Roku Akademickiego 2024\/2025, kt\u00f3ra odby\u0142a si\u0119 27 wrze\u015bnia br. \u00a0Oficjalna cz\u0119\u015b\u0107 mia\u0142a miejsce w siedzibie Narodowej Orkiestry Symfonicznej Polskiego Radia. Wydarzenie zorganizowane zosta\u0142o wsp\u00f3lnie z siedmioma uczelniami wy\u017cszymi zrzeszonymi w Konsorcjum Katowice \u2013 Miasto Nauki we [&#8230;]<\/p>\n<p><a class=\"btn btn-secondary understrap-read-more-link\" href=\"https:\/\/us.edu.pl\/instytut\/ismuz\/2024\/10\/15\/chor-uniwersytetu-slaskiego-harmonia-na-inauguracjach-roku-akademickiego-w-katowicach-i-w-cieszynie\/\">Read More&#8230;<\/a><\/p>\n","protected":false},"author":110,"featured_media":4258,"comment_status":"open","ping_status":"open","sticky":false,"template":"","format":"standard","meta":{"_expiration-date-status":"","_expiration-date":0,"_expiration-date-type":"","_expiration-date-categories":[],"_expiration-date-options":[]},"categories":[8],"tags":[],"acf":[],"_links":{"self":[{"href":"https:\/\/us.edu.pl\/instytut\/ismuz\/wp-json\/wp\/v2\/posts\/4249"}],"collection":[{"href":"https:\/\/us.edu.pl\/instytut\/ismuz\/wp-json\/wp\/v2\/posts"}],"about":[{"href":"https:\/\/us.edu.pl\/instytut\/ismuz\/wp-json\/wp\/v2\/types\/post"}],"author":[{"embeddable":true,"href":"https:\/\/us.edu.pl\/instytut\/ismuz\/wp-json\/wp\/v2\/users\/110"}],"replies":[{"embeddable":true,"href":"https:\/\/us.edu.pl\/instytut\/ismuz\/wp-json\/wp\/v2\/comments?post=4249"}],"version-history":[{"count":1,"href":"https:\/\/us.edu.pl\/instytut\/ismuz\/wp-json\/wp\/v2\/posts\/4249\/revisions"}],"predecessor-version":[{"id":4262,"href":"https:\/\/us.edu.pl\/instytut\/ismuz\/wp-json\/wp\/v2\/posts\/4249\/revisions\/4262"}],"wp:featuredmedia":[{"embeddable":true,"href":"https:\/\/us.edu.pl\/instytut\/ismuz\/wp-json\/wp\/v2\/media\/4258"}],"wp:attachment":[{"href":"https:\/\/us.edu.pl\/instytut\/ismuz\/wp-json\/wp\/v2\/media?parent=4249"}],"wp:term":[{"taxonomy":"category","embeddable":true,"href":"https:\/\/us.edu.pl\/instytut\/ismuz\/wp-json\/wp\/v2\/categories?post=4249"},{"taxonomy":"post_tag","embeddable":true,"href":"https:\/\/us.edu.pl\/instytut\/ismuz\/wp-json\/wp\/v2\/tags?post=4249"}],"curies":[{"name":"wp","href":"https:\/\/api.w.org\/{rel}","templated":true}]}}