{"id":4305,"date":"2024-10-17T09:21:57","date_gmt":"2024-10-17T07:21:57","guid":{"rendered":"https:\/\/us.edu.pl\/instytut\/ismuz\/?p=4305"},"modified":"2024-10-17T09:21:57","modified_gmt":"2024-10-17T07:21:57","slug":"plyta-tres-gentes-zwyciezyla-w-kategorii-najlepszy-album-wspolczesnej-muzyki-choralnej","status":"publish","type":"post","link":"https:\/\/us.edu.pl\/instytut\/ismuz\/2024\/10\/17\/plyta-tres-gentes-zwyciezyla-w-kategorii-najlepszy-album-wspolczesnej-muzyki-choralnej\/","title":{"rendered":"P\u0142yta ,,TRES GENTES\u201d zwyci\u0119\u017cy\u0142a w kategorii ,,Najlepszy album wsp\u00f3\u0142czesnej muzyki ch\u00f3ralnej\u201d"},"content":{"rendered":"<p>[vc_row][vc_column][vc_column_text]<span style=\"font-size: 12pt;\"><strong>P\u0142yta <\/strong><strong>,,TRES GENTES\u201d nagrana przez Ch\u00f3r Kameralny ,,A piacere\u201d<\/strong> <strong>Instytutu Sztuk Muzycznych U\u015a pod dyrekcj\u0105 dr Danuty Zo\u0144-Ciuk, prof. U\u015a<\/strong> <strong>\u00a0zwyci\u0119\u017cy\u0142a w kategorii ,,Najlepszy album wsp\u00f3\u0142czesnej muzyki ch\u00f3ralnej\u201d w mi\u0119dzynarodowym konkursie organizowanym przez Clouzine International Music Awards w 2024 roku.<\/strong><\/span><\/p>\n<p><span style=\"font-size: 12pt;\">Materia\u0142 d\u017awi\u0119kowy zosta\u0142 wydany w grudniu 2023 roku przez wytw\u00f3rni\u0119 Requiem Records. Znaczna cz\u0119\u015b\u0107 utwor\u00f3w wokalnych i wokalno-instrumentalnych zosta\u0142a przez kompozytor\u00f3w napisana z my\u015bl\u0105 o pierwszym wykonaniu i nagraniu na tym\u017ce albumie. Sa to: <em>Missa Brevis in D, Tryptyk \u015bwi\u0105teczny <\/em>Karola Pyki czy <em>Muzyka Folklorystyczna VII <\/em>na kameralny ch\u00f3r solist\u00f3w i ta\u015bm\u0119 Ryszarda Gabrysia z innowacyjnym zastosowaniem archiwalnych nagra\u0144 koniakowskiego artysty J\u00f3zefa Brody. Niekonwencjonalny charakter nagranego materia\u0142u polega na zestawieniu kompozycji wsp\u00f3\u0142czesnych artyst\u00f3w trzech pokole\u0144 zwi\u0105zanych z G\u00f3rnym \u015al\u0105skiem i \u015al\u0105skiem Cieszy\u0144skim: Ryszarda Gabrysia, Jacka Glenca i Karola Pyki, r\u00f3\u017cni\u0105cych si\u0119 nie tylko wiekiem, ale i zastosowaniem odmiennego j\u0119zyka d\u017awi\u0119kowego, form, technik kompozytorskich oraz tematyki prezentowanych dzie\u0142. Elementem integruj\u0105cym s\u0105 tu mistrzowskie improwizacje organowe Tomasza Orlowa.<\/span><\/p>\n<p><span style=\"font-size: 12pt;\">Wykonawcy: <strong>Ch\u00f3r Kameralny ,,A piacere\u201d Instytutu Sztuk Muzycznych w Cieszynie U\u015a w Katowicach, dyrygent -Danuta Zo\u0144-Ciuk, organy- Tomasz Orlow, fortepian-Karol Pyka, soli\u015bci- Adrianna Gierula, Sabina Olbrich-Szafraniec, Hubert Mi\u015bka, Micha\u0142 Czok, Remigiusz Nowak, Agnieszka Sikora, Aleksandra Sikora-Bene\u015b, J\u00f3zef Broda-nagranie archiwalne PR Katowice pod redakcj\u0105 Stanis\u0142awa Jareckiego.<\/strong><\/span>[\/vc_column_text][\/vc_column][\/vc_row][vc_row][vc_column]            \r\n                    <div class=\"container\">\r\n                        <div class=\"gallery gallery_2\" data-images-in-row=\"2\">\r\n                            \r\n                            <div class=\"row m-0\">\r\n                                <a data-fancybox-group=\"button\" title=\"\" data-fancybox=\"2223\" href=\"https:\/\/us.edu.pl\/instytut\/ismuz\/wp-content\/uploads\/sites\/54\/Bez-kategorii\/1.-Tres-Gentes-najlepszy-album-wspolczesnej-muzyki-choralnej-Clouzine-International-Music-Awards.jpg\" class=\"gallery__item thumbnail\"\r\n                                    style=\"background-image: url(https:\/\/us.edu.pl\/instytut\/ismuz\/wp-content\/uploads\/sites\/54\/Bez-kategorii\/1.-Tres-Gentes-najlepszy-album-wspolczesnej-muzyki-choralnej-Clouzine-International-Music-Awards-849x1200.jpg)\"> <span class=\"d-none\">https:\/\/us.edu.pl\/instytut\/ismuz\/wp-content\/uploads\/sites\/54\/Bez-kategorii\/1.-Tres-Gentes-najlepszy-album-wspolczesnej-muzyki-choralnej-Clouzine-International-Music-Awards.jpg<\/span> <\/a><a data-fancybox-group=\"button\" title=\"\" data-fancybox=\"2223\" href=\"https:\/\/us.edu.pl\/instytut\/ismuz\/wp-content\/uploads\/sites\/54\/Bez-kategorii\/2.-CD-Tres-Gentes-image.png\" class=\"gallery__item thumbnail\"\r\n                                    style=\"background-image: url(https:\/\/us.edu.pl\/instytut\/ismuz\/wp-content\/uploads\/sites\/54\/Bez-kategorii\/2.-CD-Tres-Gentes-image-1200x517.png)\"> <span class=\"d-none\">https:\/\/us.edu.pl\/instytut\/ismuz\/wp-content\/uploads\/sites\/54\/Bez-kategorii\/2.-CD-Tres-Gentes-image.png<\/span> <\/a>\r\n                            <\/div>\r\n                    <\/div>\r\n                <\/div>[\/vc_column][\/vc_row]<\/p>","protected":false},"excerpt":{"rendered":"<p>[vc_row][vc_column][vc_column_text]P\u0142yta ,,TRES GENTES\u201d nagrana przez Ch\u00f3r Kameralny ,,A piacere\u201d Instytutu Sztuk Muzycznych U\u015a pod dyrekcj\u0105 dr Danuty Zo\u0144-Ciuk, prof. U\u015a \u00a0zwyci\u0119\u017cy\u0142a w kategorii ,,Najlepszy album wsp\u00f3\u0142czesnej muzyki ch\u00f3ralnej\u201d w mi\u0119dzynarodowym konkursie organizowanym przez Clouzine International Music Awards w 2024 roku. Materia\u0142 d\u017awi\u0119kowy zosta\u0142 wydany w grudniu 2023 roku przez wytw\u00f3rni\u0119 Requiem Records. Znaczna cz\u0119\u015b\u0107 utwor\u00f3w [&#8230;]<\/p>\n<p><a class=\"btn btn-secondary understrap-read-more-link\" href=\"https:\/\/us.edu.pl\/instytut\/ismuz\/2024\/10\/17\/plyta-tres-gentes-zwyciezyla-w-kategorii-najlepszy-album-wspolczesnej-muzyki-choralnej\/\">Read More&#8230;<\/a><\/p>\n","protected":false},"author":110,"featured_media":4310,"comment_status":"open","ping_status":"open","sticky":false,"template":"","format":"standard","meta":{"_expiration-date-status":"","_expiration-date":0,"_expiration-date-type":"","_expiration-date-categories":[],"_expiration-date-options":[]},"categories":[8],"tags":[],"acf":[],"_links":{"self":[{"href":"https:\/\/us.edu.pl\/instytut\/ismuz\/wp-json\/wp\/v2\/posts\/4305"}],"collection":[{"href":"https:\/\/us.edu.pl\/instytut\/ismuz\/wp-json\/wp\/v2\/posts"}],"about":[{"href":"https:\/\/us.edu.pl\/instytut\/ismuz\/wp-json\/wp\/v2\/types\/post"}],"author":[{"embeddable":true,"href":"https:\/\/us.edu.pl\/instytut\/ismuz\/wp-json\/wp\/v2\/users\/110"}],"replies":[{"embeddable":true,"href":"https:\/\/us.edu.pl\/instytut\/ismuz\/wp-json\/wp\/v2\/comments?post=4305"}],"version-history":[{"count":1,"href":"https:\/\/us.edu.pl\/instytut\/ismuz\/wp-json\/wp\/v2\/posts\/4305\/revisions"}],"predecessor-version":[{"id":4314,"href":"https:\/\/us.edu.pl\/instytut\/ismuz\/wp-json\/wp\/v2\/posts\/4305\/revisions\/4314"}],"wp:featuredmedia":[{"embeddable":true,"href":"https:\/\/us.edu.pl\/instytut\/ismuz\/wp-json\/wp\/v2\/media\/4310"}],"wp:attachment":[{"href":"https:\/\/us.edu.pl\/instytut\/ismuz\/wp-json\/wp\/v2\/media?parent=4305"}],"wp:term":[{"taxonomy":"category","embeddable":true,"href":"https:\/\/us.edu.pl\/instytut\/ismuz\/wp-json\/wp\/v2\/categories?post=4305"},{"taxonomy":"post_tag","embeddable":true,"href":"https:\/\/us.edu.pl\/instytut\/ismuz\/wp-json\/wp\/v2\/tags?post=4305"}],"curies":[{"name":"wp","href":"https:\/\/api.w.org\/{rel}","templated":true}]}}