{"id":4808,"date":"2024-12-03T10:04:22","date_gmt":"2024-12-03T09:04:22","guid":{"rendered":"https:\/\/us.edu.pl\/instytut\/ismuz\/?p=4808"},"modified":"2024-12-03T10:04:22","modified_gmt":"2024-12-03T09:04:22","slug":"dr-hab-sabina-olbrich-szafraniec-prof-us-w-jury-vilnius-international-youth-competition-premio-scarlatti","status":"publish","type":"post","link":"https:\/\/us.edu.pl\/instytut\/ismuz\/2024\/12\/03\/dr-hab-sabina-olbrich-szafraniec-prof-us-w-jury-vilnius-international-youth-competition-premio-scarlatti\/","title":{"rendered":"Dr hab. Sabina Olbrich-Szafraniec, prof. U\u015a w Jury VILNIUS INTERNATIONAL YOUTH COMPETITION PREMIO SCARLATTI"},"content":{"rendered":"<p>[vc_row][vc_column][vc_column_text]<span style=\"font-size: 12pt;\">W dniach 26-27.10.2024 r. w Wilnie\/Litwa\/ odby\u0142 si\u0119 <strong>7 TH VILNIUS INTERNATIONAL YOUTH COMPETITION PREMIO SCARLATTI. <\/strong><\/span><\/p>\n<p><span style=\"font-size: 12pt;\">Do grona mi\u0119dzynarodowego jury zaproszona zosta\u0142a dr hab. Sabina Olbrich-Szafraniec, prof. U\u015a z Instytutu Sztuk Muzycznych Wydzia\u0142u Sztuki i Nauk o Edukacji. Konkurs odbywaj\u0105cy si\u0119 co dwa lata, popularyzuje przede wszystkim tw\u00f3rczo\u015b\u0107 kompozytor\u00f3w wczesnego baroku Alessandro i Domenico Scarlattich. Ma on na celu wy\u0142onienie i promocj\u0119 m\u0142odych muzyk\u00f3w w 4 kategoriach wykonawczych: fortepian, instrumenty smyczkowe, zespo\u0142y kameralne oraz \u015bpiew. Dyrektorem artystycznym konkursu jest Nijol\u0117 Dorot\u0117ja Beniu\u0161yt\u0117.<\/span>[\/vc_column_text][\/vc_column][\/vc_row][vc_row][vc_column]            \r\n                    <div class=\"container\">\r\n                        <div class=\"gallery gallery_2\" data-images-in-row=\"2\">\r\n                            \r\n                            <div class=\"row m-0\">\r\n                                <a data-fancybox-group=\"button\" title=\"\" data-fancybox=\"4115\" href=\"https:\/\/us.edu.pl\/instytut\/ismuz\/wp-content\/uploads\/sites\/54\/Bez-kategorii\/Jury-Wilno.jpg\" class=\"gallery__item thumbnail\"\r\n                                    style=\"background-image: url(https:\/\/us.edu.pl\/instytut\/ismuz\/wp-content\/uploads\/sites\/54\/Bez-kategorii\/Jury-Wilno-1200x640.jpg)\"> <span class=\"d-none\">https:\/\/us.edu.pl\/instytut\/ismuz\/wp-content\/uploads\/sites\/54\/Bez-kategorii\/Jury-Wilno.jpg<\/span> <\/a><a data-fancybox-group=\"button\" title=\"\" data-fancybox=\"4115\" href=\"https:\/\/us.edu.pl\/instytut\/ismuz\/wp-content\/uploads\/sites\/54\/Bez-kategorii\/Jury.jpg\" class=\"gallery__item thumbnail\"\r\n                                    style=\"background-image: url(https:\/\/us.edu.pl\/instytut\/ismuz\/wp-content\/uploads\/sites\/54\/Bez-kategorii\/Jury.jpg)\"> <span class=\"d-none\">https:\/\/us.edu.pl\/instytut\/ismuz\/wp-content\/uploads\/sites\/54\/Bez-kategorii\/Jury.jpg<\/span> <\/a>\r\n                            <\/div>\r\n                    <\/div>\r\n                <\/div>[\/vc_column][\/vc_row]<\/p>","protected":false},"excerpt":{"rendered":"<p>[vc_row][vc_column][vc_column_text]W dniach 26-27.10.2024 r. w Wilnie\/Litwa\/ odby\u0142 si\u0119 7 TH VILNIUS INTERNATIONAL YOUTH COMPETITION PREMIO SCARLATTI. Do grona mi\u0119dzynarodowego jury zaproszona zosta\u0142a dr hab. Sabina Olbrich-Szafraniec, prof. U\u015a z Instytutu Sztuk Muzycznych Wydzia\u0142u Sztuki i Nauk o Edukacji. Konkurs odbywaj\u0105cy si\u0119 co dwa lata, popularyzuje przede wszystkim tw\u00f3rczo\u015b\u0107 kompozytor\u00f3w wczesnego baroku Alessandro i Domenico Scarlattich. [&#8230;]<\/p>\n<p><a class=\"btn btn-secondary understrap-read-more-link\" href=\"https:\/\/us.edu.pl\/instytut\/ismuz\/2024\/12\/03\/dr-hab-sabina-olbrich-szafraniec-prof-us-w-jury-vilnius-international-youth-competition-premio-scarlatti\/\">Read More&#8230;<\/a><\/p>\n","protected":false},"author":110,"featured_media":4810,"comment_status":"open","ping_status":"open","sticky":false,"template":"","format":"standard","meta":{"_expiration-date-status":"","_expiration-date":0,"_expiration-date-type":"","_expiration-date-categories":[],"_expiration-date-options":[]},"categories":[8],"tags":[],"acf":[],"_links":{"self":[{"href":"https:\/\/us.edu.pl\/instytut\/ismuz\/wp-json\/wp\/v2\/posts\/4808"}],"collection":[{"href":"https:\/\/us.edu.pl\/instytut\/ismuz\/wp-json\/wp\/v2\/posts"}],"about":[{"href":"https:\/\/us.edu.pl\/instytut\/ismuz\/wp-json\/wp\/v2\/types\/post"}],"author":[{"embeddable":true,"href":"https:\/\/us.edu.pl\/instytut\/ismuz\/wp-json\/wp\/v2\/users\/110"}],"replies":[{"embeddable":true,"href":"https:\/\/us.edu.pl\/instytut\/ismuz\/wp-json\/wp\/v2\/comments?post=4808"}],"version-history":[{"count":1,"href":"https:\/\/us.edu.pl\/instytut\/ismuz\/wp-json\/wp\/v2\/posts\/4808\/revisions"}],"predecessor-version":[{"id":4816,"href":"https:\/\/us.edu.pl\/instytut\/ismuz\/wp-json\/wp\/v2\/posts\/4808\/revisions\/4816"}],"wp:featuredmedia":[{"embeddable":true,"href":"https:\/\/us.edu.pl\/instytut\/ismuz\/wp-json\/wp\/v2\/media\/4810"}],"wp:attachment":[{"href":"https:\/\/us.edu.pl\/instytut\/ismuz\/wp-json\/wp\/v2\/media?parent=4808"}],"wp:term":[{"taxonomy":"category","embeddable":true,"href":"https:\/\/us.edu.pl\/instytut\/ismuz\/wp-json\/wp\/v2\/categories?post=4808"},{"taxonomy":"post_tag","embeddable":true,"href":"https:\/\/us.edu.pl\/instytut\/ismuz\/wp-json\/wp\/v2\/tags?post=4808"}],"curies":[{"name":"wp","href":"https:\/\/api.w.org\/{rel}","templated":true}]}}