{"id":4824,"date":"2024-12-11T11:04:49","date_gmt":"2024-12-11T10:04:49","guid":{"rendered":"https:\/\/us.edu.pl\/instytut\/ismuz\/?p=4824"},"modified":"2024-12-11T11:04:49","modified_gmt":"2024-12-11T10:04:49","slug":"prawykonanie-na-slaskim-festiwalu-nauki","status":"publish","type":"post","link":"https:\/\/us.edu.pl\/instytut\/ismuz\/2024\/12\/11\/prawykonanie-na-slaskim-festiwalu-nauki\/","title":{"rendered":"Prawykonanie na \u015al\u0105skim Festiwalu Nauki"},"content":{"rendered":"<p>[vc_row][vc_column][vc_column_text]<span style=\"font-size: 12pt;\">Akademicka Orkiestra Kameralna pod dyrekcj\u0105 dr hab. Ma\u0142gorzaty Kaniowskiej, prof. U\u015a wsp\u00f3lnie z dr hab. Sabin\u0105 Olbrich-Szafraniec, prof. U\u015a oraz wybitn\u0105 \u015bl\u0105sk\u0105 wokalistk\u0105 Magdalen\u0105 Spytek-Stankiewicz wyst\u0105pi\u0142a w dniu 09.12 w ramach tegorocznej edycji \u015al\u0105skiego Festiwalu Nauki w Mi\u0119dzynarodowym Centrum Kongresowym w Katowicach. Koncert ten stanowi\u0142 ukoronowanie bada\u0144 artystycznych prowadzonych przez prof. M. Kaniowsk\u0105 oraz prof. S. Olbrich-Szafraniec, nad \u017cyciem i tw\u00f3rczo\u015bci\u0105 Paula Eugena Josefa Hartmanna von An der Lan-Hochbrunn, znanego szerzej jako Pater Hartmann. Podobnie jak podczas poprzednich koncert\u00f3w, i tym razem zosta\u0142a zaprezentowana \u015bwiatowa prapremiera dzie\u0142a tego kompozytora &#8211; &#8222;Sponsabo te&#8221; w opracowaniu autorskim Ma\u0142gorzaty Kaniowskiej na sopran, alt oraz orkiestr\u0119 smyczkow\u0105. Akademicka Orkiestra Kameralna z\u0142o\u017cona ze student\u00f3w kierunk\u00f3w &#8222;Edukacja artystyczna w zakresie sztuki muzycznej&#8221; oraz &#8222;Muzyka w multimediach&#8221;, po raz kolejny wzi\u0119\u0142a udzia\u0142 w prawykonaniu kompozycji tego tw\u00f3rcy. Parti\u0119 solow\u0105 w utworach orkiestrowych &#8211; &#8222;Melodia &#8211; Chorale&#8221; wykona\u0142 student I roku studi\u00f3w II stopnia &#8222;Edukacji artystycznej w zakresie sztuki muzycznej&#8221; &#8211; Piotr Szczotka. Projekt obj\u0105\u0142 cztery koncerty z udzia\u0142em zar\u00f3wno Akademickiej Orkiestry Kameralnej jak i Orkiestry Kameralnej &#8222;Camerata Impuls&#8221;, w ramach kt\u00f3rych zaprezentowano osiem prawykona\u0144, w tym &#8222;Msz\u0119&#8221; Patera Hartmanna w opracowaniu na sopran, alt i orkiestr\u0119 smyczkow\u0105. Cz\u0119\u015b\u0107 kompozycji zosta\u0142a zarejestrowana live podczas koncertu w Bazylice na G\u00f3rze \u015bw. Anny 09.11. br. Pozyskanie materia\u0142\u00f3w oraz zgoda na ich opracowanie by\u0142o mo\u017cliwe dzi\u0119ki nawi\u0105zaniu wsp\u00f3\u0142pracy mi\u0119dzynarodowej obu badaczek z Provinzarchiv w Hall in Tirol (Austria). Dzia\u0142ania powy\u017csze zosta\u0142y sfinansowane z programu &#8222;Swoboda bada\u0144 w mie\u015bcie Nauki&#8221; oraz po cz\u0119\u015bci ze \u015brodk\u00f3w na dzia\u0142alno\u015b\u0107 statutow\u0105 Instytutu Sztuk Muzycznych.<\/span>[\/vc_column_text][\/vc_column][\/vc_row][vc_row][vc_column]            \r\n                    <div class=\"container\">\r\n                        <div class=\"gallery gallery_4\" data-images-in-row=\"4\">\r\n                            \r\n                            <div class=\"row m-0\">\r\n                                <a data-fancybox-group=\"button\" title=\"\" data-fancybox=\"5118\" href=\"https:\/\/us.edu.pl\/instytut\/ismuz\/wp-content\/uploads\/sites\/54\/Bez-kategorii\/4-2.jpg\" class=\"gallery__item thumbnail\"\r\n                                    style=\"background-image: url(https:\/\/us.edu.pl\/instytut\/ismuz\/wp-content\/uploads\/sites\/54\/Bez-kategorii\/4-2-900x1200.jpg)\"> <span class=\"d-none\">https:\/\/us.edu.pl\/instytut\/ismuz\/wp-content\/uploads\/sites\/54\/Bez-kategorii\/4-2.jpg<\/span> <\/a><a data-fancybox-group=\"button\" title=\"\" data-fancybox=\"5118\" href=\"https:\/\/us.edu.pl\/instytut\/ismuz\/wp-content\/uploads\/sites\/54\/Bez-kategorii\/3-5.jpg\" class=\"gallery__item thumbnail\"\r\n                                    style=\"background-image: url(https:\/\/us.edu.pl\/instytut\/ismuz\/wp-content\/uploads\/sites\/54\/Bez-kategorii\/3-5-1200x900.jpg)\"> <span class=\"d-none\">https:\/\/us.edu.pl\/instytut\/ismuz\/wp-content\/uploads\/sites\/54\/Bez-kategorii\/3-5.jpg<\/span> <\/a><a data-fancybox-group=\"button\" title=\"\" data-fancybox=\"5118\" href=\"https:\/\/us.edu.pl\/instytut\/ismuz\/wp-content\/uploads\/sites\/54\/Bez-kategorii\/2-5.jpg\" class=\"gallery__item thumbnail\"\r\n                                    style=\"background-image: url(https:\/\/us.edu.pl\/instytut\/ismuz\/wp-content\/uploads\/sites\/54\/Bez-kategorii\/2-5-1200x884.jpg)\"> <span class=\"d-none\">https:\/\/us.edu.pl\/instytut\/ismuz\/wp-content\/uploads\/sites\/54\/Bez-kategorii\/2-5.jpg<\/span> <\/a><a data-fancybox-group=\"button\" title=\"\" data-fancybox=\"5118\" href=\"https:\/\/us.edu.pl\/instytut\/ismuz\/wp-content\/uploads\/sites\/54\/Bez-kategorii\/1-7.jpg\" class=\"gallery__item thumbnail\"\r\n                                    style=\"background-image: url(https:\/\/us.edu.pl\/instytut\/ismuz\/wp-content\/uploads\/sites\/54\/Bez-kategorii\/1-7.jpg)\"> <span class=\"d-none\">https:\/\/us.edu.pl\/instytut\/ismuz\/wp-content\/uploads\/sites\/54\/Bez-kategorii\/1-7.jpg<\/span> <\/a>\r\n                            <\/div>\r\n                    <\/div>\r\n                <\/div>[\/vc_column][\/vc_row]<\/p>","protected":false},"excerpt":{"rendered":"<p>[vc_row][vc_column][vc_column_text]Akademicka Orkiestra Kameralna pod dyrekcj\u0105 dr hab. Ma\u0142gorzaty Kaniowskiej, prof. U\u015a wsp\u00f3lnie z dr hab. Sabin\u0105 Olbrich-Szafraniec, prof. U\u015a oraz wybitn\u0105 \u015bl\u0105sk\u0105 wokalistk\u0105 Magdalen\u0105 Spytek-Stankiewicz wyst\u0105pi\u0142a w dniu 09.12 w ramach tegorocznej edycji \u015al\u0105skiego Festiwalu Nauki w Mi\u0119dzynarodowym Centrum Kongresowym w Katowicach. Koncert ten stanowi\u0142 ukoronowanie bada\u0144 artystycznych prowadzonych przez prof. M. Kaniowsk\u0105 oraz prof. [&#8230;]<\/p>\n<p><a class=\"btn btn-secondary understrap-read-more-link\" href=\"https:\/\/us.edu.pl\/instytut\/ismuz\/2024\/12\/11\/prawykonanie-na-slaskim-festiwalu-nauki\/\">Read More&#8230;<\/a><\/p>\n","protected":false},"author":110,"featured_media":4825,"comment_status":"open","ping_status":"open","sticky":false,"template":"","format":"standard","meta":{"_expiration-date-status":"","_expiration-date":0,"_expiration-date-type":"","_expiration-date-categories":[],"_expiration-date-options":[]},"categories":[8],"tags":[],"acf":[],"_links":{"self":[{"href":"https:\/\/us.edu.pl\/instytut\/ismuz\/wp-json\/wp\/v2\/posts\/4824"}],"collection":[{"href":"https:\/\/us.edu.pl\/instytut\/ismuz\/wp-json\/wp\/v2\/posts"}],"about":[{"href":"https:\/\/us.edu.pl\/instytut\/ismuz\/wp-json\/wp\/v2\/types\/post"}],"author":[{"embeddable":true,"href":"https:\/\/us.edu.pl\/instytut\/ismuz\/wp-json\/wp\/v2\/users\/110"}],"replies":[{"embeddable":true,"href":"https:\/\/us.edu.pl\/instytut\/ismuz\/wp-json\/wp\/v2\/comments?post=4824"}],"version-history":[{"count":1,"href":"https:\/\/us.edu.pl\/instytut\/ismuz\/wp-json\/wp\/v2\/posts\/4824\/revisions"}],"predecessor-version":[{"id":4837,"href":"https:\/\/us.edu.pl\/instytut\/ismuz\/wp-json\/wp\/v2\/posts\/4824\/revisions\/4837"}],"wp:featuredmedia":[{"embeddable":true,"href":"https:\/\/us.edu.pl\/instytut\/ismuz\/wp-json\/wp\/v2\/media\/4825"}],"wp:attachment":[{"href":"https:\/\/us.edu.pl\/instytut\/ismuz\/wp-json\/wp\/v2\/media?parent=4824"}],"wp:term":[{"taxonomy":"category","embeddable":true,"href":"https:\/\/us.edu.pl\/instytut\/ismuz\/wp-json\/wp\/v2\/categories?post=4824"},{"taxonomy":"post_tag","embeddable":true,"href":"https:\/\/us.edu.pl\/instytut\/ismuz\/wp-json\/wp\/v2\/tags?post=4824"}],"curies":[{"name":"wp","href":"https:\/\/api.w.org\/{rel}","templated":true}]}}