{"id":5012,"date":"2025-02-12T12:29:36","date_gmt":"2025-02-12T11:29:36","guid":{"rendered":"https:\/\/us.edu.pl\/instytut\/ismuz\/?p=5012"},"modified":"2025-02-12T12:44:38","modified_gmt":"2025-02-12T11:44:38","slug":"dwa-srebrne-medale-dla-choru-zenskiego-melodia-pod-dyrekcja-dr-hab-aleksandry-zeman-prof-us-na-miedzynarodowym-konkursie-choralnym-w-grecji","status":"publish","type":"post","link":"https:\/\/us.edu.pl\/instytut\/ismuz\/2025\/02\/12\/dwa-srebrne-medale-dla-choru-zenskiego-melodia-pod-dyrekcja-dr-hab-aleksandry-zeman-prof-us-na-miedzynarodowym-konkursie-choralnym-w-grecji\/","title":{"rendered":"Dwa srebrne medale dla Ch\u00f3ru \u017be\u0144skiego \u201eMelodia\u201d pod dyrekcj\u0105 dr hab. Aleksandry Zeman, prof. U\u015a na Mi\u0119dzynarodowym Konkursie Ch\u00f3ralnym  w Grecji"},"content":{"rendered":"<p>[vc_row][vc_column][vc_column_text]<span style=\"font-size: 12pt;\">Ch\u00f3r \u017be\u0144ski \u201eMelodia\u201d dzia\u0142aj\u0105cy przy Polskim Zwi\u0105zku Kulturalno-O\u015bwiatowym w Nawsiu, w Republice Czeskiej, wzi\u0105\u0142 udzia\u0142 w presti\u017cowym 5 Mi\u0119dzynarodowym Konkursie Ch\u00f3ralnym i Festiwalu w Kalamacie, w Grecji (5th Kalamata International Choir Competition &amp; Festival Kalamata, Greece), na kt\u00f3rym zdoby\u0142 dwa srebrne medale w kategorii <strong>Folklor<\/strong> oraz w kategorii <strong>Ch\u00f3ry jednorodne.<\/strong> Wydarzenie odby\u0142o si\u0119 w dniach 10-14 pa\u017adziernika 2024. W konkursie wzi\u0119\u0142o udzia\u0142 26 ch\u00f3r\u00f3w z 18 kraj\u00f3w, w koncertach festiwalowych zaprezentowa\u0142o si\u0119 28 zespo\u0142\u00f3w. Przewa\u017ca\u0142y ch\u00f3ry akademickie, m\u0142odzie\u017cowe na bardzo wysokim poziomie. By\u0142y te\u017c bardzo dobre grupy dzieci\u0119ce. Organizatorem jest INTERKULTUR &#8211; wiod\u0105cy organizator mi\u0119dzynarodowych konkurs\u00f3w i festiwali ch\u00f3ralnych od 1988 roku. Konkurs zorganizowano w formie \u015awiatowych Igrzysk Ch\u00f3ralnych. Odbywaj\u0105 si\u0119 one co dwa lata na r\u00f3\u017cnych kontynentach. Udzia\u0142 w \u00a0konkursie by\u0142 doskona\u0142\u0105 okazj\u0105 do nawi\u0105zania nowych kontakt\u00f3w i poszerzenia horyzont\u00f3w artystycznych.<\/span><\/p>\n<blockquote class=\"wp-embedded-content\" data-secret=\"RdAwA1Bp09\"><p><a href=\"https:\/\/zwrot.cz\/2024\/10\/chor-melodia-swietuje-sukces-w-grecji-dwa-srebrne-dyplomy-na-miedzynarodowym-festiwalu-w-kalamacie\/\">Ch\u00f3r Melodia \u015bwi\u0119tuje sukces w Grecji. Dwa srebrne dyplomy na mi\u0119dzynarodowym konkursie w Kalamacie!<\/a><\/p><\/blockquote>\n<p><iframe class=\"wp-embedded-content\" sandbox=\"allow-scripts\" security=\"restricted\" style=\"position: absolute; clip: rect(1px, 1px, 1px, 1px);\" title=\"&#8222;Ch\u00f3r Melodia \u015bwi\u0119tuje sukces w Grecji. Dwa srebrne dyplomy na mi\u0119dzynarodowym konkursie w Kalamacie!&#8221; &#8212; zwrot.cz\" src=\"https:\/\/zwrot.cz\/2024\/10\/chor-melodia-swietuje-sukces-w-grecji-dwa-srebrne-dyplomy-na-miedzynarodowym-festiwalu-w-kalamacie\/embed\/#?secret=3T7FUvgqaM#?secret=RdAwA1Bp09\" data-secret=\"RdAwA1Bp09\" width=\"600\" height=\"338\" frameborder=\"0\" marginwidth=\"0\" marginheight=\"0\" scrolling=\"no\"><\/iframe><\/p>\n<p class=\"html-h1 xdj266r x11i5rnm xat24cr x1mh8g0r xexx8yu x4uap5 x18d9i69 xkhd6sd x1vvkbs x1heor9g x1qlqyl8 x1pd3egz x1a2a7pz\"><a href=\"https:\/\/glos.live\/Kultura\/d\/nawsie_podwojny_grecki_sukces_choru_melodia\/?fbclid=IwY2xjawHMPEZleHRuA2FlbQIxMQABHbQ0NKUskoGN46KNnueVGEbYbZcIo2ljk0KwYNnKdMzlQvzp2dX4hQ3TeA_aem_JJPx-NEszDE3B7P34m-8lg\"><span style=\"font-size: 12pt;\">G\u0142os &#8211; Gazeta Polak\u00f3w w Republice Czeskiej <\/span><span style=\"font-size: 12pt;\">Nawsie: Podw\u00f3jny grecki sukces ch\u00f3ru \u00bbMelodia\u00ab<\/span><\/a><\/p>\n<p><span style=\"font-size: 12pt;\">Foto: Bogdan Rajski<\/span>[\/vc_column_text][\/vc_column][\/vc_row][vc_row][vc_column]            \r\n                    <div class=\"container\">\r\n                        <div class=\"gallery gallery_4\" data-images-in-row=\"4\">\r\n                            \r\n                            <div class=\"row m-0\">\r\n                                <a data-fancybox-group=\"button\" title=\"\" data-fancybox=\"5451\" href=\"https:\/\/us.edu.pl\/instytut\/ismuz\/wp-content\/uploads\/sites\/54\/Bez-kategorii\/IMG-20241011-WA0033.jpg\" class=\"gallery__item thumbnail\"\r\n                                    style=\"background-image: url(https:\/\/us.edu.pl\/instytut\/ismuz\/wp-content\/uploads\/sites\/54\/Bez-kategorii\/IMG-20241011-WA0033-1200x900.jpg)\"> <span class=\"d-none\">https:\/\/us.edu.pl\/instytut\/ismuz\/wp-content\/uploads\/sites\/54\/Bez-kategorii\/IMG-20241011-WA0033.jpg<\/span> <\/a><a data-fancybox-group=\"button\" title=\"\" data-fancybox=\"5451\" href=\"https:\/\/us.edu.pl\/instytut\/ismuz\/wp-content\/uploads\/sites\/54\/Bez-kategorii\/IMG-20241126-WA0008.jpg\" class=\"gallery__item thumbnail\"\r\n                                    style=\"background-image: url(https:\/\/us.edu.pl\/instytut\/ismuz\/wp-content\/uploads\/sites\/54\/Bez-kategorii\/IMG-20241126-WA0008-1200x800.jpg)\"> <span class=\"d-none\">https:\/\/us.edu.pl\/instytut\/ismuz\/wp-content\/uploads\/sites\/54\/Bez-kategorii\/IMG-20241126-WA0008.jpg<\/span> <\/a><a data-fancybox-group=\"button\" title=\"\" data-fancybox=\"5451\" href=\"https:\/\/us.edu.pl\/instytut\/ismuz\/wp-content\/uploads\/sites\/54\/Bez-kategorii\/IMG-20241126-WA0009.jpg\" class=\"gallery__item thumbnail\"\r\n                                    style=\"background-image: url(https:\/\/us.edu.pl\/instytut\/ismuz\/wp-content\/uploads\/sites\/54\/Bez-kategorii\/IMG-20241126-WA0009-1200x800.jpg)\"> <span class=\"d-none\">https:\/\/us.edu.pl\/instytut\/ismuz\/wp-content\/uploads\/sites\/54\/Bez-kategorii\/IMG-20241126-WA0009.jpg<\/span> <\/a><a data-fancybox-group=\"button\" title=\"\" data-fancybox=\"5451\" href=\"https:\/\/us.edu.pl\/instytut\/ismuz\/wp-content\/uploads\/sites\/54\/Bez-kategorii\/IMG-20241126-WA0011.jpg\" class=\"gallery__item thumbnail\"\r\n                                    style=\"background-image: url(https:\/\/us.edu.pl\/instytut\/ismuz\/wp-content\/uploads\/sites\/54\/Bez-kategorii\/IMG-20241126-WA0011-1200x800.jpg)\"> <span class=\"d-none\">https:\/\/us.edu.pl\/instytut\/ismuz\/wp-content\/uploads\/sites\/54\/Bez-kategorii\/IMG-20241126-WA0011.jpg<\/span> <\/a>\r\n                            <\/div>\r\n                    <\/div>\r\n                <\/div>[\/vc_column][\/vc_row]<\/p>","protected":false},"excerpt":{"rendered":"<p>[vc_row][vc_column][vc_column_text]Ch\u00f3r \u017be\u0144ski \u201eMelodia\u201d dzia\u0142aj\u0105cy przy Polskim Zwi\u0105zku Kulturalno-O\u015bwiatowym w Nawsiu, w Republice Czeskiej, wzi\u0105\u0142 udzia\u0142 w presti\u017cowym 5 Mi\u0119dzynarodowym Konkursie Ch\u00f3ralnym i Festiwalu w Kalamacie, w Grecji (5th Kalamata International Choir Competition &amp; Festival Kalamata, Greece), na kt\u00f3rym zdoby\u0142 dwa srebrne medale w kategorii Folklor oraz w kategorii Ch\u00f3ry jednorodne. Wydarzenie odby\u0142o si\u0119 w dniach [&#8230;]<\/p>\n<p><a class=\"btn btn-secondary understrap-read-more-link\" href=\"https:\/\/us.edu.pl\/instytut\/ismuz\/2025\/02\/12\/dwa-srebrne-medale-dla-choru-zenskiego-melodia-pod-dyrekcja-dr-hab-aleksandry-zeman-prof-us-na-miedzynarodowym-konkursie-choralnym-w-grecji\/\">Read More&#8230;<\/a><\/p>\n","protected":false},"author":110,"featured_media":5016,"comment_status":"open","ping_status":"open","sticky":false,"template":"","format":"standard","meta":{"_expiration-date-status":"","_expiration-date":0,"_expiration-date-type":"","_expiration-date-categories":[],"_expiration-date-options":[]},"categories":[8],"tags":[],"acf":[],"_links":{"self":[{"href":"https:\/\/us.edu.pl\/instytut\/ismuz\/wp-json\/wp\/v2\/posts\/5012"}],"collection":[{"href":"https:\/\/us.edu.pl\/instytut\/ismuz\/wp-json\/wp\/v2\/posts"}],"about":[{"href":"https:\/\/us.edu.pl\/instytut\/ismuz\/wp-json\/wp\/v2\/types\/post"}],"author":[{"embeddable":true,"href":"https:\/\/us.edu.pl\/instytut\/ismuz\/wp-json\/wp\/v2\/users\/110"}],"replies":[{"embeddable":true,"href":"https:\/\/us.edu.pl\/instytut\/ismuz\/wp-json\/wp\/v2\/comments?post=5012"}],"version-history":[{"count":5,"href":"https:\/\/us.edu.pl\/instytut\/ismuz\/wp-json\/wp\/v2\/posts\/5012\/revisions"}],"predecessor-version":[{"id":5034,"href":"https:\/\/us.edu.pl\/instytut\/ismuz\/wp-json\/wp\/v2\/posts\/5012\/revisions\/5034"}],"wp:featuredmedia":[{"embeddable":true,"href":"https:\/\/us.edu.pl\/instytut\/ismuz\/wp-json\/wp\/v2\/media\/5016"}],"wp:attachment":[{"href":"https:\/\/us.edu.pl\/instytut\/ismuz\/wp-json\/wp\/v2\/media?parent=5012"}],"wp:term":[{"taxonomy":"category","embeddable":true,"href":"https:\/\/us.edu.pl\/instytut\/ismuz\/wp-json\/wp\/v2\/categories?post=5012"},{"taxonomy":"post_tag","embeddable":true,"href":"https:\/\/us.edu.pl\/instytut\/ismuz\/wp-json\/wp\/v2\/tags?post=5012"}],"curies":[{"name":"wp","href":"https:\/\/api.w.org\/{rel}","templated":true}]}}