{"id":5126,"date":"2025-03-01T11:30:51","date_gmt":"2025-03-01T10:30:51","guid":{"rendered":"https:\/\/us.edu.pl\/instytut\/ismuz\/?p=5126"},"modified":"2025-04-07T09:45:54","modified_gmt":"2025-04-07T07:45:54","slug":"5126","status":"publish","type":"post","link":"https:\/\/us.edu.pl\/instytut\/ismuz\/2025\/03\/01\/5126\/","title":{"rendered":"Lekcje otwarte dla kandydat\u00f3w na studia"},"content":{"rendered":"<p>[vc_row][vc_column][vc_column_text]<span style=\"font-size: 12pt;\"><strong>Instytut Sztuk Muzycznych <\/strong>zaprasza w kwietniu na <strong>lekcje otwarte. <\/strong>Mo\u017cecie sprawdzi\u0107 co i\u00a0 jak studiuje si\u0119 na Wydziale Sztuki i Nauk o Edukacji, na kierunkach zwi\u0105zanych z muzyk\u0105. Zaj\u0119cia poprowadz\u0105 wyk\u0142adowcy na kierunkach: <strong>edukacja artystyczna w zakresie sztuki muzycznej<\/strong> oraz <strong>muzyka w multimediach.<\/strong><\/span>[\/vc_column_text][\/vc_column][\/vc_row][vc_row][vc_column]\r\n                <div class=\"text-modules \">\r\n                    <div class=\"container\">\r\n                         \r\n                        <div class=\"row m-0\">\r\n                            <div class=\"text-modules__content\">\r\n                                <span style=\"font-size: 12pt;\"><strong><span style=\"font-size: 14pt;\">kierunek: edukacja artystyczna w zakresie sztuki muzycznej<\/span><br \/>\n<\/strong><\/span><\/p>\n<ul>\n<li><span style=\"font-size: 12pt;\"><strong>pr\u00f3ba ch\u00f3ru\/warsztaty<\/strong> <\/span><br \/>\n<span style=\"font-size: 12pt;\">prof. dr hab. Joanna Glenc, mgr Karolina Pukowiec, doktorantka Szko\u0142y Doktorskiej U\u015a<\/span><br \/>\n<span style=\"font-size: 12pt;\">ka\u017cda \u015broda kwietnia, godz. 15.30-17.00, sala: B2.1<\/span><\/li>\n<li><span style=\"font-size: 12pt;\"><strong>\u0107wiczenia: Osobowo\u015b\u0107 wokalisty w przestrzeni muzyki rozrywkowej XXI wieku<br \/>\n<\/strong>dr hab. Bartosz Listwan, prof. U\u015a<\/span><br \/>\n<span style=\"font-size: 12pt;\">ka\u017cdy poniedzia\u0142ek kwietnia, godz. 9.00-13.00; sala H0.3<\/span><\/li>\n<li><span style=\"font-size: 12pt;\"><strong>lekcje skrzypiec<br \/>\n<\/strong>dr hab. Adam Wagner <\/span><br \/>\n<span style=\"font-size: 12pt;\">ka\u017cda \u015broda kwietnia, godz. 9.45-12.00; sala B4.30<\/span><\/li>\n<li><span style=\"font-size: 12pt;\"><strong>lekcje \u015bpiewu klasycznego<br \/>\n<\/strong>dr hab. Sabina Olbrich-Szafraniec, prof. U\u015a<strong><br \/>\n<\/strong>7.04; 14.04; 28.04.25, godz. 12.00-13.00; sala B4.46<\/span><\/li>\n<li><span style=\"font-size: 12pt;\"><strong>skrzypce \u2013 profil klasyczny i rozrywkowy<\/strong> <\/span><br \/>\n<span style=\"font-size: 12pt;\">dr Marcin Ha\u0142at<strong><br \/>\n<\/strong>ka\u017cdy poniedzia\u0142ek kwietnia, godz. 9.45-12.15; sala B4.32 (profil klasyczny i rozrywkowy) ka\u017cdy wtorek kwietnia, godz. 8.00-12.15; sala B4.32 (profil klasyczny i rozrywkowy),\u00a0 <\/span><br \/>\n<span style=\"font-size: 12pt;\">ka\u017cda \u015broda, godz. 8.45-11.30; sala B4.32 (profil rozrywkowy)<\/span><\/li>\n<li><span style=\"font-size: 12pt;\"><strong>zaj\u0119cia muzyczno-ruchowe \/ animacja ruchu i ta\u0144ca <\/strong><strong><br \/>\n<\/strong>dr Ewa Bogdanowicz, prof. U\u015a <\/span><br \/>\n<span style=\"font-size: 12pt;\">3.04. i 10.04.25, godz. 10.30-12.00, sala D 123 (baletowa); animacja ruchu i ta\u0144ca. <strong><br \/>\n<\/strong>3.04. i 10.04.25, godz.13.45-15.15; sala D 123 (baletowa); zaj\u0119cia muzyczno-ruchowe<\/span><\/li>\n<li><span style=\"font-size: 12pt;\"><strong>lekcje gry na organach<br \/>\n<\/strong>mgr Ewelina Bachul-Ciencia\u0142a<\/span><br \/>\n<span style=\"font-size: 12pt;\">1.04. i 8.04.25, godz.9.00-11.15; sala B2.1.<\/span><\/li>\n<li><span style=\"font-size: 12pt;\"><strong>przedmiot g\u0142\u00f3wny z literatur\u0105 (fortepian)<br \/>\n<\/strong>dr Grzegorz Niemczuk<\/span><br \/>\n<span style=\"font-size: 12pt;\">ka\u017cdy poniedzia\u0142ek kwietnia, godz. 17.00-18.30; sala B4.36<\/span><\/li>\n<li><span style=\"font-size: 12pt;\"><strong>lekcje fortepianu<\/strong><\/span><br \/>\n<span style=\"font-size: 12pt;\">dr hab. Anna Kijanowska, prof. U\u015a<\/span><br \/>\n<span style=\"font-size: 12pt;\">ka\u017cda \u015broda kwietnia, godz. 8.30-9.30 i 13.00-13.45, sala B4.40<\/span><\/li>\n<li><span style=\"font-size: 12pt;\"><strong>otwarte pr\u00f3by Cieszy\u0144skiej Orkiestry D\u0119tej Uniwersytetu \u015al\u0105skiego<br \/>\n<\/strong>dr hab. Karol Pyka, prof. U\u015a<\/span><br \/>\n<span style=\"font-size: 12pt;\">ka\u017cda \u015broda, godz. 19.00, sala H0.3<\/span><\/li>\n<li><span style=\"font-size: 12pt;\"><strong>lekcje dyrygowania<br \/>\n<\/strong>dr Anna Ko\u0142owska<\/span><br \/>\n<span style=\"font-size: 12pt;\">ka\u017cdy wtorek, godz. 9.45-10.30 oraz 11.30-13.00; sala B4.47<strong><br \/>\n<\/strong>ka\u017cda \u015broda, godz. 8.45-9.30; 9.45-10.30; 11.30-12.15, sala B4.46<\/span><\/li>\n<li><span style=\"font-size: 12pt;\"><strong>lekcje saksofonu<br \/>\n<\/strong>dr Marcin \u017bupa\u0144ski<\/span><br \/>\n<span style=\"font-size: 12pt;\">ka\u017cda \u015broda kwietnia, godz. 12.15-13.45; sala H0.4<\/span><\/li>\n<li><span style=\"font-size: 12pt;\"><strong>Dyrygowanie z czytaniem partytur<\/strong><\/span><br \/>\n<span style=\"font-size: 12pt;\">dr Danuta Zo\u0144-Ciuk, prof. U\u015a<\/span><br \/>\n<span style=\"font-size: 12pt;\">ka\u017cdy wtorek, godz. 8.00-8.45, 9.45-10.30; sala B1.15<\/span><\/li>\n<li><span style=\"font-size: 12pt;\"><strong>Fortepian w muzyce jazzowej, rozrywkowej i improwizowanej<\/strong><\/span><br \/>\n<span style=\"font-size: 12pt;\">mgr Piotr Matusik<\/span><br \/>\n<span style=\"font-size: 12pt;\">wtorek 15.04 i 29.04, godz. 10.00-10.45, 11.30-12.15, 12.15-13.00; sala H1.2<\/span><\/li>\n<\/ul>\n<div class=\"mt-3\"><\/div>\r\n                            <\/div>\r\n                            \r\n                            <div class=\"text-modules__img\"><img src=\"https:\/\/us.edu.pl\/instytut\/ismuz\/wp-content\/uploads\/sites\/54\/Bez-kategorii\/DSC03932.jpg\" alt=\"img\"><\/div>\r\n                        <\/div>\r\n                    <\/div>\r\n                <\/div>[\/vc_column][\/vc_row][vc_row][vc_column]\r\n                <div class=\"text-modules \">\r\n                    <div class=\"container\">\r\n                         \r\n                        <div class=\"row m-0\">\r\n                            <div class=\"text-modules__content\">\r\n                                <span style=\"font-size: 14pt;\"><strong>kierunek: muzyka w multimediach<\/strong><\/span><\/p>\n<ul>\n<li><span style=\"font-size: 12pt;\"><strong>edukacja w zakresie sztuki muzycznej: obs\u0142uga program\u00f3w DAW<\/strong><strong><br \/>\n<\/strong>mgr in\u017c. Paulina Bielesz<\/span><br \/>\n<span style=\"font-size: 12pt;\">9.04.25, godz. 12.15-13.45; sala H2.1<\/span><\/li>\n<li><span style=\"font-size: 12pt;\"><strong>solfe\u017c barwy<\/strong> <\/span><br \/>\n<span style=\"font-size: 12pt;\">mgr in\u017c. Paulina Bielesz<\/span><br \/>\n<span style=\"font-size: 12pt;\">16.04.25, godz. 8.45-9.30; sala H2.1<\/span><\/li>\n<li><span style=\"font-size: 12pt;\"><strong>projektowanie d\u017awi\u0119ku<\/strong> <\/span><br \/>\n<span style=\"font-size: 12pt;\">mgr in\u017c. Paulina Bielesz<\/span><br \/>\n<span style=\"font-size: 12pt;\">16.04.25, godz. 9.45-11.15; sala H2.1<\/span><\/li>\n<li><span style=\"font-size: 12pt;\"><strong>techniki cyfrowe d\u017awi\u0119ku<\/strong><\/span><br \/>\n<span style=\"font-size: 12pt;\">mgr in\u017c. Paulina Bielesz<\/span><br \/>\n<span style=\"font-size: 12pt;\">24.04.25, godz. 11.30-13.00, sala H2.1<\/span><\/li>\n<li><span style=\"font-size: 12pt;\"><strong>literatura kierunkowa (muzyka filmowa)<br \/>\n<\/strong>dr Dariusz G\u00f3rniok<\/span><br \/>\n<span style=\"font-size: 12pt;\">24.04.25, godz. 9.45; sala B-1.16<\/span><\/li>\n<li><span style=\"font-size: 12pt;\"><strong>nagrywanie i przetwarzanie efekt\u00f3w d\u017awi\u0119kowych<br \/>\n<\/strong>mgr Marian Czarnecki<\/span><br \/>\n<span style=\"font-size: 12pt;\">16.04. i 23. 04.25, godz. 14.45, sala H2.10<\/span><\/li>\n<\/ul>\n<div class=\"mt-3\"><\/div>\r\n                            <\/div>\r\n                            \r\n                            <div class=\"text-modules__img\"><img src=\"https:\/\/us.edu.pl\/instytut\/ismuz\/wp-content\/uploads\/sites\/54\/Bez-kategorii\/konsola.jpg\" alt=\"img\"><\/div>\r\n                        <\/div>\r\n                    <\/div>\r\n                <\/div>[\/vc_column][\/vc_row]<\/p>","protected":false},"excerpt":{"rendered":"<p>[vc_row][vc_column][vc_column_text]Instytut Sztuk Muzycznych zaprasza w kwietniu na lekcje otwarte. Mo\u017cecie sprawdzi\u0107 co i\u00a0 jak studiuje si\u0119 na Wydziale Sztuki i Nauk o Edukacji, na kierunkach zwi\u0105zanych z muzyk\u0105. Zaj\u0119cia poprowadz\u0105 wyk\u0142adowcy na kierunkach: edukacja artystyczna w zakresie sztuki muzycznej oraz muzyka w multimediach.[\/vc_column_text][\/vc_column][\/vc_row][vc_row][vc_column][\/vc_column][\/vc_row][vc_row][vc_column][\/vc_column][\/vc_row] [&#8230;]<\/p>\n<p><a class=\"btn btn-secondary understrap-read-more-link\" href=\"https:\/\/us.edu.pl\/instytut\/ismuz\/2025\/03\/01\/5126\/\">Read More&#8230;<\/a><\/p>\n","protected":false},"author":110,"featured_media":5142,"comment_status":"open","ping_status":"open","sticky":false,"template":"","format":"standard","meta":{"_expiration-date-status":"","_expiration-date":0,"_expiration-date-type":"","_expiration-date-categories":[],"_expiration-date-options":[]},"categories":[8],"tags":[],"acf":[],"_links":{"self":[{"href":"https:\/\/us.edu.pl\/instytut\/ismuz\/wp-json\/wp\/v2\/posts\/5126"}],"collection":[{"href":"https:\/\/us.edu.pl\/instytut\/ismuz\/wp-json\/wp\/v2\/posts"}],"about":[{"href":"https:\/\/us.edu.pl\/instytut\/ismuz\/wp-json\/wp\/v2\/types\/post"}],"author":[{"embeddable":true,"href":"https:\/\/us.edu.pl\/instytut\/ismuz\/wp-json\/wp\/v2\/users\/110"}],"replies":[{"embeddable":true,"href":"https:\/\/us.edu.pl\/instytut\/ismuz\/wp-json\/wp\/v2\/comments?post=5126"}],"version-history":[{"count":9,"href":"https:\/\/us.edu.pl\/instytut\/ismuz\/wp-json\/wp\/v2\/posts\/5126\/revisions"}],"predecessor-version":[{"id":5170,"href":"https:\/\/us.edu.pl\/instytut\/ismuz\/wp-json\/wp\/v2\/posts\/5126\/revisions\/5170"}],"wp:featuredmedia":[{"embeddable":true,"href":"https:\/\/us.edu.pl\/instytut\/ismuz\/wp-json\/wp\/v2\/media\/5142"}],"wp:attachment":[{"href":"https:\/\/us.edu.pl\/instytut\/ismuz\/wp-json\/wp\/v2\/media?parent=5126"}],"wp:term":[{"taxonomy":"category","embeddable":true,"href":"https:\/\/us.edu.pl\/instytut\/ismuz\/wp-json\/wp\/v2\/categories?post=5126"},{"taxonomy":"post_tag","embeddable":true,"href":"https:\/\/us.edu.pl\/instytut\/ismuz\/wp-json\/wp\/v2\/tags?post=5126"}],"curies":[{"name":"wp","href":"https:\/\/api.w.org\/{rel}","templated":true}]}}