{"id":5248,"date":"2025-05-14T14:13:39","date_gmt":"2025-05-14T12:13:39","guid":{"rendered":"https:\/\/us.edu.pl\/instytut\/ismuz\/?p=5248"},"modified":"2025-05-14T14:19:26","modified_gmt":"2025-05-14T12:19:26","slug":"koncert-pamieci-dr-hab-bogumily-faustyny-dunikowskiej-prof-us","status":"publish","type":"post","link":"https:\/\/us.edu.pl\/instytut\/ismuz\/2025\/05\/14\/koncert-pamieci-dr-hab-bogumily-faustyny-dunikowskiej-prof-us\/","title":{"rendered":"Koncert pami\u0119ci dr hab. Bogumi\u0142y-Faustyny Dunikowskiej, prof. U\u015a"},"content":{"rendered":"<p>[vc_row][vc_column][vc_column_text]<span style=\"font-size: 12pt;\">We wtorek, 20 maja w ko\u015bciele \u015bw. El\u017cbiety w Cieszynie, ramach cyklu \u201eKompozytorzy \u015al\u0105ska Cieszy\u0144skiego\u201d odb\u0119dzie si\u0119 koncert pami\u0119ci\u00a0 dr hab. B.F. Dunikowskiej, prof. U\u015a, zmar\u0142ej w 2024 roku organistki, pianistki, improwizatorki, kompozytorki, zwi\u0105zanej wieloletni\u0105 prac\u0105\u00a0 pedagogiczn\u0105, artystyczn\u0105 i naukow\u0105 z Instytutem Sztuk Muzycznych. W programie koncertu us\u0142yszmy kompozycje B.F. Dunikowskiej, m.in. Prawykonanie <strong>\u201ePostludium w dawnym stylu\u201d<\/strong> na skrzypce solo, a tak\u017ce utwory innych kompozytor\u00f3w zwi\u0105zanych z Ziemi\u0105 Cieszy\u0144sk\u0105: J. \u015awidra, J. Sztwiertni, J. Podoli, A. H\u0142awiczki, J. Gawlasa.\u00a0 <strong>ZAPRASZAMY!<\/strong><\/span><\/p>\n<p style=\"text-align: center;\"><a href=\"https:\/\/us.edu.pl\/instytut\/ismuz\/wp-content\/uploads\/sites\/54\/Bez-kategorii\/Kompozytorzy-Slaska-Cieszynskiego-plakat.jpeg\"><img class=\"alignnone wp-image-5250 size-large\" src=\"https:\/\/us.edu.pl\/instytut\/ismuz\/wp-content\/uploads\/sites\/54\/Bez-kategorii\/Kompozytorzy-Slaska-Cieszynskiego-plakat-850x1200.jpeg\" alt=\"Kompozytorzy \u015al\u0105ska Cieszy\u0144skiego-plakat\" width=\"640\" height=\"904\" srcset=\"https:\/\/us.edu.pl\/instytut\/ismuz\/wp-content\/uploads\/sites\/54\/Bez-kategorii\/Kompozytorzy-Slaska-Cieszynskiego-plakat-850x1200.jpeg 850w, https:\/\/us.edu.pl\/instytut\/ismuz\/wp-content\/uploads\/sites\/54\/Bez-kategorii\/Kompozytorzy-Slaska-Cieszynskiego-plakat-566x800.jpeg 566w, https:\/\/us.edu.pl\/instytut\/ismuz\/wp-content\/uploads\/sites\/54\/Bez-kategorii\/Kompozytorzy-Slaska-Cieszynskiego-plakat-768x1085.jpeg 768w, https:\/\/us.edu.pl\/instytut\/ismuz\/wp-content\/uploads\/sites\/54\/Bez-kategorii\/Kompozytorzy-Slaska-Cieszynskiego-plakat-1088x1536.jpeg 1088w, https:\/\/us.edu.pl\/instytut\/ismuz\/wp-content\/uploads\/sites\/54\/Bez-kategorii\/Kompozytorzy-Slaska-Cieszynskiego-plakat-407x575.jpeg 407w, https:\/\/us.edu.pl\/instytut\/ismuz\/wp-content\/uploads\/sites\/54\/Bez-kategorii\/Kompozytorzy-Slaska-Cieszynskiego-plakat.jpeg 1450w\" sizes=\"(max-width: 640px) 100vw, 640px\" \/><\/a><\/p>\n<p>[\/vc_column_text][\/vc_column][\/vc_row]<\/p>","protected":false},"excerpt":{"rendered":"<p>[vc_row][vc_column][vc_column_text]We wtorek, 20 maja w ko\u015bciele \u015bw. El\u017cbiety w Cieszynie, ramach cyklu \u201eKompozytorzy \u015al\u0105ska Cieszy\u0144skiego\u201d odb\u0119dzie si\u0119 koncert pami\u0119ci\u00a0 dr hab. B.F. Dunikowskiej, prof. U\u015a, zmar\u0142ej w 2024 roku organistki, pianistki, improwizatorki, kompozytorki, zwi\u0105zanej wieloletni\u0105 prac\u0105\u00a0 pedagogiczn\u0105, artystyczn\u0105 i naukow\u0105 z Instytutem Sztuk Muzycznych. W programie koncertu us\u0142yszmy kompozycje B.F. Dunikowskiej, m.in. Prawykonanie \u201ePostludium w [&#8230;]<\/p>\n<p><a class=\"btn btn-secondary understrap-read-more-link\" href=\"https:\/\/us.edu.pl\/instytut\/ismuz\/2025\/05\/14\/koncert-pamieci-dr-hab-bogumily-faustyny-dunikowskiej-prof-us\/\">Read More&#8230;<\/a><\/p>\n","protected":false},"author":110,"featured_media":5250,"comment_status":"open","ping_status":"open","sticky":false,"template":"","format":"standard","meta":{"_expiration-date-status":"","_expiration-date":0,"_expiration-date-type":"","_expiration-date-categories":[],"_expiration-date-options":[]},"categories":[8],"tags":[],"acf":[],"_links":{"self":[{"href":"https:\/\/us.edu.pl\/instytut\/ismuz\/wp-json\/wp\/v2\/posts\/5248"}],"collection":[{"href":"https:\/\/us.edu.pl\/instytut\/ismuz\/wp-json\/wp\/v2\/posts"}],"about":[{"href":"https:\/\/us.edu.pl\/instytut\/ismuz\/wp-json\/wp\/v2\/types\/post"}],"author":[{"embeddable":true,"href":"https:\/\/us.edu.pl\/instytut\/ismuz\/wp-json\/wp\/v2\/users\/110"}],"replies":[{"embeddable":true,"href":"https:\/\/us.edu.pl\/instytut\/ismuz\/wp-json\/wp\/v2\/comments?post=5248"}],"version-history":[{"count":2,"href":"https:\/\/us.edu.pl\/instytut\/ismuz\/wp-json\/wp\/v2\/posts\/5248\/revisions"}],"predecessor-version":[{"id":5255,"href":"https:\/\/us.edu.pl\/instytut\/ismuz\/wp-json\/wp\/v2\/posts\/5248\/revisions\/5255"}],"wp:featuredmedia":[{"embeddable":true,"href":"https:\/\/us.edu.pl\/instytut\/ismuz\/wp-json\/wp\/v2\/media\/5250"}],"wp:attachment":[{"href":"https:\/\/us.edu.pl\/instytut\/ismuz\/wp-json\/wp\/v2\/media?parent=5248"}],"wp:term":[{"taxonomy":"category","embeddable":true,"href":"https:\/\/us.edu.pl\/instytut\/ismuz\/wp-json\/wp\/v2\/categories?post=5248"},{"taxonomy":"post_tag","embeddable":true,"href":"https:\/\/us.edu.pl\/instytut\/ismuz\/wp-json\/wp\/v2\/tags?post=5248"}],"curies":[{"name":"wp","href":"https:\/\/api.w.org\/{rel}","templated":true}]}}