{"id":5396,"date":"2025-06-03T09:57:54","date_gmt":"2025-06-03T07:57:54","guid":{"rendered":"https:\/\/us.edu.pl\/instytut\/ismuz\/?p=5396"},"modified":"2025-06-03T09:57:54","modified_gmt":"2025-06-03T07:57:54","slug":"ewelina-bachul-cienciala-na-festiwalu-sztuka-zle-obecna","status":"publish","type":"post","link":"https:\/\/us.edu.pl\/instytut\/ismuz\/2025\/06\/03\/ewelina-bachul-cienciala-na-festiwalu-sztuka-zle-obecna\/","title":{"rendered":"Ewelina Bachul-Ciencia\u0142a na festiwalu \u201eSztuka \u017ale obecna\u201d"},"content":{"rendered":"<p>[vc_row][vc_column][vc_column_text]<span style=\"font-size: 12pt;\">W pi\u0105tek 6 czerwca 2025 r. o godz. 18.00 w ewangelickim Ko\u015bciele Jezusowym w Cieszynie odb\u0119dzie si\u0119 recital organowy &#8222;Roman Berger in memoriam&#8221;, a wykonawc\u0105 b\u0119dzie mgr Ewelina Bachul-Ciencia\u0142a z Instytutu Sztuk Muzycznych U\u015a w Cieszynie. Koncert odb\u0119dzie si\u0119 w ramach Festiwalu &#8222;Sztuka \u017ale obecna&#8221;, organizowanego przez Instytut Pami\u0119ci Narodowej. Festiwal po\u015bwi\u0119cony jest tw\u00f3rcom wykluczonym i cenzurowanym przez w\u0142adze komunistyczne w Polsce i odbywa si\u0119 r\u00f3wnolegle w Lublinie, Cieszynie, Koz\u0142\u00f3wce i Warszawie. W programie cieszy\u0144skiego koncertu us\u0142yszymy Exodus (Omaggio a Prof. Jan Gawlas) na organy Romana Bergera (1930-2020). Recital poprzedzony zostanie spotkaniem wprowadzaj\u0105cym (o godz. 17.00) z rodzin\u0105 i przyjaci\u00f3\u0142mi kompozytora.<\/span><\/p>\n<p><span style=\"font-size: 12pt;\"><a href=\"https:\/\/zwrot.cz\/2025\/05\/cieszyn-uczci-pamiec-romana-bergera-koncert-odbedzie-sie-w-kosciele-jezusowym\/\">https:\/\/zwrot.cz\/2025\/05\/cieszyn-uczci-pamiec-romana-bergera-koncert-odbedzie-sie-w-kosciele-jezusowym\/<\/a><\/span><\/p>\n<p style=\"text-align: center;\"><img class=\"alignnone size-medium wp-image-5399\" src=\"https:\/\/us.edu.pl\/instytut\/ismuz\/wp-content\/uploads\/sites\/54\/Bez-kategorii\/Plakat-B1-CIESZYN_DRUK_250521_plik-produkcyjny-pdf-717x1024-1-560x800.jpg\" alt=\"Sztuka \u017ale obecna-plakat\" width=\"560\" height=\"800\" srcset=\"https:\/\/us.edu.pl\/instytut\/ismuz\/wp-content\/uploads\/sites\/54\/Bez-kategorii\/Plakat-B1-CIESZYN_DRUK_250521_plik-produkcyjny-pdf-717x1024-1-560x800.jpg 560w, https:\/\/us.edu.pl\/instytut\/ismuz\/wp-content\/uploads\/sites\/54\/Bez-kategorii\/Plakat-B1-CIESZYN_DRUK_250521_plik-produkcyjny-pdf-717x1024-1-403x575.jpg 403w, https:\/\/us.edu.pl\/instytut\/ismuz\/wp-content\/uploads\/sites\/54\/Bez-kategorii\/Plakat-B1-CIESZYN_DRUK_250521_plik-produkcyjny-pdf-717x1024-1.jpg 717w\" sizes=\"(max-width: 560px) 100vw, 560px\" \/><\/p>\n<p>[\/vc_column_text][\/vc_column][\/vc_row]<\/p>","protected":false},"excerpt":{"rendered":"<p>[vc_row][vc_column][vc_column_text]W pi\u0105tek 6 czerwca 2025 r. o godz. 18.00 w ewangelickim Ko\u015bciele Jezusowym w Cieszynie odb\u0119dzie si\u0119 recital organowy &#8222;Roman Berger in memoriam&#8221;, a wykonawc\u0105 b\u0119dzie mgr Ewelina Bachul-Ciencia\u0142a z Instytutu Sztuk Muzycznych U\u015a w Cieszynie. Koncert odb\u0119dzie si\u0119 w ramach Festiwalu &#8222;Sztuka \u017ale obecna&#8221;, organizowanego przez Instytut Pami\u0119ci Narodowej. Festiwal po\u015bwi\u0119cony jest tw\u00f3rcom wykluczonym [&#8230;]<\/p>\n<p><a class=\"btn btn-secondary understrap-read-more-link\" href=\"https:\/\/us.edu.pl\/instytut\/ismuz\/2025\/06\/03\/ewelina-bachul-cienciala-na-festiwalu-sztuka-zle-obecna\/\">Read More&#8230;<\/a><\/p>\n","protected":false},"author":110,"featured_media":5399,"comment_status":"open","ping_status":"open","sticky":false,"template":"","format":"standard","meta":{"_expiration-date-status":"","_expiration-date":0,"_expiration-date-type":"","_expiration-date-categories":[],"_expiration-date-options":[]},"categories":[8],"tags":[],"acf":[],"_links":{"self":[{"href":"https:\/\/us.edu.pl\/instytut\/ismuz\/wp-json\/wp\/v2\/posts\/5396"}],"collection":[{"href":"https:\/\/us.edu.pl\/instytut\/ismuz\/wp-json\/wp\/v2\/posts"}],"about":[{"href":"https:\/\/us.edu.pl\/instytut\/ismuz\/wp-json\/wp\/v2\/types\/post"}],"author":[{"embeddable":true,"href":"https:\/\/us.edu.pl\/instytut\/ismuz\/wp-json\/wp\/v2\/users\/110"}],"replies":[{"embeddable":true,"href":"https:\/\/us.edu.pl\/instytut\/ismuz\/wp-json\/wp\/v2\/comments?post=5396"}],"version-history":[{"count":1,"href":"https:\/\/us.edu.pl\/instytut\/ismuz\/wp-json\/wp\/v2\/posts\/5396\/revisions"}],"predecessor-version":[{"id":5400,"href":"https:\/\/us.edu.pl\/instytut\/ismuz\/wp-json\/wp\/v2\/posts\/5396\/revisions\/5400"}],"wp:featuredmedia":[{"embeddable":true,"href":"https:\/\/us.edu.pl\/instytut\/ismuz\/wp-json\/wp\/v2\/media\/5399"}],"wp:attachment":[{"href":"https:\/\/us.edu.pl\/instytut\/ismuz\/wp-json\/wp\/v2\/media?parent=5396"}],"wp:term":[{"taxonomy":"category","embeddable":true,"href":"https:\/\/us.edu.pl\/instytut\/ismuz\/wp-json\/wp\/v2\/categories?post=5396"},{"taxonomy":"post_tag","embeddable":true,"href":"https:\/\/us.edu.pl\/instytut\/ismuz\/wp-json\/wp\/v2\/tags?post=5396"}],"curies":[{"name":"wp","href":"https:\/\/api.w.org\/{rel}","templated":true}]}}