{"id":5450,"date":"2025-07-16T11:07:31","date_gmt":"2025-07-16T09:07:31","guid":{"rendered":"https:\/\/us.edu.pl\/instytut\/ismuz\/?p=5450"},"modified":"2025-07-16T14:02:34","modified_gmt":"2025-07-16T12:02:34","slug":"medal-fides-spes-caritas-dla-dr-hab-aleksandry-zeman-prof-us","status":"publish","type":"post","link":"https:\/\/us.edu.pl\/instytut\/ismuz\/2025\/07\/16\/medal-fides-spes-caritas-dla-dr-hab-aleksandry-zeman-prof-us\/","title":{"rendered":"Medal FIDES SPES CARITAS dla dr hab. Aleksandry Zeman, prof. U\u015a"},"content":{"rendered":"<p>[vc_row][vc_column][vc_column_text]<span style=\"font-size: 12pt;\">Dr hab. <strong>Aleksandra Zeman<\/strong>, prof. U\u015a zosta\u0142a uhonorowana\u00a0 medalem <strong><em>FIDES SPES CARITAS<\/em><\/strong> \u201eza szczeg\u00f3lne zas\u0142ugi dla muzyki sakralnej\u201d. To wyj\u0105tkowe wyr\u00f3\u017cnienie przyznane zosta\u0142o w styczniu 2025\u00a0 w Warszawie przez Instytut Musica Sacra. Odznaczenie wr\u0119czy\u0142 3 kwietnia 2025 roku w Rzymie, na Piazza Navona, prof. dr hab. Pawe\u0142 \u0141ukaszewski, \u015bwiatowej s\u0142awy polski kompozytor, dyrygent, instrumentalista, pedagog oraz organizator \u017cycia muzycznego, prezes Instytutu Musica Sacra. Wcze\u015bniej medal otrzymali m.in.: Stephen Layton &#8211; jeden z najlepszych na \u015bwiecie interpretator\u00f3w muzyki ch\u00f3ralnej, prof. dr hab. Violetta Bielecka &#8211; dyrektor Opery i Filharmonii Podlaskiej w Bia\u0142ymstoku, prof. dr hab. Miros\u0142aw Jacek B\u0142aszczyk &#8211; kierownik artystyczny Orkiestry Opery i Filharmonii Podlaskiej w Bia\u0142ymstoku czy Polski Ch\u00f3r Kameralny Schola Cantorum Gedanensis pod dyrekcj\u0105 i kierownictwem artystycznym Jana \u0141ukaszewskiego.<\/span><\/p>\n<p><span style=\"font-size: 12pt;\"><a href=\"https:\/\/glos.live\/Kultura\/d\/dyrygentka_aleksandra_zeman_nagrodzona_medalem\">https:\/\/glos.live\/Kultura\/d\/dyrygentka_aleksandra_zeman_nagrodzona_medalem<\/a><\/span>[\/vc_column_text][\/vc_column][\/vc_row][vc_row][vc_column]            \r\n                    <div class=\"container\">\r\n                        <div class=\"gallery gallery_4\" data-images-in-row=\"4\">\r\n                            \r\n                            <div class=\"row m-0\">\r\n                                <a data-fancybox-group=\"button\" title=\"\" data-fancybox=\"7906\" href=\"https:\/\/us.edu.pl\/instytut\/ismuz\/wp-content\/uploads\/sites\/54\/Bez-kategorii\/Zeman_Medal_FIDES-SPES-CARITAS_dyplom.jpg\" class=\"gallery__item thumbnail\"\r\n                                    style=\"background-image: url(https:\/\/us.edu.pl\/instytut\/ismuz\/wp-content\/uploads\/sites\/54\/Bez-kategorii\/Zeman_Medal_FIDES-SPES-CARITAS_dyplom-1200x818.jpg)\"> <span class=\"d-none\">https:\/\/us.edu.pl\/instytut\/ismuz\/wp-content\/uploads\/sites\/54\/Bez-kategorii\/Zeman_Medal_FIDES-SPES-CARITAS_dyplom.jpg<\/span> <\/a><a data-fancybox-group=\"button\" title=\"\" data-fancybox=\"7906\" href=\"https:\/\/us.edu.pl\/instytut\/ismuz\/wp-content\/uploads\/sites\/54\/Bez-kategorii\/Rzym_3_kwietnia_2025_Piazza_Navona.jpg\" class=\"gallery__item thumbnail\"\r\n                                    style=\"background-image: url(https:\/\/us.edu.pl\/instytut\/ismuz\/wp-content\/uploads\/sites\/54\/Bez-kategorii\/Rzym_3_kwietnia_2025_Piazza_Navona-745x1200.jpg)\"> <span class=\"d-none\">https:\/\/us.edu.pl\/instytut\/ismuz\/wp-content\/uploads\/sites\/54\/Bez-kategorii\/Rzym_3_kwietnia_2025_Piazza_Navona.jpg<\/span> <\/a>\r\n                            <\/div>\r\n                    <\/div>\r\n                <\/div>[\/vc_column][\/vc_row]<\/p>","protected":false},"excerpt":{"rendered":"<p>[vc_row][vc_column][vc_column_text]Dr hab. Aleksandra Zeman, prof. U\u015a zosta\u0142a uhonorowana\u00a0 medalem FIDES SPES CARITAS \u201eza szczeg\u00f3lne zas\u0142ugi dla muzyki sakralnej\u201d. To wyj\u0105tkowe wyr\u00f3\u017cnienie przyznane zosta\u0142o w styczniu 2025\u00a0 w Warszawie przez Instytut Musica Sacra. Odznaczenie wr\u0119czy\u0142 3 kwietnia 2025 roku w Rzymie, na Piazza Navona, prof. dr hab. Pawe\u0142 \u0141ukaszewski, \u015bwiatowej s\u0142awy polski kompozytor, dyrygent, instrumentalista, pedagog [&#8230;]<\/p>\n<p><a class=\"btn btn-secondary understrap-read-more-link\" href=\"https:\/\/us.edu.pl\/instytut\/ismuz\/2025\/07\/16\/medal-fides-spes-caritas-dla-dr-hab-aleksandry-zeman-prof-us\/\">Read More&#8230;<\/a><\/p>\n","protected":false},"author":110,"featured_media":5458,"comment_status":"open","ping_status":"open","sticky":false,"template":"","format":"standard","meta":{"_expiration-date-status":"","_expiration-date":0,"_expiration-date-type":"","_expiration-date-categories":[],"_expiration-date-options":[]},"categories":[8],"tags":[],"acf":[],"_links":{"self":[{"href":"https:\/\/us.edu.pl\/instytut\/ismuz\/wp-json\/wp\/v2\/posts\/5450"}],"collection":[{"href":"https:\/\/us.edu.pl\/instytut\/ismuz\/wp-json\/wp\/v2\/posts"}],"about":[{"href":"https:\/\/us.edu.pl\/instytut\/ismuz\/wp-json\/wp\/v2\/types\/post"}],"author":[{"embeddable":true,"href":"https:\/\/us.edu.pl\/instytut\/ismuz\/wp-json\/wp\/v2\/users\/110"}],"replies":[{"embeddable":true,"href":"https:\/\/us.edu.pl\/instytut\/ismuz\/wp-json\/wp\/v2\/comments?post=5450"}],"version-history":[{"count":2,"href":"https:\/\/us.edu.pl\/instytut\/ismuz\/wp-json\/wp\/v2\/posts\/5450\/revisions"}],"predecessor-version":[{"id":5487,"href":"https:\/\/us.edu.pl\/instytut\/ismuz\/wp-json\/wp\/v2\/posts\/5450\/revisions\/5487"}],"wp:featuredmedia":[{"embeddable":true,"href":"https:\/\/us.edu.pl\/instytut\/ismuz\/wp-json\/wp\/v2\/media\/5458"}],"wp:attachment":[{"href":"https:\/\/us.edu.pl\/instytut\/ismuz\/wp-json\/wp\/v2\/media?parent=5450"}],"wp:term":[{"taxonomy":"category","embeddable":true,"href":"https:\/\/us.edu.pl\/instytut\/ismuz\/wp-json\/wp\/v2\/categories?post=5450"},{"taxonomy":"post_tag","embeddable":true,"href":"https:\/\/us.edu.pl\/instytut\/ismuz\/wp-json\/wp\/v2\/tags?post=5450"}],"curies":[{"name":"wp","href":"https:\/\/api.w.org\/{rel}","templated":true}]}}