{"id":5462,"date":"2025-07-16T11:17:12","date_gmt":"2025-07-16T09:17:12","guid":{"rendered":"https:\/\/us.edu.pl\/instytut\/ismuz\/?p=5462"},"modified":"2025-07-16T14:01:58","modified_gmt":"2025-07-16T12:01:58","slug":"koncert-choru-zenskiego-melodia-i-akademickiej-orkiestry-kameralnej-spotkanie-z-muzyka","status":"publish","type":"post","link":"https:\/\/us.edu.pl\/instytut\/ismuz\/2025\/07\/16\/koncert-choru-zenskiego-melodia-i-akademickiej-orkiestry-kameralnej-spotkanie-z-muzyka\/","title":{"rendered":"Koncert Ch\u00f3ru \u017be\u0144skiego \u201eMelodia\u201d i Akademickiej Orkiestry Kameralnej \u201eSpotkanie z Muzyk\u0105\u201d"},"content":{"rendered":"<p>[vc_row][vc_column][vc_column_text]<span style=\"font-size: 12pt;\">W \u015brod\u0119 11 czerwca 2025 roku w \u015al\u0105skim Ko\u015bciele Ewangelickim Augsburskiego Wyznania\u00a0<\/span><span style=\"font-size: 12pt;\">w Nawsiu w Republice Czeskiej odby\u0142 si\u0119 koncert Ch\u00f3ru \u017be\u0144skiego \u201eMelodia\u201d i Akademickiej Orkiestry Kameralnej. Cz\u0119\u015b\u0107 koncertu by\u0142a dyrygenckim egzaminem dyplomowym <strong>Magdaleny Strzysz<\/strong>, kt\u00f3ra realizowa\u0142a specjalno\u015b\u0107 <strong>Zespo\u0142owa praktyka wykonawcza <\/strong>na kierunku Edukacja Artystyczna w Zakresie Sztuki Muzycznej pod opiek\u0105 dr hab. Aleksandry Zeman, prof. U\u015a. Cztery pierwsze kompozycje Ch\u00f3r &#8222;Melodia&#8221;, za\u015bpiewa\u0142 pod dyrekcj\u0105 dyplomantki, kt\u00f3ra na zako\u0144czenie swojego wyst\u0119pu\u00a0 poprowadzi\u0142a tak\u017ce orkiestr\u0119. W drugiej cz\u0119\u015bci \u201eSpotkania z Muzyk\u0105\u201d licznie przybyli go\u015bcie mogli wys\u0142ucha\u0107 kilku utwor\u00f3w w wykonaniu Akademickiej Orkiestry Kameralnej pod dyrekcj\u0105 dr hab. Ma\u0142gorzaty Kaniowskiej, prof. US.<\/span><\/p>\n<p><span style=\"font-size: 12pt;\">foto Bogus\u0142aw Rajski i Konrad Matinyarare<\/span>[\/vc_column_text][\/vc_column][\/vc_row][vc_row][vc_column]            \r\n                    <div class=\"container\">\r\n                        <div class=\"gallery gallery_4\" data-images-in-row=\"4\">\r\n                            \r\n                            <div class=\"row m-0\">\r\n                                <a data-fancybox-group=\"button\" title=\"\" data-fancybox=\"6912\" href=\"https:\/\/us.edu.pl\/instytut\/ismuz\/wp-content\/uploads\/sites\/54\/Bez-kategorii\/afisz-1.jpg\" class=\"gallery__item thumbnail\"\r\n                                    style=\"background-image: url(https:\/\/us.edu.pl\/instytut\/ismuz\/wp-content\/uploads\/sites\/54\/Bez-kategorii\/afisz-1-848x1200.jpg)\"> <span class=\"d-none\">https:\/\/us.edu.pl\/instytut\/ismuz\/wp-content\/uploads\/sites\/54\/Bez-kategorii\/afisz-1.jpg<\/span> <\/a><a data-fancybox-group=\"button\" title=\"\" data-fancybox=\"6912\" href=\"https:\/\/us.edu.pl\/instytut\/ismuz\/wp-content\/uploads\/sites\/54\/Bez-kategorii\/foto_Boguslaw_Rajski_dyr_M_Kaniowska_2.jpg\" class=\"gallery__item thumbnail\"\r\n                                    style=\"background-image: url(https:\/\/us.edu.pl\/instytut\/ismuz\/wp-content\/uploads\/sites\/54\/Bez-kategorii\/foto_Boguslaw_Rajski_dyr_M_Kaniowska_2-1200x899.jpg)\"> <span class=\"d-none\">https:\/\/us.edu.pl\/instytut\/ismuz\/wp-content\/uploads\/sites\/54\/Bez-kategorii\/foto_Boguslaw_Rajski_dyr_M_Kaniowska_2.jpg<\/span> <\/a><a data-fancybox-group=\"button\" title=\"\" data-fancybox=\"6912\" href=\"https:\/\/us.edu.pl\/instytut\/ismuz\/wp-content\/uploads\/sites\/54\/Bez-kategorii\/foto_Boguslaw_Rajski_dyr_M_Kaniowska_1.jpg\" class=\"gallery__item thumbnail\"\r\n                                    style=\"background-image: url(https:\/\/us.edu.pl\/instytut\/ismuz\/wp-content\/uploads\/sites\/54\/Bez-kategorii\/foto_Boguslaw_Rajski_dyr_M_Kaniowska_1-1200x800.jpg)\"> <span class=\"d-none\">https:\/\/us.edu.pl\/instytut\/ismuz\/wp-content\/uploads\/sites\/54\/Bez-kategorii\/foto_Boguslaw_Rajski_dyr_M_Kaniowska_1.jpg<\/span> <\/a><a data-fancybox-group=\"button\" title=\"\" data-fancybox=\"6912\" href=\"https:\/\/us.edu.pl\/instytut\/ismuz\/wp-content\/uploads\/sites\/54\/Bez-kategorii\/foto_Konrad_Matinyarare_dyr_M_Srzysz_1_komisja_egaminacyjna.jpg\" class=\"gallery__item thumbnail\"\r\n                                    style=\"background-image: url(https:\/\/us.edu.pl\/instytut\/ismuz\/wp-content\/uploads\/sites\/54\/Bez-kategorii\/foto_Konrad_Matinyarare_dyr_M_Srzysz_1_komisja_egaminacyjna.jpg)\"> <span class=\"d-none\">https:\/\/us.edu.pl\/instytut\/ismuz\/wp-content\/uploads\/sites\/54\/Bez-kategorii\/foto_Konrad_Matinyarare_dyr_M_Srzysz_1_komisja_egaminacyjna.jpg<\/span> <\/a><a data-fancybox-group=\"button\" title=\"\" data-fancybox=\"6912\" href=\"https:\/\/us.edu.pl\/instytut\/ismuz\/wp-content\/uploads\/sites\/54\/Bez-kategorii\/foto_Boguslaw_Rajski_dyr_M_Strzysz.jpg\" class=\"gallery__item thumbnail\"\r\n                                    style=\"background-image: url(https:\/\/us.edu.pl\/instytut\/ismuz\/wp-content\/uploads\/sites\/54\/Bez-kategorii\/foto_Boguslaw_Rajski_dyr_M_Strzysz.jpg)\"> <span class=\"d-none\">https:\/\/us.edu.pl\/instytut\/ismuz\/wp-content\/uploads\/sites\/54\/Bez-kategorii\/foto_Boguslaw_Rajski_dyr_M_Strzysz.jpg<\/span> <\/a><a data-fancybox-group=\"button\" title=\"\" data-fancybox=\"6912\" href=\"https:\/\/us.edu.pl\/instytut\/ismuz\/wp-content\/uploads\/sites\/54\/Bez-kategorii\/foto_Boguslaw_Rajski_3_dyr_M_Strzysz.jpg\" class=\"gallery__item thumbnail\"\r\n                                    style=\"background-image: url(https:\/\/us.edu.pl\/instytut\/ismuz\/wp-content\/uploads\/sites\/54\/Bez-kategorii\/foto_Boguslaw_Rajski_3_dyr_M_Strzysz-1200x799.jpg)\"> <span class=\"d-none\">https:\/\/us.edu.pl\/instytut\/ismuz\/wp-content\/uploads\/sites\/54\/Bez-kategorii\/foto_Boguslaw_Rajski_3_dyr_M_Strzysz.jpg<\/span> <\/a><a data-fancybox-group=\"button\" title=\"\" data-fancybox=\"6912\" href=\"https:\/\/us.edu.pl\/instytut\/ismuz\/wp-content\/uploads\/sites\/54\/Bez-kategorii\/foto_Konrad_Matinyarare_dyr_M_Srzysz_4-001.jpg\" class=\"gallery__item thumbnail\"\r\n                                    style=\"background-image: url(https:\/\/us.edu.pl\/instytut\/ismuz\/wp-content\/uploads\/sites\/54\/Bez-kategorii\/foto_Konrad_Matinyarare_dyr_M_Srzysz_4-001.jpg)\"> <span class=\"d-none\">https:\/\/us.edu.pl\/instytut\/ismuz\/wp-content\/uploads\/sites\/54\/Bez-kategorii\/foto_Konrad_Matinyarare_dyr_M_Srzysz_4-001.jpg<\/span> <\/a>\r\n                            <\/div>\r\n                    <\/div>\r\n                <\/div>[\/vc_column][\/vc_row]<\/p>","protected":false},"excerpt":{"rendered":"<p>[vc_row][vc_column][vc_column_text]W \u015brod\u0119 11 czerwca 2025 roku w \u015al\u0105skim Ko\u015bciele Ewangelickim Augsburskiego Wyznania\u00a0w Nawsiu w Republice Czeskiej odby\u0142 si\u0119 koncert Ch\u00f3ru \u017be\u0144skiego \u201eMelodia\u201d i Akademickiej Orkiestry Kameralnej. Cz\u0119\u015b\u0107 koncertu by\u0142a dyrygenckim egzaminem dyplomowym Magdaleny Strzysz, kt\u00f3ra realizowa\u0142a specjalno\u015b\u0107 Zespo\u0142owa praktyka wykonawcza na kierunku Edukacja Artystyczna w Zakresie Sztuki Muzycznej pod opiek\u0105 dr hab. Aleksandry Zeman, prof. [&#8230;]<\/p>\n<p><a class=\"btn btn-secondary understrap-read-more-link\" href=\"https:\/\/us.edu.pl\/instytut\/ismuz\/2025\/07\/16\/koncert-choru-zenskiego-melodia-i-akademickiej-orkiestry-kameralnej-spotkanie-z-muzyka\/\">Read More&#8230;<\/a><\/p>\n","protected":false},"author":110,"featured_media":5478,"comment_status":"open","ping_status":"open","sticky":false,"template":"","format":"standard","meta":{"_expiration-date-status":"","_expiration-date":0,"_expiration-date-type":"","_expiration-date-categories":[],"_expiration-date-options":[]},"categories":[8],"tags":[],"acf":[],"_links":{"self":[{"href":"https:\/\/us.edu.pl\/instytut\/ismuz\/wp-json\/wp\/v2\/posts\/5462"}],"collection":[{"href":"https:\/\/us.edu.pl\/instytut\/ismuz\/wp-json\/wp\/v2\/posts"}],"about":[{"href":"https:\/\/us.edu.pl\/instytut\/ismuz\/wp-json\/wp\/v2\/types\/post"}],"author":[{"embeddable":true,"href":"https:\/\/us.edu.pl\/instytut\/ismuz\/wp-json\/wp\/v2\/users\/110"}],"replies":[{"embeddable":true,"href":"https:\/\/us.edu.pl\/instytut\/ismuz\/wp-json\/wp\/v2\/comments?post=5462"}],"version-history":[{"count":2,"href":"https:\/\/us.edu.pl\/instytut\/ismuz\/wp-json\/wp\/v2\/posts\/5462\/revisions"}],"predecessor-version":[{"id":5486,"href":"https:\/\/us.edu.pl\/instytut\/ismuz\/wp-json\/wp\/v2\/posts\/5462\/revisions\/5486"}],"wp:featuredmedia":[{"embeddable":true,"href":"https:\/\/us.edu.pl\/instytut\/ismuz\/wp-json\/wp\/v2\/media\/5478"}],"wp:attachment":[{"href":"https:\/\/us.edu.pl\/instytut\/ismuz\/wp-json\/wp\/v2\/media?parent=5462"}],"wp:term":[{"taxonomy":"category","embeddable":true,"href":"https:\/\/us.edu.pl\/instytut\/ismuz\/wp-json\/wp\/v2\/categories?post=5462"},{"taxonomy":"post_tag","embeddable":true,"href":"https:\/\/us.edu.pl\/instytut\/ismuz\/wp-json\/wp\/v2\/tags?post=5462"}],"curies":[{"name":"wp","href":"https:\/\/api.w.org\/{rel}","templated":true}]}}