{"id":5524,"date":"2025-12-02T10:43:24","date_gmt":"2025-12-02T09:43:24","guid":{"rendered":"https:\/\/us.edu.pl\/instytut\/ismuz\/?p=5524"},"modified":"2025-12-02T10:43:24","modified_gmt":"2025-12-02T09:43:24","slug":"prof-dr-hab-anna-szostak-laureatka-nagrody-koryfeusz-muzyki-polskiej-2025-w-kategorii-osobowosc-roku","status":"publish","type":"post","link":"https:\/\/us.edu.pl\/instytut\/ismuz\/2025\/12\/02\/prof-dr-hab-anna-szostak-laureatka-nagrody-koryfeusz-muzyki-polskiej-2025-w-kategorii-osobowosc-roku\/","title":{"rendered":"Prof. dr hab. Anna Szostak laureatk\u0105 nagrody Koryfeusz Muzyki Polskiej 2025 w kategorii \u201eOsobowo\u015b\u0107 roku\u201d"},"content":{"rendered":"<p>[vc_row][vc_column][vc_column_text]<span style=\"font-size: 12pt;\">Kapitu\u0142a nagrody uhonorowa\u0142a Pani\u0105 Profesor z <a href=\"https:\/\/www.facebook.com\/im.cieszyn?__cft__%5b0%5d=AZUsX5-7RZKGjssk7g6zffYuKWdn4Oj3ElBwgwvrsjlPA5iledazx3G-5CVSy36GcTF4JmZckKAFp-WOHcCBgDFBPsg0foVMGzzlfm0vWna1R81YiIl6J2uJpCC_2iaHBB_1it2FJ-o1sciORiODOFKaIk_SClG608gzHc7_HjcK5w&amp;__tn__=-%5dK-R\">Instytutu Sztuk Muzycznych w Cieszynie<\/a>, Dyrektor i Dyrygent Zespo\u0142u \u015apiewak\u00f3w Miasta Katowice <a href=\"https:\/\/www.facebook.com\/CamerataSilesiaKatowice?__cft__%5b0%5d=AZUsX5-7RZKGjssk7g6zffYuKWdn4Oj3ElBwgwvrsjlPA5iledazx3G-5CVSy36GcTF4JmZckKAFp-WOHcCBgDFBPsg0foVMGzzlfm0vWna1R81YiIl6J2uJpCC_2iaHBB_1it2FJ-o1sciORiODOFKaIk_SClG608gzHc7_HjcK5w&amp;__tn__=-%5dK-R\">&#8222;Camerata Silesia&#8221;, <\/a>za realizacj\u0119 sp\u00f3jnej wizji rozwoju zespo\u0142u prowadz\u0105cego bogat\u0105 dzia\u0142alno\u015b\u0107 koncertow\u0105 i fonograficzn\u0105, nagradzan\u0105 w minionym sezonie wieloma wyr\u00f3\u017cnieniami. Doceniono tak\u017ce konsekwentne \u0142\u0105czenie promocji polskiego repertuaru wsp\u00f3\u0142czesnego z wykonawstwem muzyki dawnej \u2013 ide\u0119, kt\u00f3ra od lat stanowi fundament artystycznej drogi zespo\u0142u.<\/span><\/p>\n<p><span style=\"font-size: 12pt;\">Gratulujemy!<\/span><\/p>\n<p style=\"text-align: center;\"><img class=\"alignnone size-full wp-image-5525\" src=\"https:\/\/us.edu.pl\/instytut\/ismuz\/wp-content\/uploads\/sites\/54\/Bez-kategorii\/1-9.jpg\" alt=\"Prof. dr hab. Anna Szostak \" width=\"434\" height=\"434\" srcset=\"https:\/\/us.edu.pl\/instytut\/ismuz\/wp-content\/uploads\/sites\/54\/Bez-kategorii\/1-9.jpg 434w, https:\/\/us.edu.pl\/instytut\/ismuz\/wp-content\/uploads\/sites\/54\/Bez-kategorii\/1-9-150x150.jpg 150w\" sizes=\"(max-width: 434px) 100vw, 434px\" \/><\/p>\n<p>[\/vc_column_text][\/vc_column][\/vc_row]<\/p>","protected":false},"excerpt":{"rendered":"<p>[vc_row][vc_column][vc_column_text]Kapitu\u0142a nagrody uhonorowa\u0142a Pani\u0105 Profesor z Instytutu Sztuk Muzycznych w Cieszynie, Dyrektor i Dyrygent Zespo\u0142u \u015apiewak\u00f3w Miasta Katowice &#8222;Camerata Silesia&#8221;, za realizacj\u0119 sp\u00f3jnej wizji rozwoju zespo\u0142u prowadz\u0105cego bogat\u0105 dzia\u0142alno\u015b\u0107 koncertow\u0105 i fonograficzn\u0105, nagradzan\u0105 w minionym sezonie wieloma wyr\u00f3\u017cnieniami. Doceniono tak\u017ce konsekwentne \u0142\u0105czenie promocji polskiego repertuaru wsp\u00f3\u0142czesnego z wykonawstwem muzyki dawnej \u2013 ide\u0119, kt\u00f3ra od lat [&#8230;]<\/p>\n<p><a class=\"btn btn-secondary understrap-read-more-link\" href=\"https:\/\/us.edu.pl\/instytut\/ismuz\/2025\/12\/02\/prof-dr-hab-anna-szostak-laureatka-nagrody-koryfeusz-muzyki-polskiej-2025-w-kategorii-osobowosc-roku\/\">Read More&#8230;<\/a><\/p>\n","protected":false},"author":110,"featured_media":5525,"comment_status":"open","ping_status":"open","sticky":false,"template":"","format":"standard","meta":{"_expiration-date-status":"","_expiration-date":0,"_expiration-date-type":"","_expiration-date-categories":[],"_expiration-date-options":[]},"categories":[8],"tags":[],"acf":[],"_links":{"self":[{"href":"https:\/\/us.edu.pl\/instytut\/ismuz\/wp-json\/wp\/v2\/posts\/5524"}],"collection":[{"href":"https:\/\/us.edu.pl\/instytut\/ismuz\/wp-json\/wp\/v2\/posts"}],"about":[{"href":"https:\/\/us.edu.pl\/instytut\/ismuz\/wp-json\/wp\/v2\/types\/post"}],"author":[{"embeddable":true,"href":"https:\/\/us.edu.pl\/instytut\/ismuz\/wp-json\/wp\/v2\/users\/110"}],"replies":[{"embeddable":true,"href":"https:\/\/us.edu.pl\/instytut\/ismuz\/wp-json\/wp\/v2\/comments?post=5524"}],"version-history":[{"count":1,"href":"https:\/\/us.edu.pl\/instytut\/ismuz\/wp-json\/wp\/v2\/posts\/5524\/revisions"}],"predecessor-version":[{"id":5527,"href":"https:\/\/us.edu.pl\/instytut\/ismuz\/wp-json\/wp\/v2\/posts\/5524\/revisions\/5527"}],"wp:featuredmedia":[{"embeddable":true,"href":"https:\/\/us.edu.pl\/instytut\/ismuz\/wp-json\/wp\/v2\/media\/5525"}],"wp:attachment":[{"href":"https:\/\/us.edu.pl\/instytut\/ismuz\/wp-json\/wp\/v2\/media?parent=5524"}],"wp:term":[{"taxonomy":"category","embeddable":true,"href":"https:\/\/us.edu.pl\/instytut\/ismuz\/wp-json\/wp\/v2\/categories?post=5524"},{"taxonomy":"post_tag","embeddable":true,"href":"https:\/\/us.edu.pl\/instytut\/ismuz\/wp-json\/wp\/v2\/tags?post=5524"}],"curies":[{"name":"wp","href":"https:\/\/api.w.org\/{rel}","templated":true}]}}