{"id":5530,"date":"2025-12-02T10:51:03","date_gmt":"2025-12-02T09:51:03","guid":{"rendered":"https:\/\/us.edu.pl\/instytut\/ismuz\/?p=5530"},"modified":"2025-12-02T10:51:03","modified_gmt":"2025-12-02T09:51:03","slug":"zloty-medal-zasluzony-kulturze-gloria-artis-dla-zenona-kowalowskiego","status":"publish","type":"post","link":"https:\/\/us.edu.pl\/instytut\/ismuz\/2025\/12\/02\/zloty-medal-zasluzony-kulturze-gloria-artis-dla-zenona-kowalowskiego\/","title":{"rendered":"Z\u0142oty Medal \u201eZas\u0142u\u017cony Kulturze Gloria Artis\u201d dla Zenona Kowalowskiego"},"content":{"rendered":"<p>[vc_row][vc_column][vc_column_text]<span style=\"font-size: 12pt;\">Zenon Kowalowski, kompozytor muzyki filmowej i teatralnej, w latach 1980-2000 wyk\u0142adowca w naszym Instytucie uhonorowany zosta\u0142 Z\u0142otym Medalem \u201eZas\u0142u\u017cony Kulturze Gloria Artis\u201d. To najwy\u017csze odznaczenie przyznawane przez Ministerstwo Kultury i Dziedzictwa Narodowego z r\u0105k S\u0142awomira Rogowskiego, podsekretarza stanu w MKiDN odebra\u0142 syn kompozytora, Piotr Kowalowski. \u201eBardzo dzi\u0119kuj\u0119. M\u00f3j tata jest bardzo wzruszony, \u017ce po tylu latach jego muzyka nadal \u017cyje i jest wykonywana\u201d. Podczas uroczysto\u015bci, kt\u00f3ra odby\u0142a si\u0119 w warszawskim klubie \u201eNiebo\u201d publiczno\u015b\u0107 mia\u0142a r\u00f3wnie\u017c okazj\u0119 us\u0142ysze\u0107 kr\u00f3tk\u0105, nagran\u0105 wypowied\u017a samego kompozytora. Gratulacje!<\/span><\/p>\n<p><span style=\"font-size: 12pt;\">fot. Narodowe Centrum Kultury \/ Festiwal Eufonie<\/span>[\/vc_column_text][\/vc_column][\/vc_row][vc_row][vc_column]            \r\n                    <div class=\"container\">\r\n                        <div class=\"gallery gallery_2\" data-images-in-row=\"2\">\r\n                            \r\n                            <div class=\"row m-0\">\r\n                                <a data-fancybox-group=\"button\" title=\"\" data-fancybox=\"7862\" href=\"https:\/\/us.edu.pl\/instytut\/ismuz\/wp-content\/uploads\/sites\/54\/Bez-kategorii\/4-5.jpg\" class=\"gallery__item thumbnail\"\r\n                                    style=\"background-image: url(https:\/\/us.edu.pl\/instytut\/ismuz\/wp-content\/uploads\/sites\/54\/Bez-kategorii\/4-5-1200x800.jpg)\"> <span class=\"d-none\">https:\/\/us.edu.pl\/instytut\/ismuz\/wp-content\/uploads\/sites\/54\/Bez-kategorii\/4-5.jpg<\/span> <\/a><a data-fancybox-group=\"button\" title=\"\" data-fancybox=\"7862\" href=\"https:\/\/us.edu.pl\/instytut\/ismuz\/wp-content\/uploads\/sites\/54\/Bez-kategorii\/5-2.jpg\" class=\"gallery__item thumbnail\"\r\n                                    style=\"background-image: url(https:\/\/us.edu.pl\/instytut\/ismuz\/wp-content\/uploads\/sites\/54\/Bez-kategorii\/5-2-1200x800.jpg)\"> <span class=\"d-none\">https:\/\/us.edu.pl\/instytut\/ismuz\/wp-content\/uploads\/sites\/54\/Bez-kategorii\/5-2.jpg<\/span> <\/a>\r\n                            <\/div>\r\n                    <\/div>\r\n                <\/div>[\/vc_column][\/vc_row]<\/p>","protected":false},"excerpt":{"rendered":"<p>[vc_row][vc_column][vc_column_text]Zenon Kowalowski, kompozytor muzyki filmowej i teatralnej, w latach 1980-2000 wyk\u0142adowca w naszym Instytucie uhonorowany zosta\u0142 Z\u0142otym Medalem \u201eZas\u0142u\u017cony Kulturze Gloria Artis\u201d. To najwy\u017csze odznaczenie przyznawane przez Ministerstwo Kultury i Dziedzictwa Narodowego z r\u0105k S\u0142awomira Rogowskiego, podsekretarza stanu w MKiDN odebra\u0142 syn kompozytora, Piotr Kowalowski. \u201eBardzo dzi\u0119kuj\u0119. M\u00f3j tata jest bardzo wzruszony, \u017ce po tylu [&#8230;]<\/p>\n<p><a class=\"btn btn-secondary understrap-read-more-link\" href=\"https:\/\/us.edu.pl\/instytut\/ismuz\/2025\/12\/02\/zloty-medal-zasluzony-kulturze-gloria-artis-dla-zenona-kowalowskiego\/\">Read More&#8230;<\/a><\/p>\n","protected":false},"author":110,"featured_media":5532,"comment_status":"open","ping_status":"open","sticky":false,"template":"","format":"standard","meta":{"_expiration-date-status":"","_expiration-date":0,"_expiration-date-type":"","_expiration-date-categories":[],"_expiration-date-options":[]},"categories":[8],"tags":[],"acf":[],"_links":{"self":[{"href":"https:\/\/us.edu.pl\/instytut\/ismuz\/wp-json\/wp\/v2\/posts\/5530"}],"collection":[{"href":"https:\/\/us.edu.pl\/instytut\/ismuz\/wp-json\/wp\/v2\/posts"}],"about":[{"href":"https:\/\/us.edu.pl\/instytut\/ismuz\/wp-json\/wp\/v2\/types\/post"}],"author":[{"embeddable":true,"href":"https:\/\/us.edu.pl\/instytut\/ismuz\/wp-json\/wp\/v2\/users\/110"}],"replies":[{"embeddable":true,"href":"https:\/\/us.edu.pl\/instytut\/ismuz\/wp-json\/wp\/v2\/comments?post=5530"}],"version-history":[{"count":1,"href":"https:\/\/us.edu.pl\/instytut\/ismuz\/wp-json\/wp\/v2\/posts\/5530\/revisions"}],"predecessor-version":[{"id":5534,"href":"https:\/\/us.edu.pl\/instytut\/ismuz\/wp-json\/wp\/v2\/posts\/5530\/revisions\/5534"}],"wp:featuredmedia":[{"embeddable":true,"href":"https:\/\/us.edu.pl\/instytut\/ismuz\/wp-json\/wp\/v2\/media\/5532"}],"wp:attachment":[{"href":"https:\/\/us.edu.pl\/instytut\/ismuz\/wp-json\/wp\/v2\/media?parent=5530"}],"wp:term":[{"taxonomy":"category","embeddable":true,"href":"https:\/\/us.edu.pl\/instytut\/ismuz\/wp-json\/wp\/v2\/categories?post=5530"},{"taxonomy":"post_tag","embeddable":true,"href":"https:\/\/us.edu.pl\/instytut\/ismuz\/wp-json\/wp\/v2\/tags?post=5530"}],"curies":[{"name":"wp","href":"https:\/\/api.w.org\/{rel}","templated":true}]}}