{"id":1315,"date":"2020-11-27T12:18:19","date_gmt":"2020-11-27T11:18:19","guid":{"rendered":"https:\/\/us.edu.pl\/instytut\/isp\/?p=1315"},"modified":"2020-11-27T12:23:58","modified_gmt":"2020-11-27T11:23:58","slug":"i-miejsce-dr-katarzyny-handzlik-na-miedzynarodowym-konkursie-na-mala-forme-graficzna","status":"publish","type":"post","link":"https:\/\/us.edu.pl\/instytut\/isp\/2020\/11\/27\/i-miejsce-dr-katarzyny-handzlik-na-miedzynarodowym-konkursie-na-mala-forme-graficzna\/","title":{"rendered":"I miejsce dr Katarzyny Handzlik na Mi\u0119dzynarodowym Konkursie na Ma\u0142\u0105 Form\u0119 Graficzn\u0105"},"content":{"rendered":"<p>[vc_row][vc_column]\r\n                <div class=\"text-modules\">\r\n                    <div class=\"container\">\r\n                        \r\n                        <div class=\"text-modules__content\"><\/p>\n<div>\n<p class=\"western\" align=\"justify\"><span style=\"font-size: 12pt\">Jury 10. Mi\u0119dzynarodowego Konkursu na Ma\u0142\u0105 Form\u0119 Graficzn\u0105 \u2014 Gda\u0144sk 2020 przyzna\u0142o I miejsce dr Katarzynie Handzlik za zestaw ma\u0142ych form graficznych (dwa ekslibrisy oraz grafika konmemoratywna) zrealizowanych w technice \u0142\u0105czonej kola\u017cu i grafiki cyfrowej. Has\u0142o tegorocznej edycji konkursu brzmia\u0142o <em>Wyspa Fantazji<\/em><\/span><\/p>\n<p class=\"western\" align=\"justify\"><span style=\"font-size: 12pt\">Katarzyna Handzlik wsp\u00f3\u0142tworzy zesp\u00f3\u0142 badawczy Pracowni Bada\u0144 nad Ekslibrisem Wsp\u00f3\u0142czesnym w Instytucie Sztuk Plastycznych U\u015a.<\/span><\/p>\n<p class=\"western\" align=\"justify\"><span style=\"font-size: 12pt\">Jest cz\u0142onkiem Deutsche Exlibris Gesellschaft.\u00a0<\/span><\/p>\n<\/div>\n<p>\n<\/div>\r\n                    <\/div>\r\n                <\/div>[\/vc_column][\/vc_row][vc_row][vc_column]            \r\n                    <div class=\"container\">\r\n                        <div class=\"gallery gallery_3\" data-images-in-row=\"3\">\r\n                            \r\n                            <div class=\"row m-0\">\r\n                                <a data-fancybox-group=\"button\" title=\"\" data-fancybox=\"2244\" href=\"https:\/\/us.edu.pl\/instytut\/isp\/wp-content\/uploads\/sites\/46\/Nieprzypisane\/Prace-dr-Katarzyny-Handzlik-na-Mi\u0119dzynarodowym-Konkursie-na-Ma\u0142\u0105-Form\u0119-Graficzn\u0105-1.jpg\" class=\"gallery__item thumbnail\"\r\n                                    style=\"background-image: url(https:\/\/us.edu.pl\/instytut\/isp\/wp-content\/uploads\/sites\/46\/Nieprzypisane\/Prace-dr-Katarzyny-Handzlik-na-Mi\u0119dzynarodowym-Konkursie-na-Ma\u0142\u0105-Form\u0119-Graficzn\u0105-1-897x1024.jpg)\"> <span class=\"d-none\">https:\/\/us.edu.pl\/instytut\/isp\/wp-content\/uploads\/sites\/46\/Nieprzypisane\/Prace-dr-Katarzyny-Handzlik-na-Mi\u0119dzynarodowym-Konkursie-na-Ma\u0142\u0105-Form\u0119-Graficzn\u0105-1.jpg<\/span> <\/a><a data-fancybox-group=\"button\" title=\"\" data-fancybox=\"2244\" href=\"https:\/\/us.edu.pl\/instytut\/isp\/wp-content\/uploads\/sites\/46\/Nieprzypisane\/Prace-dr-Katarzyny-Handzlik-na-Mi\u0119dzynarodowym-Konkursie-na-Ma\u0142\u0105-Form\u0119-Graficzn\u0105-2.jpg\" class=\"gallery__item thumbnail\"\r\n                                    style=\"background-image: url(https:\/\/us.edu.pl\/instytut\/isp\/wp-content\/uploads\/sites\/46\/Nieprzypisane\/Prace-dr-Katarzyny-Handzlik-na-Mi\u0119dzynarodowym-Konkursie-na-Ma\u0142\u0105-Form\u0119-Graficzn\u0105-2-897x1024.jpg)\"> <span class=\"d-none\">https:\/\/us.edu.pl\/instytut\/isp\/wp-content\/uploads\/sites\/46\/Nieprzypisane\/Prace-dr-Katarzyny-Handzlik-na-Mi\u0119dzynarodowym-Konkursie-na-Ma\u0142\u0105-Form\u0119-Graficzn\u0105-2.jpg<\/span> <\/a><a data-fancybox-group=\"button\" title=\"\" data-fancybox=\"2244\" href=\"https:\/\/us.edu.pl\/instytut\/isp\/wp-content\/uploads\/sites\/46\/Nieprzypisane\/Prace-dr-Katarzyny-Handzlik-na-Mi\u0119dzynarodowym-Konkursie-na-Ma\u0142\u0105-Form\u0119-Graficzn\u0105-3.jpg\" class=\"gallery__item thumbnail\"\r\n                                    style=\"background-image: url(https:\/\/us.edu.pl\/instytut\/isp\/wp-content\/uploads\/sites\/46\/Nieprzypisane\/Prace-dr-Katarzyny-Handzlik-na-Mi\u0119dzynarodowym-Konkursie-na-Ma\u0142\u0105-Form\u0119-Graficzn\u0105-3-897x1024.jpg)\"> <span class=\"d-none\">https:\/\/us.edu.pl\/instytut\/isp\/wp-content\/uploads\/sites\/46\/Nieprzypisane\/Prace-dr-Katarzyny-Handzlik-na-Mi\u0119dzynarodowym-Konkursie-na-Ma\u0142\u0105-Form\u0119-Graficzn\u0105-3.jpg<\/span> <\/a>\r\n                            <\/div>\r\n                    <\/div>\r\n                <\/div>[\/vc_column][\/vc_row]<\/p>","protected":false},"excerpt":{"rendered":"<p>[vc_row][vc_column][\/vc_column][\/vc_row][vc_row][vc_column][\/vc_column][\/vc_row] [&#8230;]<\/p>\n<p><a class=\"btn btn-secondary understrap-read-more-link\" href=\"https:\/\/us.edu.pl\/instytut\/isp\/2020\/11\/27\/i-miejsce-dr-katarzyny-handzlik-na-miedzynarodowym-konkursie-na-mala-forme-graficzna\/\">Read More&#8230;<\/a><\/p>\n","protected":false},"author":110,"featured_media":1322,"comment_status":"open","ping_status":"open","sticky":false,"template":"","format":"standard","meta":{"_expiration-date-status":"saved","_expiration-date":0,"_expiration-date-type":"","_expiration-date-categories":[],"_expiration-date-options":[]},"categories":[8,9],"tags":[],"acf":[],"_links":{"self":[{"href":"https:\/\/us.edu.pl\/instytut\/isp\/wp-json\/wp\/v2\/posts\/1315"}],"collection":[{"href":"https:\/\/us.edu.pl\/instytut\/isp\/wp-json\/wp\/v2\/posts"}],"about":[{"href":"https:\/\/us.edu.pl\/instytut\/isp\/wp-json\/wp\/v2\/types\/post"}],"author":[{"embeddable":true,"href":"https:\/\/us.edu.pl\/instytut\/isp\/wp-json\/wp\/v2\/users\/110"}],"replies":[{"embeddable":true,"href":"https:\/\/us.edu.pl\/instytut\/isp\/wp-json\/wp\/v2\/comments?post=1315"}],"version-history":[{"count":2,"href":"https:\/\/us.edu.pl\/instytut\/isp\/wp-json\/wp\/v2\/posts\/1315\/revisions"}],"predecessor-version":[{"id":1321,"href":"https:\/\/us.edu.pl\/instytut\/isp\/wp-json\/wp\/v2\/posts\/1315\/revisions\/1321"}],"wp:featuredmedia":[{"embeddable":true,"href":"https:\/\/us.edu.pl\/instytut\/isp\/wp-json\/wp\/v2\/media\/1322"}],"wp:attachment":[{"href":"https:\/\/us.edu.pl\/instytut\/isp\/wp-json\/wp\/v2\/media?parent=1315"}],"wp:term":[{"taxonomy":"category","embeddable":true,"href":"https:\/\/us.edu.pl\/instytut\/isp\/wp-json\/wp\/v2\/categories?post=1315"},{"taxonomy":"post_tag","embeddable":true,"href":"https:\/\/us.edu.pl\/instytut\/isp\/wp-json\/wp\/v2\/tags?post=1315"}],"curies":[{"name":"wp","href":"https:\/\/api.w.org\/{rel}","templated":true}]}}